{"id":409,"date":"2024-09-14T18:05:41","date_gmt":"2024-09-14T16:05:41","guid":{"rendered":"https:\/\/oglasi.infooglasi.rs\/oglasi\/oglasialibunar\/visoka-delegacija-posetila-stand-kompanije-dunav-osiguranje-na-sajmu-elektricnih-automobila-oglasi-alibunar\/"},"modified":"2024-09-14T18:05:41","modified_gmt":"2024-09-14T16:05:41","slug":"visoka-delegacija-posetila-stand-kompanije-dunav-osiguranje-na-sajmu-elektricnih-automobila-oglasi-alibunar","status":"publish","type":"post","link":"https:\/\/oglasi.infooglasi.rs\/oglasi\/oglasialibunar\/visoka-delegacija-posetila-stand-kompanije-dunav-osiguranje-na-sajmu-elektricnih-automobila-oglasi-alibunar\/","title":{"rendered":"Visoka delegacija posetila \u0161tand Kompanije \u201eDunav osiguranje\u201c na Sajmu elektri\u010dnih automobila &#8211; OGLASI ALIBUNAR"},"content":{"rendered":"<p><\/p>\n<div>\n<div class=\"wpb_wrapper\">\n<p>Prilikom obilaska Sajma elektri\u010dnih automobila \u201eElectric vehicle days\u201c, koji se danas i sutra odr\u017eava u Novom Sadu, \u0161tand Kompanije \u201eDunav osiguranje\u201c posetila je visoka delegacija na \u010delu sa predsednikom Vlade Republike Srbije Milo\u0161em Vu\u010devi\u0107em, predsednicom pokrajinske Vlade Majom Gojkovi\u0107 sa timom i gradona\u010delnikom Novog Sada Milanom \u0110uri\u0107em kao i mnogi stru\u010dnjaci iz sfere osiguranja i industrije elektri\u010dnih automobila.<\/p>\n<p>\u00a0<\/p>\n<p>Nakon \u0161to je sve\u010dano otvorio sajam, premijer Vu\u010devi\u0107 se u kratkom razgovoru sa direktorkom GFO Novi Sad Kompanije \u201eDunav osiguranje\u201c, Marinom Bogunovi\u0107, osvrnuo na zna\u010daj va\u017enosti osiguranja automobila. Direktorka je izvestila predsednika Vlade \u00a0da tr\u017ei\u0161no u\u010de\u0161\u0107e Kompanije \u201eDunav osiguranje\u201c u ovoj oblasti dosti\u017ee tre\u0107inu ukupno osiguranih motornih vozila. Veliki akcenat stavljen je i na visok stepen a\u017eurnosti u isplati \u0161teta.<\/p>\n<p>\u00a0<\/p>\n<p>Ova manifestacija okuplja vode\u0107e kompanije iz automobilske industrije, proizvo\u0111a\u010de komponenti, delova i softvera za elektri\u010dna vozila, kao i inovatore u oblasti punjenja i infrastrukture za elektri\u010dna i hibridna vozila.<\/p>\n<p>\u00a0<\/p>\n<p>Posetite \u201eElectric vehicle days\u201c jo\u0161 sutra, premijerno pogledajte nove modele elektri\u010dnih i hibridnih vozila i saznajte \u0161ta vas novo o\u010dekuje iz ove oblasti.<\/p>\n<p>\u00a0<\/p>\n<p>Foto: Pakt studio<\/p>\n<p>\u00a0<\/p>\n<p>\u00a0<\/p>\n<p><span data-ccp-props=\"{&quot;201341983&quot;:0,&quot;335551550&quot;:6,&quot;335551620&quot;:6,&quot;335559739&quot;:200,&quot;335559740&quot;:276}\">\u00a0<\/span><\/p>\n<p><span data-ccp-props=\"{&quot;201341983&quot;:0,&quot;335551550&quot;:6,&quot;335551620&quot;:6,&quot;335559739&quot;:200,&quot;335559740&quot;:276}\">\u00a0<\/span><\/p>\n<\/p><\/div>\n<\/p><\/div>\n<p><script>\n!function(f,b,e,v,n,t,s)\n{if(f.fbq)return;n=f.fbq=function(){n.callMethod?\nn.callMethod.apply(n,arguments):n.queue.push(arguments)};\nif(!f._fbq)f._fbq=n;n.push=n;n.loaded=!0;n.version='2.0';\nn.queue=[];t=b.createElement(e);t.async=!0;\nt.src=v;s=b.getElementsByTagName(e)[0];\ns.parentNode.insertBefore(t,s)}(window,document,'script',\n'https:\/\/connect.facebook.net\/en_US\/fbevents.js');\nfbq('init', '1473616769675193'); \nfbq('track', 'PageView');\n<\/script><br \/>\n<br \/><a href=\"https:\/\/www.dunav.com\/visoka-delegacija-posetila-stand-kompanije-dunav-osiguranje-na-sajmu-elektricnih-automobila\/\" target=\"_blank\" rel=\"noopener\">Source link <\/a><br \/>\n\n Visoka delegacija posetila \u0161tand Kompanije \u201eDunav osiguranje\u201c na Sajmu elektri\u010dnih automobila<\/p>\n","protected":false},"excerpt":{"rendered":"<p>Prilikom obilaska Sajma elektri\u010dnih automobila \u201eElectric vehicle days\u201c, koji se danas i sutra odr\u017eava u Novom Sadu, \u0161tand Kompanije \u201eDunav&hellip;<\/p>\n","protected":false},"author":1,"featured_media":410,"comment_status":"open","ping_status":"open","sticky":false,"template":"","format":"standard","meta":{"footnotes":""},"categories":[1],"tags":[],"class_list":["post-409","post","type-post","status-publish","format-standard","has-post-thumbnail","hentry","category-oglasi-alibunar"],"_links":{"self":[{"href":"https:\/\/oglasi.infooglasi.rs\/oglasi\/oglasialibunar\/wp-json\/wp\/v2\/posts\/409","targetHints":{"allow":["GET"]}}],"collection":[{"href":"https:\/\/oglasi.infooglasi.rs\/oglasi\/oglasialibunar\/wp-json\/wp\/v2\/posts"}],"about":[{"href":"https:\/\/oglasi.infooglasi.rs\/oglasi\/oglasialibunar\/wp-json\/wp\/v2\/types\/post"}],"author":[{"embeddable":true,"href":"https:\/\/oglasi.infooglasi.rs\/oglasi\/oglasialibunar\/wp-json\/wp\/v2\/users\/1"}],"replies":[{"embeddable":true,"href":"https:\/\/oglasi.infooglasi.rs\/oglasi\/oglasialibunar\/wp-json\/wp\/v2\/comments?post=409"}],"version-history":[{"count":0,"href":"https:\/\/oglasi.infooglasi.rs\/oglasi\/oglasialibunar\/wp-json\/wp\/v2\/posts\/409\/revisions"}],"wp:featuredmedia":[{"embeddable":true,"href":"https:\/\/oglasi.infooglasi.rs\/oglasi\/oglasialibunar\/wp-json\/wp\/v2\/media\/410"}],"wp:attachment":[{"href":"https:\/\/oglasi.infooglasi.rs\/oglasi\/oglasialibunar\/wp-json\/wp\/v2\/media?parent=409"}],"wp:term":[{"taxonomy":"category","embeddable":true,"href":"https:\/\/oglasi.infooglasi.rs\/oglasi\/oglasialibunar\/wp-json\/wp\/v2\/categories?post=409"},{"taxonomy":"post_tag","embeddable":true,"href":"https:\/\/oglasi.infooglasi.rs\/oglasi\/oglasialibunar\/wp-json\/wp\/v2\/tags?post=409"}],"curies":[{"name":"wp","href":"https:\/\/api.w.org\/{rel}","templated":true}]}}