{"id":622,"date":"2025-04-11T05:57:28","date_gmt":"2025-04-11T03:57:28","guid":{"rendered":"https:\/\/oglasi.infooglasi.rs\/oglasi\/oglasibabusnica\/jkp-mediana-nis-uredjenje-grada-in-info-oglasi-babusnica-4\/"},"modified":"2025-04-11T05:57:28","modified_gmt":"2025-04-11T03:57:28","slug":"jkp-mediana-nis-uredjenje-grada-in-info-oglasi-babusnica-4","status":"publish","type":"post","link":"https:\/\/oglasi.infooglasi.rs\/oglasi\/oglasibabusnica\/jkp-mediana-nis-uredjenje-grada-in-info-oglasi-babusnica-4\/","title":{"rendered":"JKP \u201eMediana\u201c Ni\u0161 \u2013 Ure\u0111enje grada \u2013 IN info &#8211; OGLASI BABU\u0160NICA"},"content":{"rendered":"<p><\/p>\n<div>\n<div class=\"bt_bb_wrapper\">\n<p>Na teritoriji grada Ni\u0161a, JKP \u201eMediana\u201c Ni\u0161 u \u010detvrtak 10. aprila 2025. godine radi\u0107e na pra\u017enjenju malih korpi, uklanjanju uli\u010dnog otpada i redovnom pra\u017enjenju podzemnih i nadzemnih kontejnera. Tokom ove nedelje vr\u0161i se farbanje i zamena \u0161tafni na parkovskim klupama kao i redovno ure\u0111enje mobilijara.<\/p>\n<p>Raspored ure\u0111enja javnih povr\u0161ina:<\/p>\n<ul>\n<li>Stanka Vlasotin\u010danina<\/li>\n<li>Marije Bursa\u0107<\/li>\n<li>Deligradska<\/li>\n<li>Raji\u0107eva<\/li>\n<li>Ljubi\u0107ska<\/li>\n<li>Trg U\u010ditelj Tase<\/li>\n<li>Janka Veselinovi\u0107a<\/li>\n<li>Obla\u010di\u0107a Rada<\/li>\n<li>Dobrice Milutinovi\u0107a<\/li>\n<li>Ivana Gunduli\u0107a<\/li>\n<li>\u010cairska<\/li>\n<li>Filipa Vi\u0161nji\u0107a<\/li>\n<li>Branislava Nu\u0161i\u0107a<\/li>\n<li>Josipa Pan\u010di\u0107a<\/li>\n<li>Prvomajska<\/li>\n<li>Gen. Bo\u017ee Jankovi\u0107a<\/li>\n<li>Vojvode Vuka<\/li>\n<li>Kralja Vuka\u0161ina<\/li>\n<li>Pre\u0161ernova<\/li>\n<li>Primorska<\/li>\n<\/ul>\n<p>Prema dana\u0161njem planu i programu na vi\u0161e lokacija u gradu ekipe radi\u0107e na ure\u0111enju blokovskog zelenila i odr\u017eavanju kvartova.<\/p>\n<ul>\n<li>Obili\u0107ev venac: freziranje, sejanje trave<\/li>\n<li>Kneginje Ljubice: \u010di\u0161\u0107enje<\/li>\n<li>Generala Milojka Le\u0161janina: \u010di\u0161\u0107enje<\/li>\n<li>Sime Matavulja: \u010di\u0161\u0107enje<\/li>\n<li>Vardarska: \u010di\u0161\u0107enje<\/li>\n<li>Bulevar Namanji\u0107a-kru\u017eni tok: pra\u0161enje ru\u017ea<\/li>\n<li>Sarajevska: \u010di\u0161\u0107enje,ko\u0161enje<\/li>\n<li>Tro\u0161arina: \u010di\u0161\u0107enje<\/li>\n<li>Duvani\u0161te: \u010di\u0161\u0107enje<\/li>\n<li>Somborska: \u010di\u0161\u0107enje\n<p><figure id=\"attachment_18508\" aria-describedby=\"caption-attachment-18508\" style=\"width: 640px\" class=\"wp-caption aligncenter\"><img decoding=\"async\" loading=\"lazy\" class=\"size-medium wp-image-18508\" src=\"https:\/\/www.ininfo.rs\/wp-content\/uploads\/2023\/01\/JKP-Mediana-640x640.jpg\" alt=\"\" width=\"640\" height=\"640\" srcset=\"https:\/\/www.ininfo.rs\/wp-content\/uploads\/2023\/01\/JKP-Mediana-640x640.jpg 640w, https:\/\/www.ininfo.rs\/wp-content\/uploads\/2023\/01\/JKP-Mediana-160x160.jpg 160w, https:\/\/www.ininfo.rs\/wp-content\/uploads\/2023\/01\/JKP-Mediana-320x320.jpg 320w, https:\/\/www.ininfo.rs\/wp-content\/uploads\/2023\/01\/JKP-Mediana.jpg 900w\" sizes=\"auto, (max-width: 640px) 100vw, 640px\"\/><figcaption id=\"caption-attachment-18508\" class=\"wp-caption-text\">foto: JKP Mediana<\/figcaption><\/figure>\n<\/p>\n<\/li>\n<\/ul>\n<p>&#13;<br \/>\n\t\t\t\t<span class=\"post-views-icon dashicons dashicons-chart-bar\"\/> <span class=\"post-views-label\">Broj poseta:<\/span> <span class=\"post-views-count\">19<\/span>&#13;\n\t\t\t<\/p>\n<\/div>\n<\/div>\n<p><a href=\"https:\/\/www.ininfo.rs\/2025\/04\/10\/jkp-mediana-nis-uredjenje-grada-45\/\" target=\"_blank\" rel=\"noopener\">Source link <\/a><br \/>\n\n JKP \u201eMediana\u201c Ni\u0161 \u2013 Ure\u0111enje grada \u2013 IN info<\/p>\n","protected":false},"excerpt":{"rendered":"<p>Na teritoriji grada Ni\u0161a, JKP \u201eMediana\u201c Ni\u0161 u \u010detvrtak 10. aprila 2025. godine radi\u0107e na pra\u017enjenju malih korpi, uklanjanju uli\u010dnog&hellip;<\/p>\n","protected":false},"author":1,"featured_media":611,"comment_status":"open","ping_status":"open","sticky":false,"template":"","format":"standard","meta":{"footnotes":""},"categories":[1],"tags":[],"class_list":["post-622","post","type-post","status-publish","format-standard","has-post-thumbnail","hentry","category-oglasi-babusnica"],"_links":{"self":[{"href":"https:\/\/oglasi.infooglasi.rs\/oglasi\/oglasibabusnica\/wp-json\/wp\/v2\/posts\/622","targetHints":{"allow":["GET"]}}],"collection":[{"href":"https:\/\/oglasi.infooglasi.rs\/oglasi\/oglasibabusnica\/wp-json\/wp\/v2\/posts"}],"about":[{"href":"https:\/\/oglasi.infooglasi.rs\/oglasi\/oglasibabusnica\/wp-json\/wp\/v2\/types\/post"}],"author":[{"embeddable":true,"href":"https:\/\/oglasi.infooglasi.rs\/oglasi\/oglasibabusnica\/wp-json\/wp\/v2\/users\/1"}],"replies":[{"embeddable":true,"href":"https:\/\/oglasi.infooglasi.rs\/oglasi\/oglasibabusnica\/wp-json\/wp\/v2\/comments?post=622"}],"version-history":[{"count":0,"href":"https:\/\/oglasi.infooglasi.rs\/oglasi\/oglasibabusnica\/wp-json\/wp\/v2\/posts\/622\/revisions"}],"wp:featuredmedia":[{"embeddable":true,"href":"https:\/\/oglasi.infooglasi.rs\/oglasi\/oglasibabusnica\/wp-json\/wp\/v2\/media\/611"}],"wp:attachment":[{"href":"https:\/\/oglasi.infooglasi.rs\/oglasi\/oglasibabusnica\/wp-json\/wp\/v2\/media?parent=622"}],"wp:term":[{"taxonomy":"category","embeddable":true,"href":"https:\/\/oglasi.infooglasi.rs\/oglasi\/oglasibabusnica\/wp-json\/wp\/v2\/categories?post=622"},{"taxonomy":"post_tag","embeddable":true,"href":"https:\/\/oglasi.infooglasi.rs\/oglasi\/oglasibabusnica\/wp-json\/wp\/v2\/tags?post=622"}],"curies":[{"name":"wp","href":"https:\/\/api.w.org\/{rel}","templated":true}]}}