{"id":1540,"date":"2025-03-31T18:27:06","date_gmt":"2025-03-31T16:27:06","guid":{"rendered":"https:\/\/oglasi.infooglasi.rs\/oglasi\/oglasibeogradlazarevac\/cekaju-nas-mini-odmori-tokom-aprila-i-maja-neradni-dani-spajaju-se-sa-vikendom-a-evo-ko-ima-pravo-na-duplu-dnevnicu-oglasi-lazarevac\/"},"modified":"2025-03-31T18:27:06","modified_gmt":"2025-03-31T16:27:06","slug":"cekaju-nas-mini-odmori-tokom-aprila-i-maja-neradni-dani-spajaju-se-sa-vikendom-a-evo-ko-ima-pravo-na-duplu-dnevnicu-oglasi-lazarevac","status":"publish","type":"post","link":"https:\/\/oglasi.infooglasi.rs\/oglasi\/oglasibeogradlazarevac\/cekaju-nas-mini-odmori-tokom-aprila-i-maja-neradni-dani-spajaju-se-sa-vikendom-a-evo-ko-ima-pravo-na-duplu-dnevnicu-oglasi-lazarevac\/","title":{"rendered":"\u010cEKAJU NAS MINI-ODMORI TOKOM APRILA I MAJA! Neradni dani spajaju se sa vikendom, a evo ko ima pravo na duplu dnevnicu &#8211; OGLASI LAZAREVAC"},"content":{"rendered":"<p><\/p>\n<div>\n<p>&#13;<br \/>\n\t\t\t\t<span class=\"post-views-icon dashicons dashicons-groups\"\/> <span class=\"post-views-label\">Broj pregleda:<\/span> <span class=\"post-views-count\">112<\/span>&#13;\n\t\t\t<\/p>\n<div class=\"juiz_sps_links  counters_both juiz_sps_displayed_top\" data-post-id=\"7005\">\n<p class=\"screen-reader-text juiz_sps_maybe_hidden_text\">Share the post &#8220;\u010cEKAJU NAS MINI-ODMORI TOKOM APRILA I MAJA! Neradni dani spajaju se sa vikendom, a evo ko ima pravo na duplu dnevnicu&#8221;<\/p>\n<\/p><\/div>\n<p>Izvor \/ Kurir<\/p>\n<h4>Sa dolaskom aprila, gra\u0111ani Srbije mogu da se raduju predstoje\u0107im praznicima koji donose nekoliko uzastopnih neradnih dana.<\/h4>\n<p><img loading=\"lazy\" decoding=\"async\" class=\"aligncenter wp-image-7007 size-full\" src=\"https:\/\/kissinfo.rs\/wp-content\/uploads\/2025\/03\/kjkdgh.jpg\" alt=\"\" width=\"903\" height=\"665\" srcset=\"https:\/\/kissinfo.rs\/wp-content\/uploads\/2025\/03\/kjkdgh.jpg 903w, https:\/\/kissinfo.rs\/wp-content\/uploads\/2025\/03\/kjkdgh-300x221.jpg 300w, https:\/\/kissinfo.rs\/wp-content\/uploads\/2025\/03\/kjkdgh-768x566.jpg 768w\" sizes=\"auto, (max-width: 903px) 100vw, 903px\"\/><\/p>\n<p>Ove godine, Vaskrs i Praznik rada omogu\u0107avaju du\u017ee odmore, a evo kada mo\u017eete o\u010dekivati slobodne dane.<\/p>\n<p><strong>\u010cetiri slobodna dana za Vaskrs<\/strong><\/p>\n<p>Ove godine, pravoslavni i katoli\u010dki vernici praznuju Vaskrs istog datuma, \u0161to zna\u010di da \u0107e neradni dani biti od 18. do 21. aprila. Poslednji radni dan pred praznik bi\u0107e \u010detvrtak, 17. april, dok se na posao vra\u0107amo u utorak, 22. aprila. Ovaj mini-odmor pru\u017ea odli\u010dnu priliku za porodi\u010dna okupljanja i putovanja.<\/p>\n<p><strong>Prvi maj donosi jo\u0161 \u010detiri neradna dana<\/strong><\/p>\n<p>Nakon vaskr\u0161njih praznika, sledi jo\u0161 jedan produ\u017eeni odmor. Praznik rada obele\u017eava se neradno 1. i 2. maja, koji padaju u \u010detvrtak i petak. Kada se tome doda vikend, ponovo se dobija \u010detiri dana odmora \u2013 od \u010detvrtka do nedelje.<\/p>\n<p><img loading=\"lazy\" decoding=\"async\" class=\"aligncenter wp-image-7008 size-full\" src=\"https:\/\/kissinfo.rs\/wp-content\/uploads\/2025\/03\/gggf.jpg\" alt=\"\" width=\"1027\" height=\"652\" srcset=\"https:\/\/kissinfo.rs\/wp-content\/uploads\/2025\/03\/gggf.jpg 1027w, https:\/\/kissinfo.rs\/wp-content\/uploads\/2025\/03\/gggf-300x190.jpg 300w, https:\/\/kissinfo.rs\/wp-content\/uploads\/2025\/03\/gggf-1024x650.jpg 1024w, https:\/\/kissinfo.rs\/wp-content\/uploads\/2025\/03\/gggf-768x488.jpg 768w\" sizes=\"auto, (max-width: 1027px) 100vw, 1027px\"\/><\/p>\n<p><strong>Ko ne radi tokom dr\u017eavnih praznika?<\/strong><\/p>\n<p>Prema va\u017ee\u0107im propisima, za vreme dr\u017eavnih i verskih praznika ne rade dr\u017eavni organi, privredna dru\u0161tva i drugi subjekti, osim u slu\u010dajevima kada bi prekid rada doveo do \u0161tetnih posledica po gra\u0111ane i dr\u017eavu. Tako\u0111e, kompanije \u010dija delatnost zahteva neprekidan rad mogu nastaviti sa poslovanjem i tokom praznika.<\/p>\n<p><strong>Prava zaposlenih na praznik<\/strong><\/p>\n<p>Radnici koji su anga\u017eovani tokom neradnih dana imaju pravo na uve\u0107anu zaradu za rad na praznik. Osim toga, poslodavci mogu omogu\u0107iti zamenski slobodan dan ukoliko posao zahteva prisustvo zaposlenih tokom praznika.<\/p>\n<\/p><\/div>\n<p><a href=\"https:\/\/kissinfo.rs\/cekaju-nas-mini-odmori-tokom-aprila-i-maja-neradni-dani-spajaju-se-sa-vikendom-a-evo-ko-ima-pravo-na-duplu-dnevnicu\/\" target=\"_blank\" rel=\"noopener\">Source link <\/a><br \/>\n\n \u010cEKAJU NAS MINI-ODMORI TOKOM APRILA I MAJA! Neradni dani spajaju se sa vikendom, a evo ko ima pravo na duplu dnevnicu<\/p>\n","protected":false},"excerpt":{"rendered":"<p>&#13; Broj pregleda: 112&#13; Share the post &#8220;\u010cEKAJU NAS MINI-ODMORI TOKOM APRILA I MAJA! Neradni dani spajaju se sa vikendom,&hellip;<\/p>\n","protected":false},"author":1,"featured_media":1541,"comment_status":"open","ping_status":"open","sticky":false,"template":"","format":"standard","meta":{"footnotes":""},"categories":[1],"tags":[],"class_list":["post-1540","post","type-post","status-publish","format-standard","has-post-thumbnail","hentry","category-oglasi-lazarevac"],"_links":{"self":[{"href":"https:\/\/oglasi.infooglasi.rs\/oglasi\/oglasibeogradlazarevac\/wp-json\/wp\/v2\/posts\/1540","targetHints":{"allow":["GET"]}}],"collection":[{"href":"https:\/\/oglasi.infooglasi.rs\/oglasi\/oglasibeogradlazarevac\/wp-json\/wp\/v2\/posts"}],"about":[{"href":"https:\/\/oglasi.infooglasi.rs\/oglasi\/oglasibeogradlazarevac\/wp-json\/wp\/v2\/types\/post"}],"author":[{"embeddable":true,"href":"https:\/\/oglasi.infooglasi.rs\/oglasi\/oglasibeogradlazarevac\/wp-json\/wp\/v2\/users\/1"}],"replies":[{"embeddable":true,"href":"https:\/\/oglasi.infooglasi.rs\/oglasi\/oglasibeogradlazarevac\/wp-json\/wp\/v2\/comments?post=1540"}],"version-history":[{"count":0,"href":"https:\/\/oglasi.infooglasi.rs\/oglasi\/oglasibeogradlazarevac\/wp-json\/wp\/v2\/posts\/1540\/revisions"}],"wp:featuredmedia":[{"embeddable":true,"href":"https:\/\/oglasi.infooglasi.rs\/oglasi\/oglasibeogradlazarevac\/wp-json\/wp\/v2\/media\/1541"}],"wp:attachment":[{"href":"https:\/\/oglasi.infooglasi.rs\/oglasi\/oglasibeogradlazarevac\/wp-json\/wp\/v2\/media?parent=1540"}],"wp:term":[{"taxonomy":"category","embeddable":true,"href":"https:\/\/oglasi.infooglasi.rs\/oglasi\/oglasibeogradlazarevac\/wp-json\/wp\/v2\/categories?post=1540"},{"taxonomy":"post_tag","embeddable":true,"href":"https:\/\/oglasi.infooglasi.rs\/oglasi\/oglasibeogradlazarevac\/wp-json\/wp\/v2\/tags?post=1540"}],"curies":[{"name":"wp","href":"https:\/\/api.w.org\/{rel}","templated":true}]}}