{"id":1238,"date":"2025-05-11T13:29:33","date_gmt":"2025-05-11T11:29:33","guid":{"rendered":"https:\/\/oglasi.infooglasi.rs\/oglasi\/oglasibeogradmladenovac\/duseci-za-decu-odaberite-dusek-za-decu-oglasi-mladenovac-2\/"},"modified":"2025-05-11T13:29:33","modified_gmt":"2025-05-11T11:29:33","slug":"duseci-za-decu-odaberite-dusek-za-decu-oglasi-mladenovac-2","status":"publish","type":"post","link":"https:\/\/oglasi.infooglasi.rs\/oglasi\/oglasibeogradmladenovac\/duseci-za-decu-odaberite-dusek-za-decu-oglasi-mladenovac-2\/","title":{"rendered":"Du\u0161eci za decu &#8211; odaberite du\u0161ek za decu &#8211; OGLASI MLADENOVAC"},"content":{"rendered":"<p><\/p>\n<div style=\"float:left; width:100%;\" id=\"post-11432\">\n<p>Kvalitetan san je klju\u010dan za rast i razvoj dece. Zato je izbor pravog <a href=\"https:\/\/lederlux.rs\/product-category\/duseci\/\" target=\"_blank\" rel=\"noopener\">du\u0161eka za krevet<\/a> izuzetno va\u017ean kako bi va\u0161e dete imalo sigurno, udobno i zdravo okru\u017eenje za spavanje. Na\u0161 asortiman <strong>du\u0161eka za decu<\/strong> osmi\u0161ljen je sa posebnom pa\u017enjom prema potrebama najmla\u0111ih, pru\u017eaju\u0107i optimalnu podr\u0161ku telu i osiguravaju\u0107i miran san tokom no\u0107i.<\/p>\n<h2>Za\u0161to su du\u0161eci za decu va\u017eni?<\/h2>\n<p>Dete provodi veliki deo svog dana spavaju\u0107i, posebno u prvim godinama \u017eivota. Kvalitetan <strong>de\u010diji du\u0161ek<\/strong> pru\u017ea pravilnu potporu ki\u010dmi i osigurava da se telo razvija u pravilnom polo\u017eaju, \u0161to je klju\u010dno za posturalni razvoj i prevenciju deformacija. Na\u0161i du\u0161eci za decu napravljeni su od bezbednih i hipoalergenih materijala, koji su prilago\u0111eni osetljivoj de\u010dijoj ko\u017ei, \u0161to dodatno doprinosi bezbednosti va\u0161eg deteta.<\/p>\n<h2>Karakteristike na\u0161ih du\u0161eka za decu:<\/h2>\n<p><strong>Optimalna tvrdo\u0107a<\/strong> \u2013 Du\u0161eci pru\u017eaju odgovaraju\u0107u \u010dvrstinu koja podr\u017eava rastu\u0107e telo, bez prekomernog optere\u0107enja na ki\u010dmu.<\/p>\n<p><strong>Antialergijski materijali<\/strong> \u2013 Napravljeni od materijala koji spre\u010davaju razvoj grinja i bakterija, idealni su za decu sklonu alergijama.<\/p>\n<p><strong>Prilago\u0111ene dimenzije<\/strong> \u2013 U ponudi su razli\u010dite dimenzije koje odgovaraju kreveti\u0107ima i krevetima za decu svih uzrasta.<\/p>\n<p><strong>Dugotrajnost i izdr\u017eljivost<\/strong> \u2013 Na\u0161i du\u0161eci zadr\u017eavaju svoju formu tokom godina, \u010dak i uz svakodnevnu upotrebu.<\/p>\n<p><strong>Lako odr\u017eavanje<\/strong> \u2013 Svi du\u0161eci dolaze sa perivim navlakama koje se jednostavno odr\u017eavaju i \u010duvaju sve\u017einu.<\/p>\n<h2>Kako izabrati pravi du\u0161ek za dete?<\/h2>\n<p>Prilikom odabira du\u0161eka za decu, va\u017eno je obratiti pa\u017enju na veli\u010dinu, materijale i tvrdo\u0107u du\u0161eka. Preporu\u010duje se da du\u0161ek bude dovoljno \u010dvrst da pru\u017ei potporu telu, ali i dovoljno udoban da omogu\u0107i opu\u0161tanje mi\u0161i\u0107a tokom sna. Tako\u0111e, vodite ra\u010duna o hipoalergenim svojstvima materijala, kako bi se smanjio rizik od alergijskih reakcija kod dece.<\/p>\n<h2>Du\u0161eci za sve uzraste<\/h2>\n<p>Bilo da tra\u017eite du\u0161ek za bebu, mali\u0161ana ili tinejd\u017eera, na\u0161a ponuda pokriva sve uzraste. Posebno smo se posvetili razvoju ergonomskih re\u0161enja koja podr\u017eavaju pravilan razvoj dece od najranijih dana, obezbe\u0111uju\u0107i miran san i sigurnost.<\/p>\n<h2>Zdrav san \u2013 osnova za sre\u0107no detinjstvo<\/h2>\n<p>Na\u0161i <strong>du\u0161eci za decu<\/strong> osiguravaju optimalne uslove za san, poma\u017eu\u0107i va\u0161em detetu da se odmori i probudi puno energije za svakodnevne izazove. Investirajte u zdravlje i budu\u0107nost svog deteta uz kvalitetan du\u0161ek koji pru\u017ea sigurnost, udobnost i dugotrajnu upotrebu.<\/p>\n<p>Kupovinom kod nas, osiguravate svom detetu najbolji po\u010detak svakog dana! Posetite na\u0161u ponudu du\u0161eka za decu i pru\u017eite im najbolji san koji zaslu\u017euju.<\/p>\n<\/div>\n<p><a href=\"https:\/\/lederlux.rs\/duseci-za-decu-odaberite-dusek-za-decu\/\" target=\"_blank\" rel=\"noopener\">Source link <\/a><br \/>\n\n Du\u0161eci za decu &#8211; odaberite du\u0161ek za decu<\/p>\n","protected":false},"excerpt":{"rendered":"<p>Kvalitetan san je klju\u010dan za rast i razvoj dece. Zato je izbor pravog du\u0161eka za krevet izuzetno va\u017ean kako bi&hellip;<\/p>\n","protected":false},"author":1,"featured_media":0,"comment_status":"open","ping_status":"open","sticky":false,"template":"","format":"standard","meta":{"footnotes":""},"categories":[1],"tags":[],"class_list":["post-1238","post","type-post","status-publish","format-standard","hentry","category-oglasi-mladenovac"],"_links":{"self":[{"href":"https:\/\/oglasi.infooglasi.rs\/oglasi\/oglasibeogradmladenovac\/wp-json\/wp\/v2\/posts\/1238","targetHints":{"allow":["GET"]}}],"collection":[{"href":"https:\/\/oglasi.infooglasi.rs\/oglasi\/oglasibeogradmladenovac\/wp-json\/wp\/v2\/posts"}],"about":[{"href":"https:\/\/oglasi.infooglasi.rs\/oglasi\/oglasibeogradmladenovac\/wp-json\/wp\/v2\/types\/post"}],"author":[{"embeddable":true,"href":"https:\/\/oglasi.infooglasi.rs\/oglasi\/oglasibeogradmladenovac\/wp-json\/wp\/v2\/users\/1"}],"replies":[{"embeddable":true,"href":"https:\/\/oglasi.infooglasi.rs\/oglasi\/oglasibeogradmladenovac\/wp-json\/wp\/v2\/comments?post=1238"}],"version-history":[{"count":0,"href":"https:\/\/oglasi.infooglasi.rs\/oglasi\/oglasibeogradmladenovac\/wp-json\/wp\/v2\/posts\/1238\/revisions"}],"wp:attachment":[{"href":"https:\/\/oglasi.infooglasi.rs\/oglasi\/oglasibeogradmladenovac\/wp-json\/wp\/v2\/media?parent=1238"}],"wp:term":[{"taxonomy":"category","embeddable":true,"href":"https:\/\/oglasi.infooglasi.rs\/oglasi\/oglasibeogradmladenovac\/wp-json\/wp\/v2\/categories?post=1238"},{"taxonomy":"post_tag","embeddable":true,"href":"https:\/\/oglasi.infooglasi.rs\/oglasi\/oglasibeogradmladenovac\/wp-json\/wp\/v2\/tags?post=1238"}],"curies":[{"name":"wp","href":"https:\/\/api.w.org\/{rel}","templated":true}]}}