{"id":1319,"date":"2024-10-12T04:05:20","date_gmt":"2024-10-12T02:05:20","guid":{"rendered":"https:\/\/oglasi.infooglasi.rs\/oglasi\/oglasibeogradobrenovac\/obrenovacki-tramvaj-oglasi-obrenovac\/"},"modified":"2024-10-12T04:05:20","modified_gmt":"2024-10-12T02:05:20","slug":"obrenovacki-tramvaj-oglasi-obrenovac","status":"publish","type":"post","link":"https:\/\/oglasi.infooglasi.rs\/oglasi\/oglasibeogradobrenovac\/obrenovacki-tramvaj-oglasi-obrenovac\/","title":{"rendered":"Obrenova\u010dki tramvaj &#8211; OGLASI OBRENOVAC"},"content":{"rendered":"<p><\/p>\n<div id=\"post-2197\">\n<div class=\"post-thumbnail\">\n\t\t\t\t<img loading=\"lazy\" width=\"441\" height=\"296\" src=\"https:\/\/obrenovac.org\/wp-content\/uploads\/2022\/06\/288802373_10160377398458641_6133699084454795953_n.jpg\" class=\"attachment-wp-diary-full-width size-wp-diary-full-width wp-post-image\" alt=\"\" decoding=\"async\" srcset=\"https:\/\/obrenovac.org\/wp-content\/uploads\/2022\/06\/288802373_10160377398458641_6133699084454795953_n.jpg 441w, https:\/\/obrenovac.org\/wp-content\/uploads\/2022\/06\/288802373_10160377398458641_6133699084454795953_n-300x201.jpg 300w\" sizes=\"auto, (max-width: 441px) 100vw, 441px\"\/>\t\t\t<\/div>\n<p><!-- .post-thumbnail --><\/p>\n<p>\t<!-- .entry-header --><\/p>\n<p>\t<!-- .entry-meta --><\/p>\n<div class=\"entry-content\">\n<p>Pored svih svima nama poznatih vidova prevoza, u Obrenovcu je saobra\u0107ao i tramvaj! I to ne onakav kakav se mogao videti u svim mnogo ve\u0107im i zna\u010dajnijim varo\u0161ima od nas, nego posve poseban i namenski \u2013 \u0111a\u010dki! A o njemu su \u010dak i novine pisale (\u201ePolitika\u201c, 21. novembar 1937.). E, sad, novine k\u2019o novine, i onda i sad, donosile vesti razne\u2026 <span id=\"more-2197\"\/><br \/>No, evo pri\u010de:<br \/>Tokom 1937. godine Aleksandar Simovi\u0107, industrijalac, dao je da se napravi naro\u010dito vozilo. Li\u010dilo je na zatvoreni fijaker koji su vukla dva konja. Dva puta dnevno prevozio je gimnazijalce \u2013 iz Zabre\u017eja do Obrenovca i nazad. \u0160kolarci su tako bili po\u0161te\u0111eni dugog pe\u0161a\u010denja po ki\u0161i, blatu, vetru i snegu. Da je bio prava atrakcija, nema sumnje, a zadovoljni \u0161kolarci mu nadenu\u0161e ime \u201e\u0111a\u010dki tramvaj\u201c.<br \/>Na novinskoj fotografiji vide se ovo vozilo i gimnazijalci pred onda\u0161njom zgradom obrenova\u010dke gimnazije (u dana\u0161oj ulici \u041aralja Petra).<\/p>\n<p>\u00a0Ivana Jano\u0161evi\u0107<\/p>\n<p><!-- Facebook Comments Plugin for WordPress: http:\/\/peadig.com\/wordpress-plugins\/facebook-comments\/ --><\/p>\n<h3>Comments<\/h3>\n<p><comments-count href=\"https:\/\/obrenovac.org\/obrenovacki-tramvaj\/\"\/> comments<\/p>\n<\/p><\/div>\n<p> <!-- .entry-content --><\/p>\n<p>\t<!-- .entry-footer --><\/p>\n<div class=\"mt-author-box\">\n<div class=\"mt-author__avatar\">\n\t\t\t<img loading=\"lazy\" alt=\"\" src=\"https:\/\/secure.gravatar.com\/avatar\/54babffef768dc0e42b8b54aefe3ada2?s=96&amp;d=mm&amp;r=g\" srcset=\"https:\/\/secure.gravatar.com\/avatar\/54babffef768dc0e42b8b54aefe3ada2?s=96&amp;d=mm&amp;r=g 2x\" class=\"avatar avatar-96 photo\" height=\"96\" width=\"96\" decoding=\"async\"\/>\t\t<\/div>\n<p><!-- .mt-author-avatar --><\/p>\n<p>\t<!-- .mt-author-info --><\/p>\n<\/div>\n<p><!-- .mt-author-bio --><\/p>\n<\/div>\n<p><script>(function (d, s, id) {\n                    var js, fjs = d.getElementsByTagName(s)[0];\n                    if (d.getElementById(id))\n                        return;\n                    js = d.createElement(s);\n                    js.id = id;\n                    js.src = \"\/\/connect.facebook.net\/en_US\/sdk.js#xfbml=1&version=v2.0\";\n                    fjs.parentNode.insertBefore(js, fjs);\n                }(document, 'script', 'facebook-jssdk'));<\/script><script>(function(d, s, id) {\n  var js, fjs = d.getElementsByTagName(s)[0];\n  if (d.getElementById(id)) return;\n  js = d.createElement(s); js.id = id;\n  js.src = \"\/\/connect.facebook.net\/en_US\/sdk.js#xfbml=1&appId=1044268122299226&version=v2.3\";\n  fjs.parentNode.insertBefore(js, fjs);\n}(document, 'script', 'facebook-jssdk'));<\/script><br \/>\n<br \/><a href=\"https:\/\/obrenovac.org\/obrenovacki-tramvaj\/\" target=\"_blank\" rel=\"noopener\">Source link <\/a><br \/>\n\n Obrenova\u010dki tramvaj<\/p>\n","protected":false},"excerpt":{"rendered":"<p>Pored svih svima nama poznatih vidova prevoza, u Obrenovcu je saobra\u0107ao i tramvaj! I to ne onakav kakav se mogao&hellip;<\/p>\n","protected":false},"author":1,"featured_media":1320,"comment_status":"open","ping_status":"open","sticky":false,"template":"","format":"standard","meta":{"footnotes":""},"categories":[1],"tags":[],"class_list":["post-1319","post","type-post","status-publish","format-standard","has-post-thumbnail","hentry","category-oglasi-obrenovac"],"_links":{"self":[{"href":"https:\/\/oglasi.infooglasi.rs\/oglasi\/oglasibeogradobrenovac\/wp-json\/wp\/v2\/posts\/1319","targetHints":{"allow":["GET"]}}],"collection":[{"href":"https:\/\/oglasi.infooglasi.rs\/oglasi\/oglasibeogradobrenovac\/wp-json\/wp\/v2\/posts"}],"about":[{"href":"https:\/\/oglasi.infooglasi.rs\/oglasi\/oglasibeogradobrenovac\/wp-json\/wp\/v2\/types\/post"}],"author":[{"embeddable":true,"href":"https:\/\/oglasi.infooglasi.rs\/oglasi\/oglasibeogradobrenovac\/wp-json\/wp\/v2\/users\/1"}],"replies":[{"embeddable":true,"href":"https:\/\/oglasi.infooglasi.rs\/oglasi\/oglasibeogradobrenovac\/wp-json\/wp\/v2\/comments?post=1319"}],"version-history":[{"count":0,"href":"https:\/\/oglasi.infooglasi.rs\/oglasi\/oglasibeogradobrenovac\/wp-json\/wp\/v2\/posts\/1319\/revisions"}],"wp:featuredmedia":[{"embeddable":true,"href":"https:\/\/oglasi.infooglasi.rs\/oglasi\/oglasibeogradobrenovac\/wp-json\/wp\/v2\/media\/1320"}],"wp:attachment":[{"href":"https:\/\/oglasi.infooglasi.rs\/oglasi\/oglasibeogradobrenovac\/wp-json\/wp\/v2\/media?parent=1319"}],"wp:term":[{"taxonomy":"category","embeddable":true,"href":"https:\/\/oglasi.infooglasi.rs\/oglasi\/oglasibeogradobrenovac\/wp-json\/wp\/v2\/categories?post=1319"},{"taxonomy":"post_tag","embeddable":true,"href":"https:\/\/oglasi.infooglasi.rs\/oglasi\/oglasibeogradobrenovac\/wp-json\/wp\/v2\/tags?post=1319"}],"curies":[{"name":"wp","href":"https:\/\/api.w.org\/{rel}","templated":true}]}}