{"id":1541,"date":"2024-11-27T01:19:02","date_gmt":"2024-11-27T00:19:02","guid":{"rendered":"https:\/\/oglasi.infooglasi.rs\/oglasi\/oglasibeogradpalilula\/prvi-kongres-otorinolaringologa-crne-gore-sa-medjunarodnim-ucescem-alpen-pharma-serbia-oglasi-palilula\/"},"modified":"2024-11-27T01:19:02","modified_gmt":"2024-11-27T00:19:02","slug":"prvi-kongres-otorinolaringologa-crne-gore-sa-medjunarodnim-ucescem-alpen-pharma-serbia-oglasi-palilula","status":"publish","type":"post","link":"https:\/\/oglasi.infooglasi.rs\/oglasi\/oglasibeogradpalilula\/prvi-kongres-otorinolaringologa-crne-gore-sa-medjunarodnim-ucescem-alpen-pharma-serbia-oglasi-palilula\/","title":{"rendered":"Prvi kongres otorinolaringologa Crne Gore sa me\u0111unarodnim u\u010de\u0161\u0107em \u2013 Alpen Pharma Serbia &#8211; OGLASI PALILULA"},"content":{"rendered":"<p><\/p>\n<div id=\"content\">\n<p>\u0423\u043d\u0435\u0441\u0438\u0442\u0435 \u043d\u0435\u043a\u0435 \u043a\u0459\u0443\u0447\u043d\u0435 \u0440\u0435\u0447\u0438.<\/p>\n<div class=\"allmargin-background\">\n<div class=\"conAll press_center\">\n<div class=\"mycontent\">\n<div class=\"mycontent2\">\n<div class=\"clearfix\">\n<div class=\"region region-content\">\n<div id=\"block-system-main\" class=\"block block-system\">\n<div class=\"content\">\n<div id=\"node-6867\" class=\"node node-press-center clearfix\" typeof=\"sioc:Item foaf:Document\">\n<div class=\"content\">\n<div class=\"field field-name-body field-type-text-with-summary field-label-hidden\">\n<div class=\"field-items\">\n<div class=\"field-item even\" property=\"content:encoded\">\n<p>U Budvi je od 31. oktobra do 3. novembra\u00a02024. godine odr\u017ean Prvi kongres\u00a0otorinolaringologa Crne Gore, zna\u010dajan\u00a0doga\u0111aj u godini kada Udru\u017eenje\u00a0otorinolaringologa Crne Gore obele\u017eava\u00a030 godina od svog osnivanja.<\/p>\n<p>\u00a0<\/p>\n<p>Kongres je okupio stru\u010dnjake iz regiona i\u00a0Evrope, omogu\u0107avaju\u0107i razmenu\u00a0iskustava, prezentaciju savremenih\u00a0metoda u cilju unapre\u0111enja pristupa\u00a0pacijentima, uz ja\u010danje profesionalnih i\u00a0prijateljskih veza me\u0111u kolegama.<\/p>\n<p>\u00a0<\/p>\n<p>Kompanija Alpen Pharma imala je \u010dast da\u00a0bude zlatni sponzor ovog doga\u0111aja,\u00a0pru\u017eaju\u0107i podr\u0161ku organizaciji kongresa\u00a0kroz gostovanje 16 predava\u010da iz Srbije.\u00a0Posebno mesto tokom drugog dana\u00a0kongresa zauzeo je stru\u010dni simpozijum\u00a0\u00a0Alpen Pharme pod nazivom Integrstivni\u00a0 pristup akutnim i hroni\u010dnim\u00a0tonzilogaringitisima i rinosinuzitisima nakom su uva\u017eeni predava\u010di, prim. dr\u00a0Katarina Stankovi\u0107 sa Instituta za majku i\u00a0dete, prof. dr Slovodan Savovi\u0107 iz\u00a0Klini\u010dkog centra Vojvodine kao i prof. dr\u00a0Aleksandar Peri\u0107 sa Vojnomedicinske\u00a0akademije, podelili najnovija nau\u010dna\u00a0istrazivanja na ovu temu kao i svoje\u00a0neprocenjivo klini\u010dko iskustvo u radu sa\u00a0pacijentima.<\/p>\n<p>Posve\u0107eni smo unapre\u0111enju zdravstvene\u00a0za\u0161tite i podr\u0161ci stru\u010dnjacima u njihovom\u00a0profesionalnom razvoju.<\/p>\n<p>\u00a0<\/p>\n<\/p><\/div>\n<\/div>\n<\/div><\/div>\n<\/p><\/div>\n<\/p><\/div>\n<\/p><\/div>\n<\/p><\/div>\n<\/p><\/div>\n<\/div>\n<\/div>\n<\/div><\/div>\n<\/p><\/div>\n<p><a href=\"https:\/\/alpenpharma.rs\/sr\/press-center2-sr\/news-sr\/prvi-kongres-otorinolaringologa-crne-gore-sa-medunarodnim-ucescem\" target=\"_blank\" rel=\"noopener\">Source link <\/a><br \/>\n\n Prvi kongres otorinolaringologa Crne Gore sa me\u0111unarodnim u\u010de\u0161\u0107em \u2013 Alpen Pharma Serbia<\/p>\n","protected":false},"excerpt":{"rendered":"<p>\u0423\u043d\u0435\u0441\u0438\u0442\u0435 \u043d\u0435\u043a\u0435 \u043a\u0459\u0443\u0447\u043d\u0435 \u0440\u0435\u0447\u0438. U Budvi je od 31. oktobra do 3. novembra\u00a02024. godine odr\u017ean Prvi kongres\u00a0otorinolaringologa Crne Gore, zna\u010dajan\u00a0doga\u0111aj&hellip;<\/p>\n","protected":false},"author":1,"featured_media":0,"comment_status":"open","ping_status":"open","sticky":false,"template":"","format":"standard","meta":{"footnotes":""},"categories":[1],"tags":[],"class_list":["post-1541","post","type-post","status-publish","format-standard","hentry","category-oglasi-palilula"],"_links":{"self":[{"href":"https:\/\/oglasi.infooglasi.rs\/oglasi\/oglasibeogradpalilula\/wp-json\/wp\/v2\/posts\/1541","targetHints":{"allow":["GET"]}}],"collection":[{"href":"https:\/\/oglasi.infooglasi.rs\/oglasi\/oglasibeogradpalilula\/wp-json\/wp\/v2\/posts"}],"about":[{"href":"https:\/\/oglasi.infooglasi.rs\/oglasi\/oglasibeogradpalilula\/wp-json\/wp\/v2\/types\/post"}],"author":[{"embeddable":true,"href":"https:\/\/oglasi.infooglasi.rs\/oglasi\/oglasibeogradpalilula\/wp-json\/wp\/v2\/users\/1"}],"replies":[{"embeddable":true,"href":"https:\/\/oglasi.infooglasi.rs\/oglasi\/oglasibeogradpalilula\/wp-json\/wp\/v2\/comments?post=1541"}],"version-history":[{"count":0,"href":"https:\/\/oglasi.infooglasi.rs\/oglasi\/oglasibeogradpalilula\/wp-json\/wp\/v2\/posts\/1541\/revisions"}],"wp:attachment":[{"href":"https:\/\/oglasi.infooglasi.rs\/oglasi\/oglasibeogradpalilula\/wp-json\/wp\/v2\/media?parent=1541"}],"wp:term":[{"taxonomy":"category","embeddable":true,"href":"https:\/\/oglasi.infooglasi.rs\/oglasi\/oglasibeogradpalilula\/wp-json\/wp\/v2\/categories?post=1541"},{"taxonomy":"post_tag","embeddable":true,"href":"https:\/\/oglasi.infooglasi.rs\/oglasi\/oglasibeogradpalilula\/wp-json\/wp\/v2\/tags?post=1541"}],"curies":[{"name":"wp","href":"https:\/\/api.w.org\/{rel}","templated":true}]}}