{"id":1549,"date":"2024-12-05T11:03:48","date_gmt":"2024-12-05T10:03:48","guid":{"rendered":"https:\/\/oglasi.infooglasi.rs\/oglasi\/oglasibeogradpalilula\/pocinje-nova-era-alupress-oglasi-palilula\/"},"modified":"2024-12-05T11:03:48","modified_gmt":"2024-12-05T10:03:48","slug":"pocinje-nova-era-alupress-oglasi-palilula","status":"publish","type":"post","link":"https:\/\/oglasi.infooglasi.rs\/oglasi\/oglasibeogradpalilula\/pocinje-nova-era-alupress-oglasi-palilula\/","title":{"rendered":"Po\u010dinje nova era \u2013 Alupress &#8211; OGLASI PALILULA"},"content":{"rendered":"<p><\/p>\n<div>\n<p><strong>Ovim partnerstvom se osniva nova divizija \u201cForterro Windows &amp; Doors\u201d, sa sedi\u0161tem u Leeru, koja ima za cilj da trajno oblikuje industriju prozora, vrata i fasada. Ova saradnja predstavlja inovacije usmerene ka budu\u0107nosti i ja\u010danje na\u0161ih digitalnih re\u0161enja za zanatstvo<\/strong><\/p>\n<p>Orgadata proaktivno preduzima slede\u0107i korak ka ja\u010danju svoje vode\u0107e tr\u017ei\u0161ne pozicije. Pod Forterrovim ki\u0161obranom, Orgadata \u0107e formirati novu diviziju, \u201eForterro Vindovs &amp; Doors\u201c, sa sedi\u0161tem u Leeru, Nema\u010dka.\u00a0<\/p>\n<p>Neophodna regulatorna odobrenja su trenutno u toku, a pozitivan ishod se o\u010dekuje do prvog kvartala 2025. Do tada, Orgadata i Forterro \u0107e nastaviti da rade potpuno nezavisno. Ova akvizicija ozna\u010dava zna\u010dajan korak u strategiji rasta obe kompanije.\u00a0<\/p>\n<p>Svojom veli\u010dinom, stru\u010dno\u0161\u0107u i uspostavljenim procesima, Forterro je savr\u0161eno pozicioniran da dopuni prednosti Orgadate i pokrene inovacije. U isto vreme, Orgadata obezbe\u0111uje Forterru pristup u sektor prozora, vrata i fasada, pro\u0161iruju\u0107i Forterrov portfolio izvan ERP i proizvodnih re\u0161enja. \u201eVidimo Forterro kao katalizator na\u0161eg budu\u0107eg rasta, onaj koji deli na\u0161u viziju unapre\u0111enja digitalizacije u zanatstvu i pru\u017eanja inovativnih re\u0161enja za rastu\u0107e izazove na\u0161ih kupaca\u201c, nagla\u0161ava Bernd Hilbrands, osniva\u010d Orgadate, koji je inicirao akviziciju.\u00a0<\/p>\n<p>Ovu viziju odr\u017eivog rasta deli Marcus Pannier, regionalni predsednik za Centralnu Evropu kompanije Forterro: \u201eOvom akvizicijom, Forterro ne samo da \u0107e pro\u0161iriti na\u0161 portfolio, ve\u0107 \u0107e tako\u0111e dobiti pristup novoj industriji na na\u0161em ciljnom tr\u017ei\u0161tu, dodatno ja\u010daju\u0107i na\u0161u poziciju kao vode\u0107i dobavlja\u010d softvera za srednja industrijska preduze\u0107a. Zajedno sa Orgadatom, nastavi\u0107emo da pokre\u0107emo digitalizaciju u proizvodnom sektoru i u skladu sa na\u0161om misijom \u2013 \u201eSnaganje preduze\u0107a koja pokre\u0107e budu\u0107nost\u201c, podr\u017eite jo\u0161 vi\u0161e kupaca na njihovim budu\u0107im putevima.\u201c<\/p>\n<p><strong><em>Forterro\u00a0<\/em><\/strong><\/p>\n<p><em>Od svog osnivanja 2012. godine, Forterro je izrastao u jednog od vode\u0107ih dobavlja\u010da softvera za industriju, sa kancelarijama u najva\u017enijim proizvodnim zemljama u Evropi, kao i regionalnim servisnim i globalnim razvojnim centrima. Sa vi\u0161e od 40 lokacija, vi\u0161e od 1.600 zaposlenih obezbe\u0111uje i podr\u017eava softverska re\u0161enja za vi\u0161e od 13.000 industrijskih kompanija. Forterro proizvodi su prilago\u0111eni da zadovolje potrebe svakog regiona i industrije, omogu\u0107avaju\u0107i kupcima da oja\u010daju i ubrzaju svoje poslovanje, efikasno rade i efikasno se takmi\u010de.<\/em><\/p>\n<p><strong><em>Oradata<\/em><\/strong><\/p>\n<p><em>Orgadata AG je osnovana 1999. godine u Leeru, Nema\u010dka. Danas je vode\u0107i provajder u Nema\u010dkoj sa svojim Logikal softverom i prodaje svoje proizvode u preko 100 zemalja. Vi\u0161e od 600 zaposlenih radi na 24 lokacije \u0161irom sveta. Veliki deo zaposlenih dolazi iz samih kvalifikovanih zanata i doprinosi dragocenom industrijskom iskustvu daljem razvoju softvera. Zajedno sa programerima softvera, dobavlja\u010dima sistema i kupcima, Orgadata je u stalnom dijalogu kako bi osigurala da Logikal optimalno pokriva potrebe moderne konstrukcije prozora, vrata i zavesa.<\/em><\/p>\n<figure class=\"wp-block-image size-large\"><img fetchpriority=\"high\" decoding=\"async\" width=\"1024\" height=\"683\" src=\"https:\/\/alupress.rs\/wp-content\/uploads\/2024\/11\/vodec\u0301a-1-1024x683.jpg\" alt=\"\" class=\"wp-image-1609\" srcset=\"https:\/\/alupress.rs\/wp-content\/uploads\/2024\/11\/vodec\u0301a-1-1024x683.jpg 1024w, https:\/\/alupress.rs\/wp-content\/uploads\/2024\/11\/vodec\u0301a-1-300x200.jpg 300w, https:\/\/alupress.rs\/wp-content\/uploads\/2024\/11\/vodec\u0301a-1-768x512.jpg 768w, https:\/\/alupress.rs\/wp-content\/uploads\/2024\/11\/vodec\u0301a-1-1536x1024.jpg 1536w, https:\/\/alupress.rs\/wp-content\/uploads\/2024\/11\/vodec\u0301a-1-2048x1365.jpg 2048w, https:\/\/alupress.rs\/wp-content\/uploads\/2024\/11\/vodec\u0301a-1-750x500.jpg 750w, https:\/\/alupress.rs\/wp-content\/uploads\/2024\/11\/vodec\u0301a-1-1140x760.jpg 1140w\" sizes=\"(max-width: 1024px) 100vw, 1024px\"\/><\/figure>\n<p>Integracioni tim iz Orgadata i Forterro. U sredini: Karsten Timajer, \u0161ef prodaje u Orgadati , Markus Panije, regionalni predsednik Centralne Evrope u Forteru\u00a0 i Bernd Hilbrands, izvr\u0161ni direktor Orgadate.\u00a0<\/p>\n<figure class=\"wp-block-image size-large\"><img loading=\"lazy\" decoding=\"async\" width=\"1024\" height=\"683\" src=\"https:\/\/alupress.rs\/wp-content\/uploads\/2024\/11\/2-1-1024x683.jpg\" alt=\"\" class=\"wp-image-1610\" srcset=\"https:\/\/alupress.rs\/wp-content\/uploads\/2024\/11\/2-1-1024x683.jpg 1024w, https:\/\/alupress.rs\/wp-content\/uploads\/2024\/11\/2-1-300x200.jpg 300w, https:\/\/alupress.rs\/wp-content\/uploads\/2024\/11\/2-1-768x512.jpg 768w, https:\/\/alupress.rs\/wp-content\/uploads\/2024\/11\/2-1-1536x1024.jpg 1536w, https:\/\/alupress.rs\/wp-content\/uploads\/2024\/11\/2-1-2048x1365.jpg 2048w, https:\/\/alupress.rs\/wp-content\/uploads\/2024\/11\/2-1-750x500.jpg 750w, https:\/\/alupress.rs\/wp-content\/uploads\/2024\/11\/2-1-1140x760.jpg 1140w\" sizes=\"auto, (max-width: 1024px) 100vw, 1024px\"\/><\/figure>\n<p>Markus Panijer, regionalni predsednik za Centralnu Evropu u kompaniji Forterro i Bernd Hilbrands, izvr\u0161ni direktor Orgadate, raduju se budu\u0107nosti novoosnovane divizije \u201eForterro Vindovs &amp; Doors\u201c.\u00a0<\/p>\n<p>Foto: Dora \u0160najder<\/p>\n<\/p><\/div>\n<p><a href=\"https:\/\/alupress.rs\/dogadjaji\/pocinje-nova-era\/\" target=\"_blank\" rel=\"noopener\">Source link <\/a><br \/>\n\n Po\u010dinje nova era \u2013 Alupress<\/p>\n","protected":false},"excerpt":{"rendered":"<p>Ovim partnerstvom se osniva nova divizija \u201cForterro Windows &amp; Doors\u201d, sa sedi\u0161tem u Leeru, koja ima za cilj da trajno&hellip;<\/p>\n","protected":false},"author":1,"featured_media":1550,"comment_status":"open","ping_status":"open","sticky":false,"template":"","format":"standard","meta":{"footnotes":""},"categories":[1],"tags":[],"class_list":["post-1549","post","type-post","status-publish","format-standard","has-post-thumbnail","hentry","category-oglasi-palilula"],"_links":{"self":[{"href":"https:\/\/oglasi.infooglasi.rs\/oglasi\/oglasibeogradpalilula\/wp-json\/wp\/v2\/posts\/1549","targetHints":{"allow":["GET"]}}],"collection":[{"href":"https:\/\/oglasi.infooglasi.rs\/oglasi\/oglasibeogradpalilula\/wp-json\/wp\/v2\/posts"}],"about":[{"href":"https:\/\/oglasi.infooglasi.rs\/oglasi\/oglasibeogradpalilula\/wp-json\/wp\/v2\/types\/post"}],"author":[{"embeddable":true,"href":"https:\/\/oglasi.infooglasi.rs\/oglasi\/oglasibeogradpalilula\/wp-json\/wp\/v2\/users\/1"}],"replies":[{"embeddable":true,"href":"https:\/\/oglasi.infooglasi.rs\/oglasi\/oglasibeogradpalilula\/wp-json\/wp\/v2\/comments?post=1549"}],"version-history":[{"count":0,"href":"https:\/\/oglasi.infooglasi.rs\/oglasi\/oglasibeogradpalilula\/wp-json\/wp\/v2\/posts\/1549\/revisions"}],"wp:featuredmedia":[{"embeddable":true,"href":"https:\/\/oglasi.infooglasi.rs\/oglasi\/oglasibeogradpalilula\/wp-json\/wp\/v2\/media\/1550"}],"wp:attachment":[{"href":"https:\/\/oglasi.infooglasi.rs\/oglasi\/oglasibeogradpalilula\/wp-json\/wp\/v2\/media?parent=1549"}],"wp:term":[{"taxonomy":"category","embeddable":true,"href":"https:\/\/oglasi.infooglasi.rs\/oglasi\/oglasibeogradpalilula\/wp-json\/wp\/v2\/categories?post=1549"},{"taxonomy":"post_tag","embeddable":true,"href":"https:\/\/oglasi.infooglasi.rs\/oglasi\/oglasibeogradpalilula\/wp-json\/wp\/v2\/tags?post=1549"}],"curies":[{"name":"wp","href":"https:\/\/api.w.org\/{rel}","templated":true}]}}