{"id":1607,"date":"2025-02-06T13:49:03","date_gmt":"2025-02-06T12:49:03","guid":{"rendered":"https:\/\/oglasi.infooglasi.rs\/oglasi\/oglasibeogradpalilula\/faby-italijanska-prica-o-noktima-oglasi-palilula\/"},"modified":"2025-02-06T13:49:03","modified_gmt":"2025-02-06T12:49:03","slug":"faby-italijanska-prica-o-noktima-oglasi-palilula","status":"publish","type":"post","link":"https:\/\/oglasi.infooglasi.rs\/oglasi\/oglasibeogradpalilula\/faby-italijanska-prica-o-noktima-oglasi-palilula\/","title":{"rendered":"Faby: Italijanska pri\u010da o noktima &#8211; OGLASI PALILULA"},"content":{"rendered":"<p><\/p>\n<div>\n<p>Faby pri\u010da je po\u010dela 2013. godine u Italiji, zahvaljujuc\u0301i idejama porodice Viale, koja ih je izdvojila me\u0111u 5 najboljih profesionalnih brendova za nokte. Trenutno su prisutni u vi\u0161e od 50 zemalja \u0161irom sveta, sa asortimanom od preko tri stotine boja. Svaki lak za nokte ima svoj ime, inspirisano njegovom bojom i kratkom pri\u010dom koja odaje po\u010dast uspomenama, bioskopu, knji\u017eevnosti, putovanjima, muzici, bajkama.<\/p>\n<p>Strast prema bojama inspiri\u0161e Faby, a svi proizvodi i kolekcije su me\u0161avina tradicije i inovacija.<\/p>\n<p>Faby ne predstavlja samo izbor kvaliteta i sigurnosti, vec\u0301 i izraz prave italijanske umetnosti.<\/p>\n<p>Faby veruje da nema lepote bez sigurnosti, iz tog razloga, svi proizvodi su bez sastojaka \u017eivotinjskog porekla, nisu testirani na \u017eivotinjama i sadr\u017ee Big10Free formulu, u kojoj nema \u0161tetnih hemikalija koje se \u010desto nalaze u proizvodima za nokte.<\/p>\n<p>Kvalitet proizvoda i usluga se spaja sa \u017eeljom da se izgradi autenti\u010dna veza sa klijentima u \u017eelji da se zadovolje njihove potrebe. U ovom duhu, Faby ima za cilj da se prilagodi promenljivim potrebama tr\u017ei\u0161ta, a da istovremeno kvalitet ostaje na prvom mestu.<\/p>\n<p>\u010cast nam je da budemo deo Faby porodice i da na\u0161im klijentima pru\u017eimo vrhunski kvalitet u italijanskom stilu.<\/p>\n<\/div>\n<p><a href=\"https:\/\/aluna-ultrabeauty.com\/faby-italijanska-prica-o-noktima\/\" target=\"_blank\" rel=\"noopener\">Source link <\/a><br \/>\n\n Faby: Italijanska pri\u010da o noktima<\/p>\n","protected":false},"excerpt":{"rendered":"<p>Faby pri\u010da je po\u010dela 2013. godine u Italiji, zahvaljujuc\u0301i idejama porodice Viale, koja ih je izdvojila me\u0111u 5 najboljih profesionalnih&hellip;<\/p>\n","protected":false},"author":1,"featured_media":1608,"comment_status":"open","ping_status":"open","sticky":false,"template":"","format":"standard","meta":{"footnotes":""},"categories":[1],"tags":[],"class_list":["post-1607","post","type-post","status-publish","format-standard","has-post-thumbnail","hentry","category-oglasi-palilula"],"_links":{"self":[{"href":"https:\/\/oglasi.infooglasi.rs\/oglasi\/oglasibeogradpalilula\/wp-json\/wp\/v2\/posts\/1607","targetHints":{"allow":["GET"]}}],"collection":[{"href":"https:\/\/oglasi.infooglasi.rs\/oglasi\/oglasibeogradpalilula\/wp-json\/wp\/v2\/posts"}],"about":[{"href":"https:\/\/oglasi.infooglasi.rs\/oglasi\/oglasibeogradpalilula\/wp-json\/wp\/v2\/types\/post"}],"author":[{"embeddable":true,"href":"https:\/\/oglasi.infooglasi.rs\/oglasi\/oglasibeogradpalilula\/wp-json\/wp\/v2\/users\/1"}],"replies":[{"embeddable":true,"href":"https:\/\/oglasi.infooglasi.rs\/oglasi\/oglasibeogradpalilula\/wp-json\/wp\/v2\/comments?post=1607"}],"version-history":[{"count":0,"href":"https:\/\/oglasi.infooglasi.rs\/oglasi\/oglasibeogradpalilula\/wp-json\/wp\/v2\/posts\/1607\/revisions"}],"wp:featuredmedia":[{"embeddable":true,"href":"https:\/\/oglasi.infooglasi.rs\/oglasi\/oglasibeogradpalilula\/wp-json\/wp\/v2\/media\/1608"}],"wp:attachment":[{"href":"https:\/\/oglasi.infooglasi.rs\/oglasi\/oglasibeogradpalilula\/wp-json\/wp\/v2\/media?parent=1607"}],"wp:term":[{"taxonomy":"category","embeddable":true,"href":"https:\/\/oglasi.infooglasi.rs\/oglasi\/oglasibeogradpalilula\/wp-json\/wp\/v2\/categories?post=1607"},{"taxonomy":"post_tag","embeddable":true,"href":"https:\/\/oglasi.infooglasi.rs\/oglasi\/oglasibeogradpalilula\/wp-json\/wp\/v2\/tags?post=1607"}],"curies":[{"name":"wp","href":"https:\/\/api.w.org\/{rel}","templated":true}]}}