{"id":1443,"date":"2025-06-16T04:13:36","date_gmt":"2025-06-16T02:13:36","guid":{"rendered":"https:\/\/oglasi.infooglasi.rs\/oglasi\/oglasibeogradrakovica\/ivana-stern-dr-gifing-oglasi-rakovica-2\/"},"modified":"2025-06-16T04:13:36","modified_gmt":"2025-06-16T02:13:36","slug":"ivana-stern-dr-gifing-oglasi-rakovica-2","status":"publish","type":"post","link":"https:\/\/oglasi.infooglasi.rs\/oglasi\/oglasibeogradrakovica\/ivana-stern-dr-gifing-oglasi-rakovica-2\/","title":{"rendered":"Ivana Stern \u2013 DR Gifing &#8211; OGLASI RAKOVICA"},"content":{"rendered":"<p><\/p>\n<div>\n<p class=\"desc\">Zovem se Ivana Stern, sa 23 godine sam iz malog grada na jugu Srbije, oti\u0161la u Nema\u010dku i preko rodbinske veze sam dobila posao. Po\u010dela sam da radim po 16 sati dnevno. Ponekad i du\u017ee.<\/p>\n<p>Nikad nisam bila vitka, uvek sam bila \u201cjaka\u201c, kako u rukama, tako i u struku, a najmanje u nogama. Te\u017einu od 79 do 80 kg sam imala ve\u0107 od 17. godine, \u0161to je za visinu od 167 cm prili\u010dno velika te\u017eina.<\/p>\n<p>Nisam pridavala zna\u010daja svom fizi\u010dkom izgledu, veoma dugi niz godina, sve dok nisam upoznala mog sada\u0161njeg mu\u017ea, jer mi je daleko bitnije bilo da radim i da \u0161aljem novac i poklone roditeljima i mla\u0111im sestrama, da bi oni mogli \u017eiveti opu\u0161tenije.<\/p>\n<p>2009 godine sam srela gospodina pravog, naime, u firmi u kojoj sam radila, zaposlio se jedan prezgodan mladi\u0107, ali se nismo odmah upoznali, bar ne zvani\u010dno. Meni se dopao na prvi pogled, ali nismo radili u istom odeljenju.<\/p>\n<p>Tada sam imala 35 godina, neurednu frizuru, \u010detvrtasto telo i veoma brzo sam osetila nezadovoljstvo sobom, svojim izgledom, a naro\u010dito nemogu\u0107no\u0161\u0107u da ne\u0161to brzo promenim.<\/p>\n<p>Kad sam imala prvi verbalni kontakt sa gospodinom pravim, to je bila 2011 godina, novembar i rekao mi je \u2013 hvala \u2013 na nema\u010dkom, kad sam mu donela zeleni \u010daj sa limunom.<\/p>\n<p>Bila sam crvena do korena kose nakon tog kratkog pogleda, a bila sam debela, nesretna, zaljubljena. Dakle nesretno zaljubljena.<\/p>\n<p>Od tog jutra, sretali smo se nekoliko puta dnevno. Ja sa 37 godina i ne\u017eeljenom figurom, on, nekoliko godina mla\u0111i, prezgodan crnokos mu\u0161karac sa plavim o\u010dima.<\/p>\n<p>Nakon godina i godina borbe, moja majka je umrla od raka dojke, dve mla\u0111e sestre su ve\u0107 udate, imaju, jedna jedno a druga dvoje dece, otac me je pozvao da mu pomognem.<\/p>\n<p>U februaru 2012 sam uzela nepla\u0107eno odsustvo i do\u0161la ku\u0107i. Sticajem okolnosti, prvo ve\u010de mog boravka u roditeljskoj ku\u0107i, do\u0161li su porodi\u010dni prijatelji koji su neprekidno pri\u010dali o dr Gifing i centru u Beogradu i programu ishrane. Pominjali su iznova i iznova, da je mama trebala oti\u0107i tamo, da bi joj bilo bolje itd..<\/p>\n<p>Iskreno, uz sve \u0161to sam do\u017eivljavala, njihova pri\u010da je bila zamorna, ja napeta, otac zbunjen, sestre histeri\u010dne od de\u010dijih zahteva, od svega.<\/p>\n<p>Jedva sam \u010dekala da legnem i da se uvijem u moju staru posteljinu, koju sam pamtila iz detinjstva. Mene, naravno, niko nije pitao kako sam, \u0161ta se de\u0161ava itd\u2026 podrazumevalo se da mi je fenomenalno!?!<\/p>\n<p>U 4 ujutru sam bila potpuno budna, spakovala sam nekoliko stvari, pregledala sajt dr Gifing, u 6 sam bila na autobuskoj stanici.<\/p>\n<p>Nisam se najavila, nisam zakazala termin, ni\u0161ta, samo sam oti\u0161la u Beograd.<\/p>\n<p>Zbunjeno sam u\u0161etala u ordinaciju, poku\u0161ala sam da objasnim za\u0161to sam do\u0161la (iako ni sama nisam znala), neverovatno ljubazne devojke su me primile, pomogle da skinem kaput, jedna je rekla \u2013 nemate zakazano? Pre nego \u0161to sam bilo \u0161ta rekla, druga je rekla \u2013 budite strpljivi nekoliko minuta, dogovori\u0107emo se oko svega.<\/p>\n<p>Od svega \u0161to sam \u017eelela da ka\u017eem rekla sam \u2013 nemam, ne znam, volela bih\u2026 a tada je iz ordinacije iza\u0161la doktorka, prate\u0107i neke pacijente.<\/p>\n<p>Rekla mi je \u2013 dobar dan, sa\u010dekajte me samo kratko, da zavr\u0161im jedan razgovor sa pacijentom u vezi sa njegovim analizama, zatim \u0107u se vama posvetiti.<\/p>\n<p>U \u010dekaonici je bila majka sa detetom od oko 5 godina. Rekla sam doktorki Gifing da \u0107u sa\u010dekati. Ona me je pogledala i uz osmeh rekla da dete ide kod pedijatra specijaliste, tako da nema \u010dekanja za mene, a da je ovo ina\u010de njen slobodan dan, koji \u0107e svakako iskoristiti za mene.<\/p>\n<p>Jedan jedini slobodan dan koji ima dr Gifing u nedelji, uz obavezno zakazivanje desetak dana ranije za konsultacije kod nje u svim danima kad radi, jedan slu\u010dajan odlazak u Beograd, posle potpuno neprospavane no\u0107i, promenio je moj \u017eivot\u2026 jer, da je ne\u0161to od toga bilo druga\u010dije, sve bi bilo druga\u010dije u mom \u017eivotu!!!<\/p>\n<p>Razgovarale smo dugo, uradila sam sve \u0161to je tra\u017eeno od dijagnostike.<\/p>\n<p>Dobila sam preporuke nutricionista..<\/p>\n<p>Vratila sam se u rodni grad.<\/p>\n<p>Potom u Nema\u010dku.<\/p>\n<p>A onda je zapo\u010dela \u010darolija. Nedeljno sam menjala figuru. Gledala sam se u ogledalu i radovala sam se onome \u0161to vidim.<\/p>\n<p>Na svako pitanje koje bih uputila centru dr Gifing, dobijala sam odgovor u roku od 24 sata.<\/p>\n<p>Ne mislim da samo treba da volimo nekoga, ve\u0107 da volimo samu sebe. Kad sam zavolela sebe, svoje novo telo, toliko sam se opustila, da sam dopustila da i mene voli neko. Samo, ovog puta je mene zavoleo neko, ko je bio isklju\u010divo deo vi\u0161egodi\u0161nje ma\u0161tarije. Puna samopouzdanja, pristupila sam \u010doveku koga sam ve\u0107 zavolela u najskrivenijim delovima ma\u0161te. Takvu me je prihvatio. Nau\u010dila sam da sre\u0107a ne dolazi sama po sebi. Treba da radimo na tom projektu!<\/p>\n<p>Za ovu Novu 2014 godinu, gospodin pravi i ja smo ve\u0107 godinu i ne\u0161to vi\u0161e u braku, imamo sina od 6 meseci, ovo \u0161to se meni doga\u0111a zaista li\u010di na bajke koje vole sve devoj\u010dice, ali se ova bajka meni dogodila, doga\u0111a se i traje..<\/p>\n<p>Ako sam op\u0161irna, oprostite mi!<\/p>\n<p>Volela bih i desetak puta vi\u0161e pisati o tome kako se mo\u017ee promeniti \u017eivot \u2013 uz malo sre\u0107e, uz malo volje!!!<\/p>\n<\/div>\n<p><a href=\"https:\/\/www.drgifing.com\/ivana-stern\/\" target=\"_blank\" rel=\"noopener\">Source link <\/a><br \/>\n\n Ivana Stern \u2013 DR Gifing<\/p>\n","protected":false},"excerpt":{"rendered":"<p>Zovem se Ivana Stern, sa 23 godine sam iz malog grada na jugu Srbije, oti\u0161la u Nema\u010dku i preko rodbinske&hellip;<\/p>\n","protected":false},"author":1,"featured_media":0,"comment_status":"open","ping_status":"open","sticky":false,"template":"","format":"standard","meta":{"footnotes":""},"categories":[1],"tags":[],"class_list":["post-1443","post","type-post","status-publish","format-standard","hentry","category-oglasi-rakovica"],"_links":{"self":[{"href":"https:\/\/oglasi.infooglasi.rs\/oglasi\/oglasibeogradrakovica\/wp-json\/wp\/v2\/posts\/1443","targetHints":{"allow":["GET"]}}],"collection":[{"href":"https:\/\/oglasi.infooglasi.rs\/oglasi\/oglasibeogradrakovica\/wp-json\/wp\/v2\/posts"}],"about":[{"href":"https:\/\/oglasi.infooglasi.rs\/oglasi\/oglasibeogradrakovica\/wp-json\/wp\/v2\/types\/post"}],"author":[{"embeddable":true,"href":"https:\/\/oglasi.infooglasi.rs\/oglasi\/oglasibeogradrakovica\/wp-json\/wp\/v2\/users\/1"}],"replies":[{"embeddable":true,"href":"https:\/\/oglasi.infooglasi.rs\/oglasi\/oglasibeogradrakovica\/wp-json\/wp\/v2\/comments?post=1443"}],"version-history":[{"count":0,"href":"https:\/\/oglasi.infooglasi.rs\/oglasi\/oglasibeogradrakovica\/wp-json\/wp\/v2\/posts\/1443\/revisions"}],"wp:attachment":[{"href":"https:\/\/oglasi.infooglasi.rs\/oglasi\/oglasibeogradrakovica\/wp-json\/wp\/v2\/media?parent=1443"}],"wp:term":[{"taxonomy":"category","embeddable":true,"href":"https:\/\/oglasi.infooglasi.rs\/oglasi\/oglasibeogradrakovica\/wp-json\/wp\/v2\/categories?post=1443"},{"taxonomy":"post_tag","embeddable":true,"href":"https:\/\/oglasi.infooglasi.rs\/oglasi\/oglasibeogradrakovica\/wp-json\/wp\/v2\/tags?post=1443"}],"curies":[{"name":"wp","href":"https:\/\/api.w.org\/{rel}","templated":true}]}}