{"id":1262,"date":"2023-11-01T11:39:38","date_gmt":"2023-11-01T10:39:38","guid":{"rendered":"https:\/\/oglasi.infooglasi.rs\/oglasi\/oglasibeogradstarigrad\/upoznajte-nove-verzije-modela-scala-i-kamiq-skoda-auto-oglasi-stari-grad\/"},"modified":"2023-11-01T11:39:38","modified_gmt":"2023-11-01T10:39:38","slug":"upoznajte-nove-verzije-modela-scala-i-kamiq-skoda-auto-oglasi-stari-grad","status":"publish","type":"post","link":"https:\/\/oglasi.infooglasi.rs\/oglasi\/oglasibeogradstarigrad\/upoznajte-nove-verzije-modela-scala-i-kamiq-skoda-auto-oglasi-stari-grad\/","title":{"rendered":"Upoznajte nove verzije modela Scala i Kamiq \u2013 Skoda Auto &#8211; OGLASI STARI GRAD"},"content":{"rendered":"<p><\/p>\n<div>\n<p>Popularni modeli \u0160koda Kamiq i \u0160koda Scala dobili su niz promena, posebno u oblastima dizajna i prakti\u010dnosti. Nova Scala jo\u0161 vi\u0161e odi\u0161e sportskim dizajnom u pore\u0111enju sa originalnom verzijom, dok Kamiq ima jo\u0161 robustniji SUV karakter. Izgled modela Scala je jo\u0161 vi\u0161e inspirisan Vision RS konceptom, dok Kamiq preuzima neke detalje od SUV modela Karoq i Kodiaq.<\/p>\n<p>Re\u0161etka hladnjaka modela \u0160koda Scala je redizajnirana tako da vertikalna rebra nagla\u0161avaju kontrast izme\u0111u sjajnih i mat povr\u0161ina. Kod modela Kamiq tako\u0111e su vidljive promene na re\u0161etki hladnjaka, koja sa uspravnim i \u0161irim duplim rebrima sa sna\u017enim kontrastom u zavr\u0161noj obradi automobilu daje jo\u0161 samouvereniji izgled.<\/p>\n<p>Scala i Kamiq imaju LED prednja svetla u standardnom paketu opreme, a kupci sada mogu da izaberu i LED Matrix farove za urbani SUV. Ovi farovi omogu\u0107avaju voza\u010du da zadr\u017ei duga svetla tokom no\u0107ne vo\u017enje, dok pametna tehnologija spre\u010dava odsjaj drugih u\u010desnika u saobra\u0107aju. Scala je bila prvi \u0160koda model koji je dobio \u0160koda natpis na zadnjem delu umesto tradicionalnog logotipa \u010de\u0161kog proizvo\u0111a\u010da automobila. Kod unapre\u0111enih verzija oba modela postavljen je novi \u0160koda natpis koji je nedavno predstavljen kao deo promene korporativnog identiteta brenda.<\/p>\n<p>\u0160irok spektar izbora<\/p>\n<p>Dizajn unapre\u0111enih verzija modela Scala i Kamiq inspirisan je i dizajnom elektri\u010dnog SUV modela Enyaq, tako da kupci mogu da biraju izme\u0111u \u0161est dizajn opcija za enterijer. Dostupna su tri nivoa opreme, Essence, Selection i Monte Carlo, sa nizom tradicionalnih sportskih detalja kao \u0161to su crni elementi karoserije, sportska sedi\u0161ta i podesivo ambijentalno LED unutra\u0161nje osvetljenje.<\/p>\n<p>Za Essence paket opreme kupci mogu da izaberu Studio dizajn opciju sa crnim tekstilnim presvlakama. Selection paket opreme u ponudi ima \u010detiri dizajna enterijera. Loft varijanta uklju\u010duje sive presvlake za sedi\u0161ta i dekorativne elemente, dok Lodge verzija koristi Suedia materijal sa dekorativnim elementima u bakarnoj boji. Suite verzija ima ko\u017ena sedi\u0161ta i hromirane dekorativne elemente, dok Dinamic verzija ima presvlake u kombinaciji tekstil i Suedia. Kod Monte Carlo verzije isti\u010du se Carbon ko\u017ene presvlake. \u010ce\u0161ki proizvo\u0111a\u010d automobila koristi odr\u017eivije materijale za oba modela.<\/p>\n<p>\u0160koda Kamiq<\/p>\n<p>Scala i Kamiq nastavljaju da koriste oprobane i testirane TSI jedinice koje \u0161tede gorivo sa izlaznim snagama u rasponu od 70 do 110 kW. U unutra\u0161njosti automobila isti\u010de se unapre\u0111ena digitalna tehnologija sa digitalnom instrument tablom u standardnim paketu opreme i opcioni Virtual Cockpit od 10,25 in\u010da. Infotainment ekran ima dijagonalu od 8,25 in\u010da ili opciono 9,2 in\u010da, a kontrolna tabla klima ure\u0111aja je redizajnirana sa novim rotiraju\u0107im mehani\u010dkim komandama.<\/p>\n<p>\u0160koda Scala<\/p>\n<p>Moderni sistemi bezbednosti i pomo\u0107i ili funkcije za povezivanja deo su standardnog paketa. Tako\u0111e, oba modela imaju \u010ditav niz Simply Clever funkcija, uklju\u010duju\u0107i neke koje se po prvi put pojavljuj u segmentima modela, a kod oba model kao opcija dostupna su peta vrata sa elektri\u010dnim upravljanjem sa virtuelnom pedalom za lako otvaranje prtlja\u017enika bez upotrebe ruku.<\/p>\n<p>\u00a0<\/p>\n<p><img decoding=\"async\" loading=\"lazy\" class=\"alignnone size-medium wp-image-6829\" src=\"https:\/\/autocentarstojanovic.rs\/wp-content\/uploads\/2023\/10\/Header_bp320_1-1-300x300.webp\" alt=\"\" width=\"200\" height=\"200\" srcset=\"https:\/\/autocentarstojanovic.rs\/wp-content\/uploads\/2023\/10\/Header_bp320_1-1-300x300.webp 300w, https:\/\/autocentarstojanovic.rs\/wp-content\/uploads\/2023\/10\/Header_bp320_1-1-150x150.webp 150w, https:\/\/autocentarstojanovic.rs\/wp-content\/uploads\/2023\/10\/Header_bp320_1-1.webp 535w\" sizes=\"auto, (max-width: 200px) 100vw, 200px\"\/> <img decoding=\"async\" loading=\"lazy\" class=\"alignnone size-medium wp-image-6830\" src=\"https:\/\/autocentarstojanovic.rs\/wp-content\/uploads\/2023\/10\/Header_bp320_1-2-300x300.webp\" alt=\"\" width=\"200\" height=\"200\" srcset=\"https:\/\/autocentarstojanovic.rs\/wp-content\/uploads\/2023\/10\/Header_bp320_1-2-300x300.webp 300w, https:\/\/autocentarstojanovic.rs\/wp-content\/uploads\/2023\/10\/Header_bp320_1-2-150x150.webp 150w, https:\/\/autocentarstojanovic.rs\/wp-content\/uploads\/2023\/10\/Header_bp320_1-2.webp 535w\" sizes=\"auto, (max-width: 200px) 100vw, 200px\"\/> <img decoding=\"async\" loading=\"lazy\" class=\"alignnone size-medium wp-image-6831\" src=\"https:\/\/autocentarstojanovic.rs\/wp-content\/uploads\/2023\/10\/Header_bp320_1-3-300x300.webp\" alt=\"\" width=\"200\" height=\"200\" srcset=\"https:\/\/autocentarstojanovic.rs\/wp-content\/uploads\/2023\/10\/Header_bp320_1-3-300x300.webp 300w, https:\/\/autocentarstojanovic.rs\/wp-content\/uploads\/2023\/10\/Header_bp320_1-3-150x150.webp 150w, https:\/\/autocentarstojanovic.rs\/wp-content\/uploads\/2023\/10\/Header_bp320_1-3.webp 535w\" sizes=\"auto, (max-width: 200px) 100vw, 200px\"\/><\/p>\n<p><img decoding=\"async\" loading=\"lazy\" class=\"alignnone size-medium wp-image-6832\" src=\"https:\/\/autocentarstojanovic.rs\/wp-content\/uploads\/2023\/10\/Header_bp320_1-4-300x300.webp\" alt=\"\" width=\"200\" height=\"200\" srcset=\"https:\/\/autocentarstojanovic.rs\/wp-content\/uploads\/2023\/10\/Header_bp320_1-4-300x300.webp 300w, https:\/\/autocentarstojanovic.rs\/wp-content\/uploads\/2023\/10\/Header_bp320_1-4-150x150.webp 150w, https:\/\/autocentarstojanovic.rs\/wp-content\/uploads\/2023\/10\/Header_bp320_1-4.webp 535w\" sizes=\"auto, (max-width: 200px) 100vw, 200px\"\/> <img decoding=\"async\" loading=\"lazy\" class=\"alignnone size-medium wp-image-6833\" src=\"https:\/\/autocentarstojanovic.rs\/wp-content\/uploads\/2023\/10\/Header_bp320_1-5-300x300.webp\" alt=\"\" width=\"200\" height=\"200\" srcset=\"https:\/\/autocentarstojanovic.rs\/wp-content\/uploads\/2023\/10\/Header_bp320_1-5-300x300.webp 300w, https:\/\/autocentarstojanovic.rs\/wp-content\/uploads\/2023\/10\/Header_bp320_1-5-150x150.webp 150w, https:\/\/autocentarstojanovic.rs\/wp-content\/uploads\/2023\/10\/Header_bp320_1-5.webp 535w\" sizes=\"auto, (max-width: 200px) 100vw, 200px\"\/> <img decoding=\"async\" loading=\"lazy\" class=\"alignnone size-medium wp-image-6834\" src=\"https:\/\/autocentarstojanovic.rs\/wp-content\/uploads\/2023\/10\/Header_bp320_1-6-300x300.webp\" alt=\"\" width=\"200\" height=\"200\" srcset=\"https:\/\/autocentarstojanovic.rs\/wp-content\/uploads\/2023\/10\/Header_bp320_1-6-300x300.webp 300w, https:\/\/autocentarstojanovic.rs\/wp-content\/uploads\/2023\/10\/Header_bp320_1-6-150x150.webp 150w, https:\/\/autocentarstojanovic.rs\/wp-content\/uploads\/2023\/10\/Header_bp320_1-6.webp 535w\" sizes=\"auto, (max-width: 200px) 100vw, 200px\"\/><\/p>\n<\/p><\/div>\n<p><a href=\"https:\/\/autocentarstojanovic.rs\/upoznajte-nove-verzije-modela-scala-i-kamiq\/\" target=\"_blank\" rel=\"noopener\">Source link <\/a><br \/>\n\n Upoznajte nove verzije modela Scala i Kamiq \u2013 Skoda Auto<\/p>\n","protected":false},"excerpt":{"rendered":"<p>Popularni modeli \u0160koda Kamiq i \u0160koda Scala dobili su niz promena, posebno u oblastima dizajna i prakti\u010dnosti. Nova Scala jo\u0161&hellip;<\/p>\n","protected":false},"author":1,"featured_media":1263,"comment_status":"open","ping_status":"open","sticky":false,"template":"","format":"standard","meta":{"footnotes":""},"categories":[1],"tags":[],"class_list":["post-1262","post","type-post","status-publish","format-standard","has-post-thumbnail","hentry","category-oglasi-stari-grad"],"_links":{"self":[{"href":"https:\/\/oglasi.infooglasi.rs\/oglasi\/oglasibeogradstarigrad\/wp-json\/wp\/v2\/posts\/1262","targetHints":{"allow":["GET"]}}],"collection":[{"href":"https:\/\/oglasi.infooglasi.rs\/oglasi\/oglasibeogradstarigrad\/wp-json\/wp\/v2\/posts"}],"about":[{"href":"https:\/\/oglasi.infooglasi.rs\/oglasi\/oglasibeogradstarigrad\/wp-json\/wp\/v2\/types\/post"}],"author":[{"embeddable":true,"href":"https:\/\/oglasi.infooglasi.rs\/oglasi\/oglasibeogradstarigrad\/wp-json\/wp\/v2\/users\/1"}],"replies":[{"embeddable":true,"href":"https:\/\/oglasi.infooglasi.rs\/oglasi\/oglasibeogradstarigrad\/wp-json\/wp\/v2\/comments?post=1262"}],"version-history":[{"count":0,"href":"https:\/\/oglasi.infooglasi.rs\/oglasi\/oglasibeogradstarigrad\/wp-json\/wp\/v2\/posts\/1262\/revisions"}],"wp:featuredmedia":[{"embeddable":true,"href":"https:\/\/oglasi.infooglasi.rs\/oglasi\/oglasibeogradstarigrad\/wp-json\/wp\/v2\/media\/1263"}],"wp:attachment":[{"href":"https:\/\/oglasi.infooglasi.rs\/oglasi\/oglasibeogradstarigrad\/wp-json\/wp\/v2\/media?parent=1262"}],"wp:term":[{"taxonomy":"category","embeddable":true,"href":"https:\/\/oglasi.infooglasi.rs\/oglasi\/oglasibeogradstarigrad\/wp-json\/wp\/v2\/categories?post=1262"},{"taxonomy":"post_tag","embeddable":true,"href":"https:\/\/oglasi.infooglasi.rs\/oglasi\/oglasibeogradstarigrad\/wp-json\/wp\/v2\/tags?post=1262"}],"curies":[{"name":"wp","href":"https:\/\/api.w.org\/{rel}","templated":true}]}}