{"id":1037,"date":"2024-07-04T19:54:54","date_gmt":"2024-07-04T17:54:54","guid":{"rendered":"https:\/\/oglasi.infooglasi.rs\/oglasi\/oglasibeogradvracar\/sajam-vencanja-stamevski-oglasi-vracar\/"},"modified":"2024-07-04T19:54:54","modified_gmt":"2024-07-04T17:54:54","slug":"sajam-vencanja-stamevski-oglasi-vracar","status":"publish","type":"post","link":"https:\/\/oglasi.infooglasi.rs\/oglasi\/oglasibeogradvracar\/sajam-vencanja-stamevski-oglasi-vracar\/","title":{"rendered":"Sajam Ven\u010danja &#8211; Stamevski &#8211; OGLASI VRA\u010cAR"},"content":{"rendered":"<p><\/p>\n<div>\n<div class=\"elementor-element elementor-element-534d32e elementor-widget elementor-widget-text-editor\" data-id=\"534d32e\" data-element_type=\"widget\" data-widget_type=\"text-editor.default\">\n<p>\n\t\t\t\t\t\t\tU samom srcu Beograda, u luksuznom ambijentu hotela Hayatt, gde se snovi budu\u0107ih mlada pretvaraju u stvarnost, pod blistavim svetlima i uz zvuke tihe muzike, stajao je \u0161tand koji je mirisao na tradiciju, ljubav i beskrajnu posve\u0107enost \u2013 Stamevski.\t\t\t\t\t\t<\/p>\n<\/p><\/div>\n<div class=\"elementor-element elementor-element-b4aebd2 elementor-widget elementor-widget-text-editor\" data-id=\"b4aebd2\" data-element_type=\"widget\" data-widget_type=\"text-editor.default\">\n<p>\n\t\t\t\t\t\t\tSvaki detalj, od ne\u017eno postavljenih slatkih stolova do rasko\u0161no ukra\u0161enih svadbenih torti, bio je pa\u017eljivo osmi\u0161ljen da evocira emociju i se\u0107anje. Dok su se mlade \u0161etale, tra\u017ee\u0107i inspiraciju za svoj savr\u0161eni dan, mnoge su zastale upravo kod Stamevskog, zanesene magijom koja se ose\u0107ala u svakom kutku.\t\t\t\t\t\t<\/p>\n<\/p><\/div>\n<div class=\"elementor-element elementor-element-fff34eb elementor-widget elementor-widget-text-editor\" data-id=\"fff34eb\" data-element_type=\"widget\" data-widget_type=\"text-editor.default\">\n<p>\n\t\t\t\t\t\t\tO\u010di mladih sjajile su dok su razgledale razli\u010dite kreacije, svaka od njih pri\u010da za sebe. Bilo je tu torti koje su odavale po\u010dast tradicionalnim receptima, ali i onih koje su se drzale najnovijih trendova u svetu poslasti\u010darstva. Svaka torta bila je kao umetni\u010dko delo, \u010dekaju\u0107i da postane centralni deo ne\u010dijeg posebnog dana.\t\t\t\t\t\t<\/p>\n<\/p><\/div>\n<div class=\"elementor-element elementor-element-f28f7c4 elementor-widget elementor-widget-text-editor\" data-id=\"f28f7c4\" data-element_type=\"widget\" data-widget_type=\"text-editor.default\">\n<p>\n\t\t\t\t\t\t\tMlade su, uz uzbu\u0111ene uzdahe, ma\u0161tale o tom trenutku kada \u0107e, u okru\u017eenju najmilijih, se\u0107i upravo tu tortu, biraju\u0107i ne samo ukus, ve\u0107 i pri\u010du koju \u017eele da podeli sa svima. Jer, Stamevski nije samo nudio torte. Nudio je uspomene, trenutke i ose\u0107aje zape\u010da\u0107ene u svakom sloju kreme i svakoj mrvi biskvita.\t\t\t\t\t\t<\/p>\n<\/p><\/div>\n<div class=\"elementor-element elementor-element-21ca060 elementor-widget elementor-widget-text-editor\" data-id=\"21ca060\" data-element_type=\"widget\" data-widget_type=\"text-editor.default\">\n<p>\n\t\t\t\t\t\t\tDok se dan polako bli\u017eio kraju, mnoge mlade su oti\u0161le iz Hayatt-a sa blistavim o\u010dima i osmehom na licu, sanjaju\u0107i o svom velikom danu i torti koja \u0107e ga u\u010diniti jo\u0161 posebnijim. Jer, uz Stamevski, svaka mlada je znala da \u0107e njen izbor biti najsla\u0111a pri\u010da koja \u0107e se prepri\u010davati generacijama.\t\t\t\t\t\t<\/p>\n<\/p><\/div>\n<\/p><\/div>\n<p><script  type=\"text\/javascript\">\n\t\t\t\t!function(f,b,e,v,n,t,s){if(f.fbq)return;n=f.fbq=function(){n.callMethod?\n\t\t\t\t\tn.callMethod.apply(n,arguments):n.queue.push(arguments)};if(!f._fbq)f._fbq=n;\n\t\t\t\t\tn.push=n;n.loaded=!0;n.version='2.0';n.queue=[];t=b.createElement(e);t.async=!0;\n\t\t\t\t\tt.src=v;s=b.getElementsByTagName(e)[0];s.parentNode.insertBefore(t,s)}(window,\n\t\t\t\t\tdocument,'script','https:\/\/connect.facebook.net\/en_US\/fbevents.js');\n\t\t\t<\/script><script>\n  !function(f,b,e,v,n,t,s)\n  {if(f.fbq)return;n=f.fbq=function(){n.callMethod?\n  n.callMethod.apply(n,arguments):n.queue.push(arguments)};\n  if(!f._fbq)f._fbq=n;n.push=n;n.loaded=!0;n.version='2.0';\n  n.queue=[];t=b.createElement(e);t.async=!0;\n  t.src=v;s=b.getElementsByTagName(e)[0];\n  s.parentNode.insertBefore(t,s)}(window, document,'script',\n  'https:\/\/connect.facebook.net\/en_US\/fbevents.js');\n  fbq('init', '389125322268525');\n  fbq('track', 'PageView');\n<\/script><br \/>\n<br \/><a href=\"https:\/\/www.stamevski.com\/sajam-vencanja\/\" target=\"_blank\" rel=\"noopener\">Source link <\/a><br \/>\n\n Sajam Ven\u010danja &#8211; Stamevski<\/p>\n","protected":false},"excerpt":{"rendered":"<p>U samom srcu Beograda, u luksuznom ambijentu hotela Hayatt, gde se snovi budu\u0107ih mlada pretvaraju u stvarnost, pod blistavim svetlima&hellip;<\/p>\n","protected":false},"author":1,"featured_media":1038,"comment_status":"open","ping_status":"open","sticky":false,"template":"","format":"standard","meta":{"footnotes":""},"categories":[1],"tags":[],"class_list":["post-1037","post","type-post","status-publish","format-standard","has-post-thumbnail","hentry","category-oglasi-vracar"],"_links":{"self":[{"href":"https:\/\/oglasi.infooglasi.rs\/oglasi\/oglasibeogradvracar\/wp-json\/wp\/v2\/posts\/1037","targetHints":{"allow":["GET"]}}],"collection":[{"href":"https:\/\/oglasi.infooglasi.rs\/oglasi\/oglasibeogradvracar\/wp-json\/wp\/v2\/posts"}],"about":[{"href":"https:\/\/oglasi.infooglasi.rs\/oglasi\/oglasibeogradvracar\/wp-json\/wp\/v2\/types\/post"}],"author":[{"embeddable":true,"href":"https:\/\/oglasi.infooglasi.rs\/oglasi\/oglasibeogradvracar\/wp-json\/wp\/v2\/users\/1"}],"replies":[{"embeddable":true,"href":"https:\/\/oglasi.infooglasi.rs\/oglasi\/oglasibeogradvracar\/wp-json\/wp\/v2\/comments?post=1037"}],"version-history":[{"count":0,"href":"https:\/\/oglasi.infooglasi.rs\/oglasi\/oglasibeogradvracar\/wp-json\/wp\/v2\/posts\/1037\/revisions"}],"wp:featuredmedia":[{"embeddable":true,"href":"https:\/\/oglasi.infooglasi.rs\/oglasi\/oglasibeogradvracar\/wp-json\/wp\/v2\/media\/1038"}],"wp:attachment":[{"href":"https:\/\/oglasi.infooglasi.rs\/oglasi\/oglasibeogradvracar\/wp-json\/wp\/v2\/media?parent=1037"}],"wp:term":[{"taxonomy":"category","embeddable":true,"href":"https:\/\/oglasi.infooglasi.rs\/oglasi\/oglasibeogradvracar\/wp-json\/wp\/v2\/categories?post=1037"},{"taxonomy":"post_tag","embeddable":true,"href":"https:\/\/oglasi.infooglasi.rs\/oglasi\/oglasibeogradvracar\/wp-json\/wp\/v2\/tags?post=1037"}],"curies":[{"name":"wp","href":"https:\/\/api.w.org\/{rel}","templated":true}]}}