{"id":1112,"date":"2024-04-16T07:15:59","date_gmt":"2024-04-16T05:15:59","guid":{"rendered":"https:\/\/oglasi.infooglasi.rs\/oglasi\/oglasibeogradzemun\/obelezen-dan-vojnotehnickog-instituta-teleoptik-oglasi-zemun\/"},"modified":"2024-04-16T07:15:59","modified_gmt":"2024-04-16T05:15:59","slug":"obelezen-dan-vojnotehnickog-instituta-teleoptik-oglasi-zemun","status":"publish","type":"post","link":"https:\/\/oglasi.infooglasi.rs\/oglasi\/oglasibeogradzemun\/obelezen-dan-vojnotehnickog-instituta-teleoptik-oglasi-zemun\/","title":{"rendered":"Obele\u017een Dan Vojnotehni\u010dkog instituta\u200b \u2013 Teleoptik &#8211; OGLASI ZEMUN"},"content":{"rendered":"<p><\/p>\n<div>\n<p class=\"MsoNormal\"><img fetchpriority=\"high\" decoding=\"async\" class=\"aligncenter wp-image-1525 size-large\" src=\"http:\/\/ziroskopi.rs\/wp-content\/uploads\/2022\/11\/ban_6498_1667830475-1024x682.jpg\" alt=\"\" width=\"1024\" height=\"682\" srcset=\"http:\/\/ziroskopi.rs\/wp-content\/uploads\/2022\/11\/ban_6498_1667830475-1024x682.jpg 1024w, http:\/\/ziroskopi.rs\/wp-content\/uploads\/2022\/11\/ban_6498_1667830475-300x200.jpg 300w, http:\/\/ziroskopi.rs\/wp-content\/uploads\/2022\/11\/ban_6498_1667830475-768x512.jpg 768w, http:\/\/ziroskopi.rs\/wp-content\/uploads\/2022\/11\/ban_6498_1667830475-1536x1024.jpg 1536w, http:\/\/ziroskopi.rs\/wp-content\/uploads\/2022\/11\/ban_6498_1667830475-2048x1365.jpg 2048w\" sizes=\"(max-width: 1024px) 100vw, 1024px\"\/>Sve\u010danim skupom u amfiteatru Vojnotehni\u010dkog instituta danas je o<span style=\"font-style: inherit; font-weight: inherit; background-color: var(--ast-global-color-5); color: var(--ast-global-color-3);\">bele\u017eeno 74 godine postojanja te najzna\u010dajnije do <\/span><span style=\"font-style: inherit; font-weight: inherit; background-color: var(--ast-global-color-5); color: var(--ast-global-color-3);\">ma\u0107e nau\u010dn<\/span><span style=\"font-style: inherit; font-weight: inherit; background-color: var(--ast-global-color-5); color: var(--ast-global-color-3);\">oistra\u017eiva\u010dke ustanove u oblasti odbrambenih tehnologija.<\/span><\/p>\n<p class=\"MsoNormal\"><span style=\"font-style: inherit; font-weight: inherit; background-color: var(--ast-global-color-5); color: var(--ast-global-color-3);\">Potpredsednik\u00a0<\/span><span style=\"background-color: var(--ast-global-color-5); color: var(--ast-global-color-3);\">Vlade i ministar odbrane Milo\u0161 Vu\u010devi\u0107 istakao je tom prilikom zna\u010daj Vojnotehni\u010dkog instituta za celokupan sistem odbrane i podsetio da je, zahvaljuju\u0107i VTI, vi\u0161e od 1.400 sredstava naoru\u017eanja i vojne opreme danas u upotrebi u Vojsci Srbije.<\/span><\/p>\n<p style=\"font-size: 16px; font-style: normal; font-weight: 400;\"><img loading=\"lazy\" decoding=\"async\" class=\"alignright wp-image-1529 size-large\" src=\"http:\/\/ziroskopi.rs\/wp-content\/uploads\/2022\/11\/ban_6723_1667833933-1024x683.jpg\" alt=\"\" width=\"1024\" height=\"683\" srcset=\"http:\/\/ziroskopi.rs\/wp-content\/uploads\/2022\/11\/ban_6723_1667833933-1024x683.jpg 1024w, http:\/\/ziroskopi.rs\/wp-content\/uploads\/2022\/11\/ban_6723_1667833933-300x200.jpg 300w, http:\/\/ziroskopi.rs\/wp-content\/uploads\/2022\/11\/ban_6723_1667833933-768x512.jpg 768w, http:\/\/ziroskopi.rs\/wp-content\/uploads\/2022\/11\/ban_6723_1667833933-1536x1024.jpg 1536w, http:\/\/ziroskopi.rs\/wp-content\/uploads\/2022\/11\/ban_6723_1667833933-2048x1366.jpg 2048w\" sizes=\"auto, (max-width: 1024px) 100vw, 1024px\"\/><\/p>\n<p class=\"MsoNormal\">Ministar je pripadnicima VTI poru\u010dio da \u017eivimo u vremenu novih izazova sa kojima kao dru\u0161tvo i dr\u017eava moramo biti u toku i pozvao ih da nastave da prate najnovija dostignu\u0107a nauke i tehnologije.<\/p>\n<p class=\"MsoNormal\">\u2013 \u010cestitam 74. ro\u0111endan Vojnotehni\u010dkom institutu i svima vama, ali i svim generacijama, i svim zaposlenima koji su \u010duvali, razvijali ovu presti\u017enu nau\u010dnu i istra\u017eiva\u010dku ustanovu, na ponos svih vas danas zaposlenih, ali i onih koji su svojim znanjem i svojim zalaganjem omogu\u0107ili da se mi danas sastanemo i da mo\u017eemo da napravimo analizu i osvrt na sve ono \u0161to je Vojnotehni\u010dki institut radio 74 godine \u2013 rekao je Vu\u010devi\u0107.<\/p>\n<p class=\"MsoNormal\">Ministar Vu\u010devi\u0107 istakao je da su fascinantni podaci o sedam i po decenija rada i razvoja naoru\u017eanja i vojne opreme, ali i u pogledu istra\u017eiva\u010dke aktivnosti.<\/p>\n<p class=\"MsoNormal\">\u2013 \u010cinjenica da imate 24 laboratorije, da imate odobrenja da se bavite najzahtevnijim nau\u010dnoistra\u017eiva\u010dkim poslovima vam daju za pravo da razumete kakvi su zadaci i kakva su o\u010dekivanja dr\u017eave Srbije prema svima vama. Zahvaljuju\u0107i na\u0161oj odbrambenoj industriji, ali i Vojnotehni\u010dkom institutu, preko 1.400 sredstava naoru\u017eanja i vojne opreme je danas u primeni u Vojsci Srbije, dok je 75 odsto ukupnog naoru\u017eanja i vojne opreme koje Vojska Srbije koristi doma\u0107e proizvodnje, \u0161to nas \u010dini ponosnim i zadovoljnim \u2013 rekao je ministar Vu\u010devi\u0107.<\/p>\n<p class=\"MsoNormal\">Ministar je rekao da razumemo da su se okolnosti promenile, da \u017eivimo u vremenu koje nosi neke nove sadr\u017eaje i izazove i ukazao na to da kao dr\u017eava i dru\u0161tvo treba da budemo u toku sa novim svetskim pojavama kako ne bismo zaostajali.<\/p>\n<p class=\"MsoNormal\">On je naglasio da dr\u017eavno rukovodstvo i gra\u0111ani o\u010dekuju da VTI razume \u0161ta se de\u0161ava u svetu i \u0161ta treba da radimo da bismo ja\u010dali na\u0161e odbrambene snage.<\/p>\n<p class=\"MsoNormal\">\u2013 Da budemo dovoljno sna\u017eni da delujemo odvra\u0107aju\u0107e za sve one koji nisu dobronamerni prema nama \u2013 istakao je ministar i izrazio uverenje da pripadnici VTI prate najnovija dostignu\u0107a nauke.<\/p>\n<p class=\"MsoNormal\">On je istakao zna\u010daj ja\u010danja Vojnotehni\u010dkog instituta, pre svega u kadrovskom pogledu.<\/p>\n<p class=\"MsoNormal\">\u2013 Ne\u0107e nam biti lako da do\u0111emo do najboljih kadrova, ili da zadr\u017eimo najbolje kadrove. Sve ono \u0161to zamislimo ne mo\u017eemo realizovati ako nemamo ljudski potencijal za to. Od istra\u017eiva\u010dkog, nau\u010dnog dela pa sve do onoga \u0161to Vojska Srbije i druge strukture bezbednosti treba da primene i svakodnevno koriste u za\u0161titi dr\u017eavnih i nacionalnih interesa Republike Srbije \u2013 rekao je ministar i podvukao da u tom pogledu nema knjige sa \u201czlatnim re\u0161enjima\u201d i da su potrebni zajedni\u010dki napori.<\/p>\n<p class=\"MsoNormal\"><img loading=\"lazy\" decoding=\"async\" class=\"alignright wp-image-1527 size-large\" src=\"http:\/\/ziroskopi.rs\/wp-content\/uploads\/2022\/11\/ban_6707_1667831701-1024x683.jpg\" alt=\"\" width=\"1024\" height=\"683\" srcset=\"http:\/\/ziroskopi.rs\/wp-content\/uploads\/2022\/11\/ban_6707_1667831701-1024x683.jpg 1024w, http:\/\/ziroskopi.rs\/wp-content\/uploads\/2022\/11\/ban_6707_1667831701-300x200.jpg 300w, http:\/\/ziroskopi.rs\/wp-content\/uploads\/2022\/11\/ban_6707_1667831701-768x512.jpg 768w, http:\/\/ziroskopi.rs\/wp-content\/uploads\/2022\/11\/ban_6707_1667831701-1536x1024.jpg 1536w, http:\/\/ziroskopi.rs\/wp-content\/uploads\/2022\/11\/ban_6707_1667831701-2048x1366.jpg 2048w\" sizes=\"auto, (max-width: 1024px) 100vw, 1024px\"\/><\/p>\n<p class=\"MsoNormal\">Direktor Vojnotehni\u010dkog instituta pukovnik dr Bojan Pavkovi\u0107 predstavio je aktuelne projekte i govorio o perspektivama razvoja te nau\u010dnoistra\u017eiva\u010dke ustanove.<\/p>\n<p class=\"MsoNormal\">\u2013 Danas je Vojnotehni\u010dki institut najve\u0107a nau\u010dno istra\u017eiva\u010dka institucija u ovom delu Evrope u oblasti istra\u017eivanja i razvoja sredstava naoru\u017eanja i vojne opreme, vode\u0107a nau\u010dno-istra\u017eiva\u010dka ustanova u Srbiji u oblasti odbrambenih tehnologija \u2013 rekao je pukovnik Pavkovi\u0107.<\/p>\n<p class=\"MsoNormal\">Prema re\u010dima pukovnika Pavkovi\u0107a, osnovni uspeh VTI u protekloj godini je 14 novih sredstava naoru\u017eanja i vojne opreme koji se uvode u naoru\u017eanje Vojske Srbije. To, kako je naglasio, ne bi bilo mogu\u0107e bez podr\u0161ke Ministarstva odbrane.<\/p>\n<p class=\"MsoNormal\"><img loading=\"lazy\" decoding=\"async\" class=\"alignright wp-image-1526 size-large\" src=\"http:\/\/ziroskopi.rs\/wp-content\/uploads\/2022\/11\/ban_6614_1667831774-1024x683.jpg\" alt=\"\" width=\"1024\" height=\"683\" srcset=\"http:\/\/ziroskopi.rs\/wp-content\/uploads\/2022\/11\/ban_6614_1667831774-1024x683.jpg 1024w, http:\/\/ziroskopi.rs\/wp-content\/uploads\/2022\/11\/ban_6614_1667831774-300x200.jpg 300w, http:\/\/ziroskopi.rs\/wp-content\/uploads\/2022\/11\/ban_6614_1667831774-768x512.jpg 768w, http:\/\/ziroskopi.rs\/wp-content\/uploads\/2022\/11\/ban_6614_1667831774-1536x1024.jpg 1536w, http:\/\/ziroskopi.rs\/wp-content\/uploads\/2022\/11\/ban_6614_1667831774-2048x1366.jpg 2048w\" sizes=\"auto, (max-width: 1024px) 100vw, 1024px\"\/><\/p>\n<p class=\"MsoNormal\">U znak priznanja za poslovnu saradnju u protekloj godini, direktor VTI uru\u010dio je plakete preduze\u0107u \u201cPrvi partizan\u201d U\u017eice, privrednom dru\u0161tvu Teleoptik-\u017diroskopi i kineskoj kompaniji Alit. Tako\u0111e, uru\u010dena su priznanja i zahvalnice istaknutim pojedincima.<\/p>\n<p>Plaketu je ispred Teleoptik \u2013 \u017diroskopa primio v.d. generalnog direktora Zoran Jari\u0107.<\/p>\n<p class=\"MsoNormal\">Dana\u0161njoj sve\u010danosti prisustvovali su pomo\u0107nik ministra odbrane za materijalne resurse dr Nenad Miloradovi\u0107, pomo\u0107nik ministra za politiku odbrane Predrag Bandi\u0107, pomo\u0107nik ministra za bud\u017eet i finansije Katarina Pavi\u010di\u0107 i brojni gosti.<\/p>\n<p class=\"MsoNormal\">U umetni\u010dkom delu programa nastupio je Umetni\u010dki ansambl Ministarstva odbrane \u201cStanislav Bini\u010dki\u201d pod dirigentskom palicom potpukovnika Igora Mitrovi\u0107a.<\/p>\n<p class=\"MsoNormal\">Dan Vojnotehni\u010dkog instituta obele\u017eava se u znak se\u0107anja na 1948. godinu kada je nakon oslobo\u0111enja zemlje formiran Vojnotehni\u010dki institut Jugoslovenske armije, sa ciljem opremanja, razvoja i modernizacije vojske oslanjanjem na sopstvene snage.<\/p>\n<p class=\"MsoNormal\">Tekst, video i fotografije: Ministarstvo odbrane Republike Srbije<\/p>\n<p class=\"MsoNormal\"><img loading=\"lazy\" decoding=\"async\" class=\"alignright wp-image-1528 size-large\" src=\"http:\/\/ziroskopi.rs\/wp-content\/uploads\/2022\/11\/ban_6717_1667830169-1024x683.jpg\" alt=\"\" width=\"1024\" height=\"683\" srcset=\"http:\/\/ziroskopi.rs\/wp-content\/uploads\/2022\/11\/ban_6717_1667830169-1024x683.jpg 1024w, http:\/\/ziroskopi.rs\/wp-content\/uploads\/2022\/11\/ban_6717_1667830169-300x200.jpg 300w, http:\/\/ziroskopi.rs\/wp-content\/uploads\/2022\/11\/ban_6717_1667830169-768x512.jpg 768w, http:\/\/ziroskopi.rs\/wp-content\/uploads\/2022\/11\/ban_6717_1667830169-1536x1024.jpg 1536w, http:\/\/ziroskopi.rs\/wp-content\/uploads\/2022\/11\/ban_6717_1667830169-2048x1366.jpg 2048w\" sizes=\"auto, (max-width: 1024px) 100vw, 1024px\"\/><\/p>\n<p class=\"MsoNormal\">\u00a0<\/p>\n<p class=\"MsoNormal\">\u00a0<\/p>\n<p class=\"MsoNormal\">\u00a0<\/p>\n<p class=\"MsoNormal\">\u00a0<\/p>\n<p class=\"MsoNormal\">\u00a0<\/p>\n<p class=\"MsoNormal\">\u00a0<\/p>\n<\/div>\n<p><a href=\"http:\/\/ziroskopi.rs\/obelezen-dan-vojnotehnickog-instituta\/\" target=\"_blank\" rel=\"noopener\">Source link <\/a><br \/>\n\n Obele\u017een Dan Vojnotehni\u010dkog instituta\u200b \u2013 Teleoptik<\/p>\n","protected":false},"excerpt":{"rendered":"<p>Sve\u010danim skupom u amfiteatru Vojnotehni\u010dkog instituta danas je obele\u017eeno 74 godine postojanja te najzna\u010dajnije do ma\u0107e nau\u010dnoistra\u017eiva\u010dke ustanove u oblasti&hellip;<\/p>\n","protected":false},"author":1,"featured_media":1113,"comment_status":"open","ping_status":"open","sticky":false,"template":"","format":"standard","meta":{"footnotes":""},"categories":[1],"tags":[],"class_list":["post-1112","post","type-post","status-publish","format-standard","has-post-thumbnail","hentry","category-oglasi-zemun"],"_links":{"self":[{"href":"https:\/\/oglasi.infooglasi.rs\/oglasi\/oglasibeogradzemun\/wp-json\/wp\/v2\/posts\/1112","targetHints":{"allow":["GET"]}}],"collection":[{"href":"https:\/\/oglasi.infooglasi.rs\/oglasi\/oglasibeogradzemun\/wp-json\/wp\/v2\/posts"}],"about":[{"href":"https:\/\/oglasi.infooglasi.rs\/oglasi\/oglasibeogradzemun\/wp-json\/wp\/v2\/types\/post"}],"author":[{"embeddable":true,"href":"https:\/\/oglasi.infooglasi.rs\/oglasi\/oglasibeogradzemun\/wp-json\/wp\/v2\/users\/1"}],"replies":[{"embeddable":true,"href":"https:\/\/oglasi.infooglasi.rs\/oglasi\/oglasibeogradzemun\/wp-json\/wp\/v2\/comments?post=1112"}],"version-history":[{"count":0,"href":"https:\/\/oglasi.infooglasi.rs\/oglasi\/oglasibeogradzemun\/wp-json\/wp\/v2\/posts\/1112\/revisions"}],"wp:featuredmedia":[{"embeddable":true,"href":"https:\/\/oglasi.infooglasi.rs\/oglasi\/oglasibeogradzemun\/wp-json\/wp\/v2\/media\/1113"}],"wp:attachment":[{"href":"https:\/\/oglasi.infooglasi.rs\/oglasi\/oglasibeogradzemun\/wp-json\/wp\/v2\/media?parent=1112"}],"wp:term":[{"taxonomy":"category","embeddable":true,"href":"https:\/\/oglasi.infooglasi.rs\/oglasi\/oglasibeogradzemun\/wp-json\/wp\/v2\/categories?post=1112"},{"taxonomy":"post_tag","embeddable":true,"href":"https:\/\/oglasi.infooglasi.rs\/oglasi\/oglasibeogradzemun\/wp-json\/wp\/v2\/tags?post=1112"}],"curies":[{"name":"wp","href":"https:\/\/api.w.org\/{rel}","templated":true}]}}