{"id":1207,"date":"2024-07-15T16:04:18","date_gmt":"2024-07-15T14:04:18","guid":{"rendered":"https:\/\/oglasi.infooglasi.rs\/oglasi\/oglasibeogradzemun\/foto-sta-je-sve-nikola-dobrovic-predvideo-u-zemunu-1947-godine-oglasi-zemun\/"},"modified":"2024-07-15T16:04:18","modified_gmt":"2024-07-15T14:04:18","slug":"foto-sta-je-sve-nikola-dobrovic-predvideo-u-zemunu-1947-godine-oglasi-zemun","status":"publish","type":"post","link":"https:\/\/oglasi.infooglasi.rs\/oglasi\/oglasibeogradzemun\/foto-sta-je-sve-nikola-dobrovic-predvideo-u-zemunu-1947-godine-oglasi-zemun\/","title":{"rendered":"(FOTO) \u0160TA JE SVE NIKOLA DOBROVI\u0106 PREDVIDEO U ZEMUNU 1947. GODINE &#8211; OGLASI ZEMUN"},"content":{"rendered":"<p><\/p>\n<div>\n<p>\u010cetvrta dimenzija<\/p>\n<p>\u0160ta je sve Nikola Dobrovi\u0107 predvideo (za ru\u0161enje) u Beogradu 1947.<\/p>\n<p>Rat je ve\u0107 bezmalo tri godine bio za Beogra\u0111anima kada su u <strong>julu 1947<\/strong>. na sto pred <strong>va\u017enim drugovima iz Savezne, ali i Vlade Srbije ra\u0161ireni projekti za izgled novog Beograda.<\/strong><\/p>\n<p>Ali ne ovog sa velikim N kakvog danas znamo, a \u010dije su <strong>temelje udarile Omladinske radne akcije 11. aprila 1948<\/strong>. Ta\u010dno, i taj Novi se spominjao u obrisima, ali <strong>poenta je bila u viziji nekog potpuno novog izgleda kompletne prestonice jedne nove dr\u017eave pod novom vla\u0161\u0107u\u2026.<\/strong><\/p>\n<p>Planove je predstavio arhitekta koji je u novouspostavljenom komunizmu dobio ulogu <strong>vrhovnog partijskog komesara za gra\u0111evinarstvo<\/strong>, a \u010dije se ime proteklih nedelja, u ovo na\u0161e sada\u0161nje vreme, odjednom \u010desto \u010dulo u medijima: <strong>Nikola Dobrovi\u0107.<img fetchpriority=\"high\" decoding=\"async\" class=\"alignnone size-full wp-image-48914\" src=\"https:\/\/zemunskevesti.rs\/wp-content\/uploads\/2024\/07\/1000011984.jpg\" alt=\"\" width=\"1080\" height=\"1283\" srcset=\"https:\/\/zemunskevesti.rs\/wp-content\/uploads\/2024\/07\/1000011984.jpg 1080w, https:\/\/zemunskevesti.rs\/wp-content\/uploads\/2024\/07\/1000011984-253x300.jpg 253w, https:\/\/zemunskevesti.rs\/wp-content\/uploads\/2024\/07\/1000011984-862x1024.jpg 862w, https:\/\/zemunskevesti.rs\/wp-content\/uploads\/2024\/07\/1000011984-768x912.jpg 768w\" sizes=\"(max-width: 1080px) 100vw, 1080px\"\/><\/strong><\/p>\n<p><strong>E ba\u0161 taj Dobrovi\u0107 je bio onaj koji je najva\u017enijim drugovima predstavio \u010dak 180 idejnih nacrta, kao kolektivni rad Urbanisti\u010dkog instituta. Bile su to ideje planirane da se ostvare u narednih 25 do 30 godina uz projekciju da bi tada glavni grad imao 750.000 do milion stanovnika (prema popisu 1948. imao je 367.816). Neke od tih ideja danas bi digle kompletnu javnost na noge i dovele do sveop\u0161teg nezadovoljstva. Ali, te 1947. bilo je druga\u010dije vreme. Em javnost nije participirala u planovima, em je bilo opasno, gotovo smrtonosno, pobuniti se.<img loading=\"lazy\" decoding=\"async\" class=\"alignnone size-full wp-image-48915\" src=\"https:\/\/zemunskevesti.rs\/wp-content\/uploads\/2024\/07\/1000011983.jpg\" alt=\"\" width=\"1079\" height=\"1408\" srcset=\"https:\/\/zemunskevesti.rs\/wp-content\/uploads\/2024\/07\/1000011983.jpg 1079w, https:\/\/zemunskevesti.rs\/wp-content\/uploads\/2024\/07\/1000011983-230x300.jpg 230w, https:\/\/zemunskevesti.rs\/wp-content\/uploads\/2024\/07\/1000011983-785x1024.jpg 785w, https:\/\/zemunskevesti.rs\/wp-content\/uploads\/2024\/07\/1000011983-768x1002.jpg 768w\" sizes=\"auto, (max-width: 1079px) 100vw, 1079px\"\/><\/strong><\/p>\n<p>Pa krenimo redom\u2026 Ono \u0161to je bilo <strong>va\u017eno pregalnicima socijalisti\u010dkog dru\u0161tva<\/strong> jeste da <strong>grad pre\u0111e Savu i da se spoji sa Zemunom<\/strong>. Paralelno sa tim <strong>\u0161irio bi se Jatagan malom i ulicom Stevana Prvoven\u010danog do Mokrolu\u0161kog prevoja<\/strong>.<\/p>\n<p><strong>Nameravano je i da se sa obe obale Save od Ade Ciganlije do U\u0161\u0107a uklone svi magacini, stovari\u0161ta, drvare i da se \u2013 prebace na dunavsku obalu<\/strong>. Kad se stvori <strong>\u010distina<\/strong> na njoj je, prema zamisli, trebalo da se izgrade sva ministarstva Srbije uz druge javne zgrade, pa i umetni\u010dke galerije, biblioteke\u2026<img loading=\"lazy\" decoding=\"async\" class=\"alignnone size-full wp-image-48916\" src=\"https:\/\/zemunskevesti.rs\/wp-content\/uploads\/2024\/07\/1000011993-1024x947-1.jpg\" alt=\"\" width=\"1024\" height=\"947\" srcset=\"https:\/\/zemunskevesti.rs\/wp-content\/uploads\/2024\/07\/1000011993-1024x947-1.jpg 1024w, https:\/\/zemunskevesti.rs\/wp-content\/uploads\/2024\/07\/1000011993-1024x947-1-300x277.jpg 300w, https:\/\/zemunskevesti.rs\/wp-content\/uploads\/2024\/07\/1000011993-1024x947-1-768x710.jpg 768w\" sizes=\"auto, (max-width: 1024px) 100vw, 1024px\"\/><\/p>\n<p>Na tom \u201c<strong>zemunskom<\/strong>\u201d delu Beograda, preko Save, teren je ve\u0107 bio <strong>rezervisan<\/strong>: mesec dana pre nego \u0161to je in\u017eenjer Dobrovi\u0107 govorio o <strong>budu\u0107nosti<\/strong>, ona je ve\u0107 po\u010dela da se stvara <strong>radovima na zgradi Predsedni\u0161tva vlade FNRJ i Centralnog komiteta KPJ, da bi se namena i ime ve\u0107 izmenilo do 1959. kada je i sve\u010dano otvorena Palata Federacije, poznatija kao Savezno izvr\u0161no ve\u0107e iliti SIV, a danas Palata Srbija.<\/strong><\/p>\n<p>Na tom <strong>novobeogradsko-zemunskom potezu je ucrtana i stambena zona<\/strong>, a uz samu obalu Save prostirao bi se zeleni pojas \u0161irok 160 meta sa bunarima za vodu! Trebalo je pre toga <strong>samo poru\u0161iti<\/strong> predratno naselje zvano u \u017eargonu Beogra\u0111ana, pomalo ironi\u010dno jer su tu bile uglavnom prizemlju\u0161e i neuslovne ku\u0107ice \u2013 \u201cNovi Beograd\u201d. Ina\u010de, to naselje postoji i danas. Toliko o planovima.<img loading=\"lazy\" decoding=\"async\" class=\"alignnone size-full wp-image-48917\" src=\"https:\/\/zemunskevesti.rs\/wp-content\/uploads\/2024\/07\/1000011994.jpg\" alt=\"\" width=\"640\" height=\"468\" srcset=\"https:\/\/zemunskevesti.rs\/wp-content\/uploads\/2024\/07\/1000011994.jpg 640w, https:\/\/zemunskevesti.rs\/wp-content\/uploads\/2024\/07\/1000011994-300x219.jpg 300w\" sizes=\"auto, (max-width: 640px) 100vw, 640px\"\/><\/p>\n<p>Davalo se posebno na zna\u010daju saobra\u0107aju. Ali opet onako kako je u \u0161tampi obja\u0161njeno Beogra\u0111anima moglo bi se podvesti pod \u2013 ko razume, shvati\u0107e:<img loading=\"lazy\" decoding=\"async\" class=\"alignnone size-full wp-image-48918\" src=\"https:\/\/zemunskevesti.rs\/wp-content\/uploads\/2024\/07\/1000011995.jpg\" alt=\"\" width=\"896\" height=\"616\" srcset=\"https:\/\/zemunskevesti.rs\/wp-content\/uploads\/2024\/07\/1000011995.jpg 896w, https:\/\/zemunskevesti.rs\/wp-content\/uploads\/2024\/07\/1000011995-300x206.jpg 300w, https:\/\/zemunskevesti.rs\/wp-content\/uploads\/2024\/07\/1000011995-768x528.jpg 768w\" sizes=\"auto, (max-width: 896px) 100vw, 896px\"\/><\/p>\n<p>\u2013 <em>Ceo prostor za saobra\u0107aj bi\u0107e racionalno iskori\u0161\u0107en, a glavna stanica nalazi\u0107e se sa leve strane Save. Racionalno iskori\u0161\u0107avanje zemlji\u0161ta za saobra\u0107aj sastoji se u tome \u0161to \u0107e se upotrebiti manje povr\u0161ine, zatim \u0107e biti iskori\u0161\u0107en maksimum efekata za rad, nimalo ne\u0107e biti paralisana gradska povr\u0161ina itd.<img loading=\"lazy\" decoding=\"async\" class=\"alignnone size-full wp-image-48919\" src=\"https:\/\/zemunskevesti.rs\/wp-content\/uploads\/2024\/07\/1000011990.jpg\" alt=\"\" width=\"897\" height=\"975\" srcset=\"https:\/\/zemunskevesti.rs\/wp-content\/uploads\/2024\/07\/1000011990.jpg 897w, https:\/\/zemunskevesti.rs\/wp-content\/uploads\/2024\/07\/1000011990-276x300.jpg 276w, https:\/\/zemunskevesti.rs\/wp-content\/uploads\/2024\/07\/1000011990-768x835.jpg 768w\" sizes=\"auto, (max-width: 897px) 100vw, 897px\"\/><\/em><\/p>\n<p>Pored tog saobra\u0107aja kudikamo preciznije je opisan plan metroa, koji je nameravan da po\u010dinje od Kalemegdana, pa da se prostire ispod Terazija, Slavije, prostora oko Hrama Svetog Save, Fran\u0161e Deperea ulice sve do Banji\u010dkog stadiona. To bi trebalo da oslobodi Beograd od povr\u0161inskog saobra\u0107aja, tramvaji i trolejbusi bi i\u0161\u010deznuli u centru i saobra\u0107ali bi samo automobili! Danas su, recimo, namere sasvim druga\u010dije i gleda se kako da se kola izvuku iz u\u017eeg gradskog jezgra, a da se tamo koriste upravo tramvaji uz elektri\u010dne autobuse.<\/p>\n<p>O tom Banji\u010dkom stadionu iliti Velikom olimpijskom stadionu Kaldrma je nedavno ve\u0107 pisala. Ceo taj Fiskulturni pojas je trebalo da zaiuzme povr\u0161inu od Banji\u010dkog polja do Autokomande, sa ve\u017ebali\u0161tem za 80.000 ve\u017eba\u010da i 200.000 gledalaca, a u tu brojku se uklapao i glavni beogradski fudbalski stadion sa tribinama za 80.000 ljudi. Nikle bi sportske palate, sve vrste igrali\u0161ta, pozori\u0161te pod vedrim nebom, fiskulturno selo\u2026 To je, ina\u010de, mesto dana\u0161nje \u0161ume D\u017eona Bajforda (Banji\u010dka \u0161uma).<img loading=\"lazy\" decoding=\"async\" class=\"alignnone size-full wp-image-48920\" src=\"https:\/\/zemunskevesti.rs\/wp-content\/uploads\/2024\/07\/1000010513.png\" alt=\"\" width=\"667\" height=\"781\" srcset=\"https:\/\/zemunskevesti.rs\/wp-content\/uploads\/2024\/07\/1000010513.png 667w, https:\/\/zemunskevesti.rs\/wp-content\/uploads\/2024\/07\/1000010513-256x300.png 256w\" sizes=\"auto, (max-width: 667px) 100vw, 667px\"\/><\/p>\n<p>Posebno su planirane dve stambene zone od po 10.000 stanovnika \u2013 jedna ispod Pioinira, a druga povi\u0161e Prookopa.<\/p>\n<p>Glavna stanica tog novog velikog Beograda sa skoro milion stanovnika do zadate 1977. godine trebalo je da se nalazi u be\u017eanijskom prostoru, a opslu\u017eivale bi je dve tehni\u010dke stanice \u2013 jedna u Top\u010diderskoj dolini, a druga u proseku u Zemunu. Zna\u010di, sav teretni saobra\u0107aj bi se odvijao mimo nje i ona bi, kako je pisalo u obrazlo\u017eenjima nacrta, \u201cbila \u010dista i moderno ure\u0111ena\u201d.<\/p>\n<p>I tada se promi\u0161ljalo o regulisanju zaga\u0111enja vazduha, pa je za svu onu ne\u010distu industriju sa ogromnim dimnjacima obezbe\u0111en prostor na periferiji, a \u010dista (?!) bi se smestila iznad Zemuna i kod Ade Ciganlije.<\/p>\n<p>Skup\u0161tina kakvom je i danas znamo, a koja je zidana skoro 30 godina, da bi 1936. u njoj odr\u017eana prva sednica, ne bi bila vi\u0161e tu. Ustvari, zdanje bi ostalo i bilo bi u nekoj sasvim drugoj nameni, a narodni poslanici bi se zapravo sastajali na Kalemgdanu gde je trebalo da se podigne nova Skup\u0161tina!<img loading=\"lazy\" decoding=\"async\" class=\"alignnone size-full wp-image-48921\" src=\"https:\/\/zemunskevesti.rs\/wp-content\/uploads\/2024\/07\/1000011989.jpg\" alt=\"\" width=\"1024\" height=\"735\" srcset=\"https:\/\/zemunskevesti.rs\/wp-content\/uploads\/2024\/07\/1000011989.jpg 1024w, https:\/\/zemunskevesti.rs\/wp-content\/uploads\/2024\/07\/1000011989-300x215.jpg 300w, https:\/\/zemunskevesti.rs\/wp-content\/uploads\/2024\/07\/1000011989-768x551.jpg 768w\" sizes=\"auto, (max-width: 1024px) 100vw, 1024px\"\/><\/p>\n<p>A u njenoj blizini, tako\u0111e na Kalemegdanu, trebalo je da budu sagra\u0111eni i Muzej narodnooslobodila\u010dke borbe, Panteon, sportski stadion, spomenik Narodnom heroju\u2026 Naravno, sve uz uklanjanje starih sadr\u017eaja! Nije se Dobrovi\u0107 u revolucinarnom zanosu previ\u0161e obazirao na davnu istoriju. Pobedniku je tako\u0111e bilo odzvonilo da bude jedna od glavnih atrakcija.<\/p>\n<p>Verujemo da dok \u010ditate sve ovo u mislima prebirate \u0161ta je nastalo, \u0161ta opstalo, a \u0161ta samo ostalo na odavno po\u017eutelim hamerima i papirima.<\/p>\n<p>Na Trgu Republike je planiran plo\u010dnik koji bi prima 120.000 ljudi a protezao bi se od Narodnog pozori\u0161ta i Doma Jugoslovenske armije ispod bloka zgrada, pa spajao Albaniju sa palatom Riuniona i dalje u Knez Mihailovu ka Topli\u010dinom vencu. Ispred zgrade Doma JA bio bi ulaz u podzemnu stanicu, odnosno metro. I sve bi to bila jedna velika pe\u0161a\u010dka zona.<\/p>\n<p>Ne\u0161to sli\u010dno iscrtano je i za Terazije, posebno za Terazijsku terasu koja bi se stepenasto spu\u0161tala ka Savi, dok bi je okru\u017eivale nove ku\u0107e gde bi mogle biti izgra\u0111ene, a postoje\u0107e renovirane, dok bi neke bile i uklonjene (opet) da ne ru\u017ee prostor.<img loading=\"lazy\" decoding=\"async\" class=\"alignnone size-full wp-image-48922\" src=\"https:\/\/zemunskevesti.rs\/wp-content\/uploads\/2024\/07\/1000011991.jpg\" alt=\"\" width=\"1080\" height=\"1061\" srcset=\"https:\/\/zemunskevesti.rs\/wp-content\/uploads\/2024\/07\/1000011991.jpg 1080w, https:\/\/zemunskevesti.rs\/wp-content\/uploads\/2024\/07\/1000011991-300x295.jpg 300w, https:\/\/zemunskevesti.rs\/wp-content\/uploads\/2024\/07\/1000011991-1024x1006.jpg 1024w, https:\/\/zemunskevesti.rs\/wp-content\/uploads\/2024\/07\/1000011991-768x754.jpg 768w\" sizes=\"auto, (max-width: 1080px) 100vw, 1080px\"\/><\/p>\n<p>I oblast Ta\u0161majdana \u0107e, navedeno je onomad, biti racionalno iskori\u0161tena sve do parka kod Studentskog doma. Mislilo se na dom Kralj Aleksandar I, dugo znan kao Lola. Na tom prostoru bi\u0107e izgra\u0111ena jedna od najmonumentalnijih zgrada koja mo\u017ee da poslu\u017ei za Dom jedinstvenih sindikata ili ma koju masovnu organizaciju, govorio je drug Dobrovi\u0107 va\u017enim drugovima.<\/p>\n<p>Sindikati jesu docnije prona\u0161li svoje mesto, ali na drugu stranu ka Terazijama. Na ta\u0161majdanskom kompleksu bili su iscrtani i razni objekti namenjeni pionirima, igrali\u0161te i pozori\u0161te na otvorenom. Na sre\u0107u, ni to nije ostvareno pa je Beograd sa\u010duvao jo\u0161 jedan svoj va\u017ean deo pred Dobrovi\u0107evim zanosom.<img loading=\"lazy\" decoding=\"async\" class=\"alignnone size-full wp-image-48924\" src=\"https:\/\/zemunskevesti.rs\/wp-content\/uploads\/2024\/07\/1000011988.jpg\" alt=\"\" width=\"1035\" height=\"631\" srcset=\"https:\/\/zemunskevesti.rs\/wp-content\/uploads\/2024\/07\/1000011988.jpg 1035w, https:\/\/zemunskevesti.rs\/wp-content\/uploads\/2024\/07\/1000011988-300x183.jpg 300w, https:\/\/zemunskevesti.rs\/wp-content\/uploads\/2024\/07\/1000011988-1024x624.jpg 1024w, https:\/\/zemunskevesti.rs\/wp-content\/uploads\/2024\/07\/1000011988-768x468.jpg 768w\" sizes=\"auto, (max-width: 1035px) 100vw, 1035px\"\/><\/p>\n<p>Nije u planu bilo samo da se zida, poplo\u010dava, asfaltira\u2026 Kako bi stari Beograd, nameravno je, postajao ustvari novi, realizacijom tih 180 nacrta, s koje god strane Save bude gledan morao bi da ima mnogo zelenila. Te 1947. je bilo na jednog stanovnika kvadratni metar zelene povr\u0161ine, a po novom Dobrovi\u0107evim planu na jednog Beogra\u0111anina dolazilo bi 25 kvadratanih metara zelenila. Gde bi ih postavio u gradu u kome je predvideo da se ve\u0107ina centralnih parkovskih zona pretvori u mastodontske objekte \u2013 nije tada rekao. Ali je dobro zvu\u010dalo.<\/p>\n<p>Ladovina. Kako god da je shvatite.<\/p>\n<p>\u00a0<\/p>\n<\/p><\/div>\n<p><a href=\"https:\/\/zemunskevesti.rs\/foto-sta-je-sve-nikola-dobrovic-predvideo-u-zemunu-1947-godine\/\" target=\"_blank\" rel=\"noopener\">Source link <\/a><br \/>\n\n (FOTO) \u0160TA JE SVE NIKOLA DOBROVI\u0106 PREDVIDEO U ZEMUNU 1947. GODINE<\/p>\n","protected":false},"excerpt":{"rendered":"<p>\u010cetvrta dimenzija \u0160ta je sve Nikola Dobrovi\u0107 predvideo (za ru\u0161enje) u Beogradu 1947. Rat je ve\u0107 bezmalo tri godine bio&hellip;<\/p>\n","protected":false},"author":1,"featured_media":1208,"comment_status":"open","ping_status":"open","sticky":false,"template":"","format":"standard","meta":{"footnotes":""},"categories":[1],"tags":[],"class_list":["post-1207","post","type-post","status-publish","format-standard","has-post-thumbnail","hentry","category-oglasi-zemun"],"_links":{"self":[{"href":"https:\/\/oglasi.infooglasi.rs\/oglasi\/oglasibeogradzemun\/wp-json\/wp\/v2\/posts\/1207","targetHints":{"allow":["GET"]}}],"collection":[{"href":"https:\/\/oglasi.infooglasi.rs\/oglasi\/oglasibeogradzemun\/wp-json\/wp\/v2\/posts"}],"about":[{"href":"https:\/\/oglasi.infooglasi.rs\/oglasi\/oglasibeogradzemun\/wp-json\/wp\/v2\/types\/post"}],"author":[{"embeddable":true,"href":"https:\/\/oglasi.infooglasi.rs\/oglasi\/oglasibeogradzemun\/wp-json\/wp\/v2\/users\/1"}],"replies":[{"embeddable":true,"href":"https:\/\/oglasi.infooglasi.rs\/oglasi\/oglasibeogradzemun\/wp-json\/wp\/v2\/comments?post=1207"}],"version-history":[{"count":0,"href":"https:\/\/oglasi.infooglasi.rs\/oglasi\/oglasibeogradzemun\/wp-json\/wp\/v2\/posts\/1207\/revisions"}],"wp:featuredmedia":[{"embeddable":true,"href":"https:\/\/oglasi.infooglasi.rs\/oglasi\/oglasibeogradzemun\/wp-json\/wp\/v2\/media\/1208"}],"wp:attachment":[{"href":"https:\/\/oglasi.infooglasi.rs\/oglasi\/oglasibeogradzemun\/wp-json\/wp\/v2\/media?parent=1207"}],"wp:term":[{"taxonomy":"category","embeddable":true,"href":"https:\/\/oglasi.infooglasi.rs\/oglasi\/oglasibeogradzemun\/wp-json\/wp\/v2\/categories?post=1207"},{"taxonomy":"post_tag","embeddable":true,"href":"https:\/\/oglasi.infooglasi.rs\/oglasi\/oglasibeogradzemun\/wp-json\/wp\/v2\/tags?post=1207"}],"curies":[{"name":"wp","href":"https:\/\/api.w.org\/{rel}","templated":true}]}}