{"id":899,"date":"2023-11-22T21:08:10","date_gmt":"2023-11-22T20:08:10","guid":{"rendered":"https:\/\/oglasi.infooglasi.rs\/oglasi\/oglasibeogradzemun\/novi-peugeot-2008-snazan-i-okretan-suv-istice-svoj-osvezeni-dizajn-i-novi-elektricni-performans-do-406-km-dometa-oglasi-zemun\/"},"modified":"2023-11-22T21:08:10","modified_gmt":"2023-11-22T20:08:10","slug":"novi-peugeot-2008-snazan-i-okretan-suv-istice-svoj-osvezeni-dizajn-i-novi-elektricni-performans-do-406-km-dometa-oglasi-zemun","status":"publish","type":"post","link":"https:\/\/oglasi.infooglasi.rs\/oglasi\/oglasibeogradzemun\/novi-peugeot-2008-snazan-i-okretan-suv-istice-svoj-osvezeni-dizajn-i-novi-elektricni-performans-do-406-km-dometa-oglasi-zemun\/","title":{"rendered":"NOVI PEUGEOT 2008, sna\u017ean i okretan SUV, isti\u010de svoj osve\u017eeni dizajn i novi elektri\u010dni performans do 406 km dometa &#8211; OGLASI ZEMUN"},"content":{"rendered":"<p><\/p>\n<div>\n<p><strong>PEUGEOT 2008 je vi\u0161e od tri godine bestseler na tr\u017ei\u0161tu SUV vozila B segmenta i sada je napravio novi korak napred u pogledu dizajna, tehnologije i elektrifikacije.<\/strong><\/p>\n<p><strong>Nudi:<\/strong><\/p>\n<p>Vi\u0161e privla\u010dnosti sa elegantnim karakterom i izra\u017eajnim dizajnom SUV-a, vi\u0161e emocija za volanom zahvaljuju\u0107i neuporedivom i-Cockpit\u00ae 3D, oboga\u0107enom centralnim ekranom visoke definicije od 10 in\u010da i izuzetnim ose\u0107ajem na putu, kao i izvrsnu efikasnost novog elektri\u010dnog motora koji pru\u017ea do 406 km dometa (WLTP kombinovani ciklus) i novih tehnologija u vozilu.<\/p>\n<figure class=\"wp-block-image size-full\"><img loading=\"lazy\" decoding=\"async\" width=\"1920\" height=\"1080\" src=\"https:\/\/autonena.rs\/wp-content\/uploads\/2023\/08\/p3.png\" alt=\"\" class=\"wp-image-27125\" srcset=\"https:\/\/autonena.rs\/wp-content\/uploads\/2023\/08\/p3.png 1920w, https:\/\/autonena.rs\/wp-content\/uploads\/2023\/08\/p3-1067x600.png 1067w, https:\/\/autonena.rs\/wp-content\/uploads\/2023\/08\/p3-533x300.png 533w, https:\/\/autonena.rs\/wp-content\/uploads\/2023\/08\/p3-768x432.png 768w, https:\/\/autonena.rs\/wp-content\/uploads\/2023\/08\/p3-814x458.png 814w, https:\/\/autonena.rs\/wp-content\/uploads\/2023\/08\/p3-1536x864.png 1536w, https:\/\/autonena.rs\/wp-content\/uploads\/2023\/08\/p3-1600x900.png 1600w, https:\/\/autonena.rs\/wp-content\/uploads\/2023\/08\/p3-1200x675.png 1200w\" sizes=\"auto, (max-width: 1920px) 100vw, 1920px\"\/><\/figure>\n<p><strong>Lansiran krajem 2019. godine, sa skoro 700.000 proizvedenih jedinica, PEUGEOT 2008 je uvek bio na postolju po prodaji SUV vozila B segmenta u Evropi i \u010dak je bio na vrhu liste 2021. godine.<\/strong><\/p>\n<p>Uspehu ovog modela posebno duguje E-2008, koji je bio pionir elektrifikacije u svom segmentu od 2019. godine, sa vi\u0161e od 75.000 proizvedenih jedinica.<\/p>\n<p>On je \u010dinio 17,4% prodaje verzija u 2022. godini, stavljaju\u0107i ga na postolje evropske prodaje elektri\u010dnih SUV vozila u B segmentu. Na\u0161u ponudu ovog modela mo\u017eete pogledati <strong><a href=\"https:\/\/autonena.rs\/polovni-automobili\/\" target=\"_blank\" rel=\"noopener\">OVDE. <\/a><\/strong><\/p>\n<p><strong>MATTHIAS HOSSANN, DIREKTOR DIZAJNA PEUGEOT-a:<\/strong> \u201eSa novim 2008, PEUGEOT nastavlja da ja\u010da svoj tehnolo\u0161ki i lavovski identitet. Jedan od klju\u010dnih elemenata dizajnerskog rada je postavljanje prednjeg dela, koje isti\u010de 3-zarezni potpis i poja\u010dava robustan i mi\u0161i\u0107av stil koji je ovom SUV-u doneo toliko uspeha na svim tr\u017ei\u0161tima i ilustruje pove\u0107anje kvaliteta koje novi 2008 do\u017eivljava.\u201c<\/p>\n<p>Kupci PEUGEOT 2008 su prvenstveno privu\u010deni njegovim sna\u017enim dizajnom, koji je opisan kao elegantan, mo\u0107an i robustan. Tako\u0111e cene njegovu svestranost i agilnost, \u0161to novi 2008 \u010dini posebno pogodnim SUV-om za aktivne porodice.<\/p>\n<p><strong>Novi PEUGEOT 2008 proizvodi se u fabrici Vigo u \u0160paniji. Na prodaju \u0107e biti pu\u0161ten tokom leta 2023. godine sa rasponom od tri verzije \u2013 ACTIVE, ALLURE, GT \u2013 i \u010detiri motora, uklju\u010duju\u0107i novi elektri\u010dni motor snage 115 kW\/156 KS sa do 406 km dometa (WLTP kombinovani ciklus). Raspon \u0107e biti pro\u0161iren 2024. godine dolaskom novog hibridnog motora.<\/strong><\/p>\n<figure class=\"wp-block-gallery has-nested-images columns-default is-cropped wp-block-gallery-1 is-layout-flex wp-block-gallery-is-layout-flex\">\n<figure class=\"wp-block-image size-large\"><img loading=\"lazy\" decoding=\"async\" width=\"1920\" height=\"1080\" data-id=\"27124\" src=\"https:\/\/autonena.rs\/wp-content\/uploads\/2023\/08\/p1.png\" alt=\"\" class=\"wp-image-27124\" srcset=\"https:\/\/autonena.rs\/wp-content\/uploads\/2023\/08\/p1.png 1920w, https:\/\/autonena.rs\/wp-content\/uploads\/2023\/08\/p1-1067x600.png 1067w, https:\/\/autonena.rs\/wp-content\/uploads\/2023\/08\/p1-533x300.png 533w, https:\/\/autonena.rs\/wp-content\/uploads\/2023\/08\/p1-768x432.png 768w, https:\/\/autonena.rs\/wp-content\/uploads\/2023\/08\/p1-814x458.png 814w, https:\/\/autonena.rs\/wp-content\/uploads\/2023\/08\/p1-1536x864.png 1536w, https:\/\/autonena.rs\/wp-content\/uploads\/2023\/08\/p1-1600x900.png 1600w, https:\/\/autonena.rs\/wp-content\/uploads\/2023\/08\/p1-1200x675.png 1200w\" sizes=\"auto, (max-width: 1920px) 100vw, 1920px\"\/><\/figure>\n<figure class=\"wp-block-image size-large\"><img loading=\"lazy\" decoding=\"async\" width=\"1920\" height=\"1080\" data-id=\"27126\" src=\"https:\/\/autonena.rs\/wp-content\/uploads\/2023\/08\/p2.png\" alt=\"\" class=\"wp-image-27126\" srcset=\"https:\/\/autonena.rs\/wp-content\/uploads\/2023\/08\/p2.png 1920w, https:\/\/autonena.rs\/wp-content\/uploads\/2023\/08\/p2-1067x600.png 1067w, https:\/\/autonena.rs\/wp-content\/uploads\/2023\/08\/p2-533x300.png 533w, https:\/\/autonena.rs\/wp-content\/uploads\/2023\/08\/p2-768x432.png 768w, https:\/\/autonena.rs\/wp-content\/uploads\/2023\/08\/p2-814x458.png 814w, https:\/\/autonena.rs\/wp-content\/uploads\/2023\/08\/p2-1536x864.png 1536w, https:\/\/autonena.rs\/wp-content\/uploads\/2023\/08\/p2-1600x900.png 1600w, https:\/\/autonena.rs\/wp-content\/uploads\/2023\/08\/p2-1200x675.png 1200w\" sizes=\"auto, (max-width: 1920px) 100vw, 1920px\"\/><\/figure>\n<figure class=\"wp-block-image size-large\"><img loading=\"lazy\" decoding=\"async\" width=\"1920\" height=\"1080\" data-id=\"27130\" src=\"https:\/\/autonena.rs\/wp-content\/uploads\/2023\/08\/p4.png\" alt=\"\" class=\"wp-image-27130\" srcset=\"https:\/\/autonena.rs\/wp-content\/uploads\/2023\/08\/p4.png 1920w, https:\/\/autonena.rs\/wp-content\/uploads\/2023\/08\/p4-1067x600.png 1067w, https:\/\/autonena.rs\/wp-content\/uploads\/2023\/08\/p4-533x300.png 533w, https:\/\/autonena.rs\/wp-content\/uploads\/2023\/08\/p4-768x432.png 768w, https:\/\/autonena.rs\/wp-content\/uploads\/2023\/08\/p4-814x458.png 814w, https:\/\/autonena.rs\/wp-content\/uploads\/2023\/08\/p4-1536x864.png 1536w, https:\/\/autonena.rs\/wp-content\/uploads\/2023\/08\/p4-1600x900.png 1600w, https:\/\/autonena.rs\/wp-content\/uploads\/2023\/08\/p4-1200x675.png 1200w\" sizes=\"auto, (max-width: 1920px) 100vw, 1920px\"\/><\/figure>\n<\/figure>\n<p>                <!-- postmeta -->\n    <\/div>\n<p><script>\n        !function(f,b,e,v,n,t,s)\n        {if(f.fbq)return;n=f.fbq=function(){n.callMethod?\n            n.callMethod.apply(n,arguments):n.queue.push(arguments)};\n            if(!f._fbq)f._fbq=n;n.push=n;n.loaded=!0;n.version='2.0';\n            n.queue=[];t=b.createElement(e);t.async=!0;\n            t.src=v;s=b.getElementsByTagName(e)[0];\n            s.parentNode.insertBefore(t,s)}(window, document,'script',\n            'https:\/\/connect.facebook.net\/en_US\/fbevents.js');\n        fbq('init', '1061522554354099');\n        fbq('track', 'PageView');\n    <\/script><br \/>\n<br \/><a href=\"https:\/\/autonena.rs\/novi-peugeot-2008-snazan-i-okretan-suv-istice-svoj-osvezeni-dizajn-i-novi-elektricni-performans-do-406-km-dometa\/\" target=\"_blank\" rel=\"noopener\">Source link <\/a><br \/>\n\n NOVI PEUGEOT 2008, sna\u017ean i okretan SUV, isti\u010de svoj osve\u017eeni dizajn i novi elektri\u010dni performans do 406 km dometa<\/p>\n","protected":false},"excerpt":{"rendered":"<p>PEUGEOT 2008 je vi\u0161e od tri godine bestseler na tr\u017ei\u0161tu SUV vozila B segmenta i sada je napravio novi korak&hellip;<\/p>\n","protected":false},"author":1,"featured_media":900,"comment_status":"open","ping_status":"open","sticky":false,"template":"","format":"standard","meta":{"footnotes":""},"categories":[1],"tags":[],"class_list":["post-899","post","type-post","status-publish","format-standard","has-post-thumbnail","hentry","category-oglasi-zemun"],"_links":{"self":[{"href":"https:\/\/oglasi.infooglasi.rs\/oglasi\/oglasibeogradzemun\/wp-json\/wp\/v2\/posts\/899","targetHints":{"allow":["GET"]}}],"collection":[{"href":"https:\/\/oglasi.infooglasi.rs\/oglasi\/oglasibeogradzemun\/wp-json\/wp\/v2\/posts"}],"about":[{"href":"https:\/\/oglasi.infooglasi.rs\/oglasi\/oglasibeogradzemun\/wp-json\/wp\/v2\/types\/post"}],"author":[{"embeddable":true,"href":"https:\/\/oglasi.infooglasi.rs\/oglasi\/oglasibeogradzemun\/wp-json\/wp\/v2\/users\/1"}],"replies":[{"embeddable":true,"href":"https:\/\/oglasi.infooglasi.rs\/oglasi\/oglasibeogradzemun\/wp-json\/wp\/v2\/comments?post=899"}],"version-history":[{"count":0,"href":"https:\/\/oglasi.infooglasi.rs\/oglasi\/oglasibeogradzemun\/wp-json\/wp\/v2\/posts\/899\/revisions"}],"wp:featuredmedia":[{"embeddable":true,"href":"https:\/\/oglasi.infooglasi.rs\/oglasi\/oglasibeogradzemun\/wp-json\/wp\/v2\/media\/900"}],"wp:attachment":[{"href":"https:\/\/oglasi.infooglasi.rs\/oglasi\/oglasibeogradzemun\/wp-json\/wp\/v2\/media?parent=899"}],"wp:term":[{"taxonomy":"category","embeddable":true,"href":"https:\/\/oglasi.infooglasi.rs\/oglasi\/oglasibeogradzemun\/wp-json\/wp\/v2\/categories?post=899"},{"taxonomy":"post_tag","embeddable":true,"href":"https:\/\/oglasi.infooglasi.rs\/oglasi\/oglasibeogradzemun\/wp-json\/wp\/v2\/tags?post=899"}],"curies":[{"name":"wp","href":"https:\/\/api.w.org\/{rel}","templated":true}]}}