{"id":1650,"date":"2024-04-19T04:54:02","date_gmt":"2024-04-19T02:54:02","guid":{"rendered":"https:\/\/oglasi.infooglasi.rs\/oglasi\/oglasibojnik\/otvaranjem-prodavnice-u-bojnickom-selu-djindjusa-stvoreni-uslovi-i-za-nova-tri-radna-mesta-info-centar-juga-oglasi-bojnik\/"},"modified":"2024-04-19T04:54:02","modified_gmt":"2024-04-19T02:54:02","slug":"otvaranjem-prodavnice-u-bojnickom-selu-djindjusa-stvoreni-uslovi-i-za-nova-tri-radna-mesta-info-centar-juga-oglasi-bojnik","status":"publish","type":"post","link":"https:\/\/oglasi.infooglasi.rs\/oglasi\/oglasibojnik\/otvaranjem-prodavnice-u-bojnickom-selu-djindjusa-stvoreni-uslovi-i-za-nova-tri-radna-mesta-info-centar-juga-oglasi-bojnik\/","title":{"rendered":"Otvaranjem prodavnice u bojni\u010dkom selu \u0110in\u0111u\u0161a stvoreni uslovi i za nova tri radna mesta \u2013 Info Centar Juga &#8211; OGLASI BOJNIK"},"content":{"rendered":"<p><\/p>\n<div id=\"post-73450\">\n<div class=\"single-post-image\">\n<figure><img loading=\"lazy\" decoding=\"async\" width=\"1210\" height=\"642\" src=\"https:\/\/www.infocentarjug.rs\/wp-content\/uploads\/2024\/04\/436898572_939779574815551_4762909528262000485_n-1-1210x642.jpg\" class=\"attachment-editorial-single-large size-editorial-single-large wp-post-image jetpack-lazy-image\" alt=\"\" data-attachment-id=\"73451\" data-permalink=\"https:\/\/www.infocentarjug.rs\/otvaranjem-prodavnice-u-bojnickom-selu-djindjusa-stvoreni-uslovi-i-za-nova-tri-radna-mesta\/436898572_939779574815551_4762909528262000485_n-1\/\" data-orig-file=\"https:\/\/www.infocentarjug.rs\/wp-content\/uploads\/2024\/04\/436898572_939779574815551_4762909528262000485_n-1.jpg\" data-orig-size=\"1024,577\" data-comments-opened=\"1\" data-image-meta=\"{&quot;aperture&quot;:&quot;0&quot;,&quot;credit&quot;:&quot;&quot;,&quot;camera&quot;:&quot;&quot;,&quot;caption&quot;:&quot;&quot;,&quot;created_timestamp&quot;:&quot;0&quot;,&quot;copyright&quot;:&quot;&quot;,&quot;focal_length&quot;:&quot;0&quot;,&quot;iso&quot;:&quot;0&quot;,&quot;shutter_speed&quot;:&quot;0&quot;,&quot;title&quot;:&quot;&quot;,&quot;orientation&quot;:&quot;0&quot;}\" data-image-title=\"436898572_939779574815551_4762909528262000485_n (1)\" data-image-description=\"\" data-image-caption=\"\" data-medium-file=\"https:\/\/www.infocentarjug.rs\/wp-content\/uploads\/2024\/04\/436898572_939779574815551_4762909528262000485_n-1-300x169.jpg\" data-large-file=\"https:\/\/www.infocentarjug.rs\/wp-content\/uploads\/2024\/04\/436898572_939779574815551_4762909528262000485_n-1.jpg\" data-lazy-src=\"https:\/\/www.infocentarjug.rs\/wp-content\/uploads\/2024\/04\/436898572_939779574815551_4762909528262000485_n-1-1210x642.jpg?is-pending-load=1\" srcset=\"data:image\/gif;base64,R0lGODlhAQABAIAAAAAAAP\/\/\/yH5BAEAAAAALAAAAAABAAEAAAIBRAA7\"\/><\/figure>\n<\/p><\/div>\n<p><!-- .single-post-image --><br \/>\n\t\t<!-- .entry-header --><\/p>\n<div class=\"entry-content\">\n<p><strong>Za ne\u0161to vi\u0161e od mesec dana zavr\u0161eni su radovi na adaptaciji nekada\u0161nje seoske zgrade u bojni\u010dkom selu \u0110in\u0111u\u0161a. Kako je u izjavi za portal Infocentar juga rekao zamenik predsednika op\u0161tine Bojnik, Dejan Stojanovi\u0107 ova zgrada \u0107e u prvom delu biti izdata u zakup trgovinskom lancu firme To\u0161i\u0107 iz Leskovac a drugi deo zgrade namenjen je Mesnoj zajednici. Po re\u010dima Stojanovi\u0107a trgovinski objekat \u0107e biti od velikog zna\u010daja za me\u0161tane sela \u0110in\u0111u\u0161a jer su do sada, za osnovne \u017eivotne namernice, odlazili do Dragovca ili Bojnika. Iz bud\u017eeta op\u0161tine Bojnik izdvojeno je 3,5 miliona dinara za adaptaciju ovog objekta.<\/strong><\/p>\n<figure style=\"width: 2048px\" class=\"wp-caption alignnone\"><img loading=\"lazy\" decoding=\"async\" src=\"https:\/\/scontent.fbeg4-1.fna.fbcdn.net\/v\/t39.30808-6\/436869113_939779648148877_7520553246168110006_n.jpg?_nc_cat=101&amp;ccb=1-7&amp;_nc_sid=5f2048&amp;_nc_ohc=GsZP1Q5NqY4Ab6FTyFs&amp;_nc_ht=scontent.fbeg4-1.fna&amp;oh=00_AfAe1W3fi2VQHzdAP5rqLmuk7vTMm8QPjYwPcNEtrgiQ7A&amp;oe=66204D6A\" alt=\"\u041d\u0430 \u0441\u043b\u0438\u0446\u0438 \u043c\u043e\u0436\u0435 \u0431\u0438\u0442\u0438: 1 \u043e\u0441\u043e\u0431\u0430\" width=\"2048\" height=\"1153\" data-lazy-src=\"https:\/\/scontent.fbeg4-1.fna.fbcdn.net\/v\/t39.30808-6\/436869113_939779648148877_7520553246168110006_n.jpg?_nc_cat=101&amp;ccb=1-7&amp;_nc_sid=5f2048&amp;_nc_ohc=GsZP1Q5NqY4Ab6FTyFs&amp;_nc_ht=scontent.fbeg4-1.fna&amp;oh=00_AfAe1W3fi2VQHzdAP5rqLmuk7vTMm8QPjYwPcNEtrgiQ7A&amp;oe=66204D6A&amp;is-pending-load=1\" srcset=\"data:image\/gif;base64,R0lGODlhAQABAIAAAAAAAP\/\/\/yH5BAEAAAAALAAAAAABAAEAAAIBRAA7\" class=\" jetpack-lazy-image\"\/><noscript><img decoding=\"async\" data-lazy-fallback=\"1\" loading=\"lazy\" src=\"https:\/\/scontent.fbeg4-1.fna.fbcdn.net\/v\/t39.30808-6\/436869113_939779648148877_7520553246168110006_n.jpg?_nc_cat=101&amp;ccb=1-7&amp;_nc_sid=5f2048&amp;_nc_ohc=GsZP1Q5NqY4Ab6FTyFs&amp;_nc_ht=scontent.fbeg4-1.fna&amp;oh=00_AfAe1W3fi2VQHzdAP5rqLmuk7vTMm8QPjYwPcNEtrgiQ7A&amp;oe=66204D6A\" alt=\"\u041d\u0430 \u0441\u043b\u0438\u0446\u0438 \u043c\u043e\u0436\u0435 \u0431\u0438\u0442\u0438: 1 \u043e\u0441\u043e\u0431\u0430\" width=\"2048\" height=\"1153\"\/><\/noscript><figcaption class=\"wp-caption-text\"><em>Dejan Stojanovi\u0107, zamenik predsednika op\u0161tine Bojnik<\/em><\/figcaption><\/figure>\n<p>Vlasnik trgovinskog lanca To\u0161i\u0107, Nenad To\u0161i\u0107 uzeo je u\u010de\u0161\u0107e na prethodno rapisanom konkursu za pomenuti objekat i potpisao ugovor sa lokalnom samoupravom. To\u0161i\u0107 nagla\u0161ava da je od velikog zna\u010daja to \u0161to lokalna samouprava poma\u017ee mesne zajednice kako bi se olak\u0161ao \u017eivot ljudima na selu. Pred ovog objekta u selu \u0110in\u0111u\u0161a, koji \u0107e uskoro biti otvoren, prodavnice To\u0161i\u0107 nalaze se i u selima Dragovac, Stubla, Donje Brijanje i u centru Bojnika.<\/p>\n<figure style=\"width: 2048px\" class=\"wp-caption alignnone\"><img loading=\"lazy\" decoding=\"async\" src=\"https:\/\/scontent.fbeg4-1.fna.fbcdn.net\/v\/t39.30808-6\/436915272_939779738148868_725885868999284425_n.jpg?_nc_cat=102&amp;ccb=1-7&amp;_nc_sid=5f2048&amp;_nc_ohc=aP2xWZEIazcAb4HN0vg&amp;_nc_ht=scontent.fbeg4-1.fna&amp;oh=00_AfBcNSpxtzYVY5CPxbQysRpEsDKx7yr1KIAmmy2WIVajeA&amp;oe=66205819\" alt=\"\u041d\u0430 \u0441\u043b\u0438\u0446\u0438 \u043c\u043e\u0436\u0435 \u0431\u0438\u0442\u0438: 1 \u043e\u0441\u043e\u0431\u0430\" width=\"2048\" height=\"1153\" data-lazy-src=\"https:\/\/scontent.fbeg4-1.fna.fbcdn.net\/v\/t39.30808-6\/436915272_939779738148868_725885868999284425_n.jpg?_nc_cat=102&amp;ccb=1-7&amp;_nc_sid=5f2048&amp;_nc_ohc=aP2xWZEIazcAb4HN0vg&amp;_nc_ht=scontent.fbeg4-1.fna&amp;oh=00_AfBcNSpxtzYVY5CPxbQysRpEsDKx7yr1KIAmmy2WIVajeA&amp;oe=66205819&amp;is-pending-load=1\" srcset=\"data:image\/gif;base64,R0lGODlhAQABAIAAAAAAAP\/\/\/yH5BAEAAAAALAAAAAABAAEAAAIBRAA7\" class=\" jetpack-lazy-image\"\/><noscript><img decoding=\"async\" data-lazy-fallback=\"1\" loading=\"lazy\" src=\"https:\/\/scontent.fbeg4-1.fna.fbcdn.net\/v\/t39.30808-6\/436915272_939779738148868_725885868999284425_n.jpg?_nc_cat=102&amp;ccb=1-7&amp;_nc_sid=5f2048&amp;_nc_ohc=aP2xWZEIazcAb4HN0vg&amp;_nc_ht=scontent.fbeg4-1.fna&amp;oh=00_AfBcNSpxtzYVY5CPxbQysRpEsDKx7yr1KIAmmy2WIVajeA&amp;oe=66205819\" alt=\"\u041d\u0430 \u0441\u043b\u0438\u0446\u0438 \u043c\u043e\u0436\u0435 \u0431\u0438\u0442\u0438: 1 \u043e\u0441\u043e\u0431\u0430\" width=\"2048\" height=\"1153\"\/><\/noscript><figcaption class=\"wp-caption-text\"><em>Nenad To\u0161i\u0107, vlasnik trgovinskog lanca To\u0161i\u0107<\/em><\/figcaption><\/figure>\n<p>Otvaranjem ove prodavnice otvara se i mogu\u0107nost za nova tri radna mesta a kako je rekao To\u0161i\u0107 \u0161ansu za zaposlenje dobi\u0107e upravo neko iz sela \u0110in\u0111u\u0161a.<\/p>\n<p>Op\u0161irniju izjavu mo\u017eete pogledati u video prilogu.<\/p>\n<p>\u00a0<\/p>\n<p>\u00a0<\/p>\n<p><span class=\"embed-youtube\" style=\"text-align:center; display: block;\"><iframe loading=\"lazy\" title=\"ICJ - Bojni\u010dko selo \u0110in\u0111u\u0161a dobija prodavnicu i renovirane prostorije Mesne zajednice\" width=\"640\" height=\"360\" src=\"https:\/\/www.youtube.com\/embed\/PVpM57YRQLY?feature=oembed\" frameborder=\"0\" allow=\"accelerometer; autoplay; clipboard-write; encrypted-media; gyroscope; picture-in-picture; web-share\" referrerpolicy=\"strict-origin-when-cross-origin\" allowfullscreen><\/iframe><\/span><\/p>\n<p><em><span style=\"color: #333399;\">infocentarjug.rs<\/span><\/em><\/p>\n<p><h3 class=\"jp-relatedposts-headline\"><em>MO\u017dDA VAS MO\u017dE INTERESOVATI SLEDE\u0106E:<\/em><\/h3>\n<\/p><\/div>\n<p><!-- .entry-content --><\/p>\n<p>\t<!-- .entry-footer -->\n<\/div>\n<p><script>(function(d, s, id) { var js, fjs = d.getElementsByTagName(s)[0]; if (d.getElementById(id)) return; js = d.createElement(s); js.id = id; js.src = \"\/\/connect.facebook.net\/sr_RS\/sdk.js#xfbml=1&version=v2.10&appId=1476188969349136\"; fjs.parentNode.insertBefore(js, fjs); }(document, 'script', 'facebook-jssdk'));<\/script><script>(function(d, s, id) { var js, fjs = d.getElementsByTagName(s)[0]; if (d.getElementById(id)) return; js = d.createElement(s); js.id = id; js.src=\"https:\/\/connect.facebook.net\/sr_RS\/sdk.js#xfbml=1&amp;appId=249643311490&version=v2.3\"; fjs.parentNode.insertBefore(js, fjs); }(document, 'script', 'facebook-jssdk'));<\/script><br \/>\n<br \/><a href=\"https:\/\/www.infocentarjug.rs\/otvaranjem-prodavnice-u-bojnickom-selu-djindjusa-stvoreni-uslovi-i-za-nova-tri-radna-mesta\/\" target=\"_blank\" rel=\"noopener\">Source link <\/a><br \/>\n\n Otvaranjem prodavnice u bojni\u010dkom selu \u0110in\u0111u\u0161a stvoreni uslovi i za nova tri radna mesta \u2013 Info Centar Juga<\/p>\n","protected":false},"excerpt":{"rendered":"<p>Za ne\u0161to vi\u0161e od mesec dana zavr\u0161eni su radovi na adaptaciji nekada\u0161nje seoske zgrade u bojni\u010dkom selu \u0110in\u0111u\u0161a. Kako je&hellip;<\/p>\n","protected":false},"author":1,"featured_media":1652,"comment_status":"open","ping_status":"open","sticky":false,"template":"","format":"standard","meta":{"footnotes":""},"categories":[1],"tags":[],"class_list":["post-1650","post","type-post","status-publish","format-standard","has-post-thumbnail","hentry","category-oglasi-bojnik"],"_links":{"self":[{"href":"https:\/\/oglasi.infooglasi.rs\/oglasi\/oglasibojnik\/wp-json\/wp\/v2\/posts\/1650","targetHints":{"allow":["GET"]}}],"collection":[{"href":"https:\/\/oglasi.infooglasi.rs\/oglasi\/oglasibojnik\/wp-json\/wp\/v2\/posts"}],"about":[{"href":"https:\/\/oglasi.infooglasi.rs\/oglasi\/oglasibojnik\/wp-json\/wp\/v2\/types\/post"}],"author":[{"embeddable":true,"href":"https:\/\/oglasi.infooglasi.rs\/oglasi\/oglasibojnik\/wp-json\/wp\/v2\/users\/1"}],"replies":[{"embeddable":true,"href":"https:\/\/oglasi.infooglasi.rs\/oglasi\/oglasibojnik\/wp-json\/wp\/v2\/comments?post=1650"}],"version-history":[{"count":0,"href":"https:\/\/oglasi.infooglasi.rs\/oglasi\/oglasibojnik\/wp-json\/wp\/v2\/posts\/1650\/revisions"}],"wp:featuredmedia":[{"embeddable":true,"href":"https:\/\/oglasi.infooglasi.rs\/oglasi\/oglasibojnik\/wp-json\/wp\/v2\/media\/1652"}],"wp:attachment":[{"href":"https:\/\/oglasi.infooglasi.rs\/oglasi\/oglasibojnik\/wp-json\/wp\/v2\/media?parent=1650"}],"wp:term":[{"taxonomy":"category","embeddable":true,"href":"https:\/\/oglasi.infooglasi.rs\/oglasi\/oglasibojnik\/wp-json\/wp\/v2\/categories?post=1650"},{"taxonomy":"post_tag","embeddable":true,"href":"https:\/\/oglasi.infooglasi.rs\/oglasi\/oglasibojnik\/wp-json\/wp\/v2\/tags?post=1650"}],"curies":[{"name":"wp","href":"https:\/\/api.w.org\/{rel}","templated":true}]}}