{"id":1782,"date":"2024-08-09T15:50:29","date_gmt":"2024-08-09T13:50:29","guid":{"rendered":"https:\/\/oglasi.infooglasi.rs\/oglasi\/oglasibojnik\/veceras-pocinje-tradicionalno-bojnicko-leto-program-za-sve-uzraste-oglasi-bojnik\/"},"modified":"2024-08-09T15:50:29","modified_gmt":"2024-08-09T13:50:29","slug":"veceras-pocinje-tradicionalno-bojnicko-leto-program-za-sve-uzraste-oglasi-bojnik","status":"publish","type":"post","link":"https:\/\/oglasi.infooglasi.rs\/oglasi\/oglasibojnik\/veceras-pocinje-tradicionalno-bojnicko-leto-program-za-sve-uzraste-oglasi-bojnik\/","title":{"rendered":"Ve\u010deras po\u010dinje tradicionalno Bojni\u010dko leto, program za sve uzraste &#8211; OGLASI BOJNIK"},"content":{"rendered":"<p><\/p>\n<div>\n<div class=\"g g-2\">\n<div class=\"g-single a-78\">\n<div style=\"text-align:center !important;padding-bottom:20px !important;\"><a href=\"https:\/\/cityexpert.rs\/a\/novogradnja\/leskovac\/opstina-leskovac\/sajam-residence\" target=\"_blank\" rel=\"nofollow noopener\"><img decoding=\"async\" src=\"https:\/\/jugmedia.rs\/wp-content\/banners\/ban_metlasajam5_930x200.jpg\"\/><\/a><\/div>\n<\/div>\n<\/div>\n<p><strong><span class=\"first-letter\">T<\/span>radicionalna manifestacija, \u201eBojni\u010dko leto\u201c,\u00a0 koja godinama okuplja porodice, prijatelje i ljubitelje dobre zabave, po\u010dinje danas i traja\u0107e do 11. avgusta i bi\u0107e odr\u017eana na platou ispred Sportske hale u Bojniku.<\/strong><span id=\"more-361767\"\/>\n<\/p>\n<p>Ove godine posetioci \u0107e biti u prilici da u\u017eivaju u raznovrsnim kulturnim i umetni\u010dkim sadr\u017eajima, nastupima poznatih muzi\u010dara i bogatom de\u010djem programu sa interaktivnim igrama i edukativnim aktivnostima.\n<\/p>\n<p>Manifestaciju otvara tradicionalni de\u010diji maskenbal \u201eNa krilima ma\u0161te\u201c na kome \u0107e mali\u0161ani kostimirani u svoje omiljene likove prodefilovati sa \u201eCirkus\u201c animatorima. Posle defilea usledi\u0107e spektakularna zabava \u201e\u017durka \u0161arenih lica\u201c koja \u0107e odu\u0161eviti sve prisutne.\u00a0 Sve\u010dano otvaranje manifestacije upotpuni\u0107e vatreni i plesni performans \u201eCirkus\u201c animatora a zatim sledi koncert jedne od najpopularnijih grupa na prostoru biv\u0161e Jugoslavije, grupe Zana.\n<\/p>\n<p>Drugog dana manifestacije odr\u017ea\u0107e se takmi\u010denje pod nazivom \u201eKolo za dukat\u201c u kome \u0107e se\u00a0 za titulu najboljeg igra\u010da nadmetati vi\u0161e od stotinu folklora\u0161a iz Srbije i Makedonije u kategorijama\u00a0 \u201eNajbolja igra\u010dica\u201c\u00a0 i \u201eNajbolji igra\u010d\u201c. Ostatak programa rezervisan je za nastupe Milana Zdravkovi\u0107a instrumentaliste na harmonici, duva\u010dkog orkesktra, TD benda i di-d\u017eej Stojke.<\/p>\n<div class=\"g g-28\">\n<div class=\"g-single a-190\">\n<div style=\"text-align:center !important;padding-bottom:20px !important;\"><a href=\"https:\/\/www.facebook.com\/zlatantrag\" target=\"_blank\" rel=\"nofollow noopener\"><img decoding=\"async\" src=\"https:\/\/jugmedia.rs\/wp-content\/banners\/ban_zlatantrag8_930x200.gif\"\/><\/a><\/div>\n<\/div>\n<\/div>\n<p>U nedelju od 20 sati, na scenu sti\u017ee elektri\u010dni guda\u010dki kvartet Dinamik mjuzik predvo\u0111en di-d\u017eejem koji sjedinjuje muziku kroz vreme od Vivaldija do Majkla D\u017eeksona. Manifestaciju \u0107e zatvoriti koncert jedne od najpopularnijih peva\u010dica Milice Todorovi\u0107 koji po\u010dinje od 21.30 sati.\n<\/p>\n<p class=\"jetpack-slideshow-noscript robots-nocontent\">This slideshow requires JavaScript.<\/p>\n<p>Organizator manifestacije je Turisti\u010dka organizacija op\u0161tine Bojnikk a pokrovitelj Op\u0161tina Bojnik i Ministarstvo turizma i omladine.<br \/>\n<!-- Either there are no banners, they are disabled or none qualified for this location! --><\/p>\n<p>\t\t\t\t\t\t\t\t\t<!-- AdRotate - P2-1 930x200 dole hardcoded gornji --><\/p>\n<p>\t\t\t\t\t<!-- AdRotate - P2-2 930x200 dole hardcoded donji --><\/p>\n<div style=\"padding-bottom:20px;\">\n<div class=\"g g-27\">\n<div class=\"g-single a-181\"><a href=\"https:\/\/www.facebook.com\/frenkikomerc\" target=\"_blank\" rel=\"nofollow noopener\"><img decoding=\"async\" src=\"https:\/\/jugmedia.rs\/wp-content\/banners\/ban_frenki2_930x200.jpg\"\/><\/a><\/div>\n<\/div><\/div>\n<p>\t\t\t\t\t\t\t\t\t<!-- AdRotate - Google InPost Banner 1 (responsive) --><\/p>\n<p>\t\t\t\t\t\t\t\t\t<!-- AdRotate - MonadPlug reklamni set post last hardcoded --><\/p>\n<p>\t\t\t\t<!-- Social networks proposal --><\/p><\/div>\n<p><script>(function(d, s, id) { var js, fjs = d.getElementsByTagName(s)[0]; if (d.getElementById(id)) return; js = d.createElement(s); js.id = id; js.src=\"https:\/\/connect.facebook.net\/sr_RS\/sdk.js#xfbml=1&amp;appId=249643311490&version=v2.3\"; fjs.parentNode.insertBefore(js, fjs); }(document, 'script', 'facebook-jssdk'));<\/script><br \/>\n<br \/><a href=\"https:\/\/jugmedia.rs\/veceras-pocinje-tradicionalno-bojnicko-leto-program-za-sve-uzraste\/\" target=\"_blank\" rel=\"noopener\">Source link <\/a><br \/>\n\n Ve\u010deras po\u010dinje tradicionalno Bojni\u010dko leto, program za sve uzraste<\/p>\n","protected":false},"excerpt":{"rendered":"<p>Tradicionalna manifestacija, \u201eBojni\u010dko leto\u201c,\u00a0 koja godinama okuplja porodice, prijatelje i ljubitelje dobre zabave, po\u010dinje danas i traja\u0107e do 11. avgusta&hellip;<\/p>\n","protected":false},"author":1,"featured_media":1783,"comment_status":"open","ping_status":"open","sticky":false,"template":"","format":"standard","meta":{"footnotes":""},"categories":[1],"tags":[],"class_list":["post-1782","post","type-post","status-publish","format-standard","has-post-thumbnail","hentry","category-oglasi-bojnik"],"_links":{"self":[{"href":"https:\/\/oglasi.infooglasi.rs\/oglasi\/oglasibojnik\/wp-json\/wp\/v2\/posts\/1782","targetHints":{"allow":["GET"]}}],"collection":[{"href":"https:\/\/oglasi.infooglasi.rs\/oglasi\/oglasibojnik\/wp-json\/wp\/v2\/posts"}],"about":[{"href":"https:\/\/oglasi.infooglasi.rs\/oglasi\/oglasibojnik\/wp-json\/wp\/v2\/types\/post"}],"author":[{"embeddable":true,"href":"https:\/\/oglasi.infooglasi.rs\/oglasi\/oglasibojnik\/wp-json\/wp\/v2\/users\/1"}],"replies":[{"embeddable":true,"href":"https:\/\/oglasi.infooglasi.rs\/oglasi\/oglasibojnik\/wp-json\/wp\/v2\/comments?post=1782"}],"version-history":[{"count":0,"href":"https:\/\/oglasi.infooglasi.rs\/oglasi\/oglasibojnik\/wp-json\/wp\/v2\/posts\/1782\/revisions"}],"wp:featuredmedia":[{"embeddable":true,"href":"https:\/\/oglasi.infooglasi.rs\/oglasi\/oglasibojnik\/wp-json\/wp\/v2\/media\/1783"}],"wp:attachment":[{"href":"https:\/\/oglasi.infooglasi.rs\/oglasi\/oglasibojnik\/wp-json\/wp\/v2\/media?parent=1782"}],"wp:term":[{"taxonomy":"category","embeddable":true,"href":"https:\/\/oglasi.infooglasi.rs\/oglasi\/oglasibojnik\/wp-json\/wp\/v2\/categories?post=1782"},{"taxonomy":"post_tag","embeddable":true,"href":"https:\/\/oglasi.infooglasi.rs\/oglasi\/oglasibojnik\/wp-json\/wp\/v2\/tags?post=1782"}],"curies":[{"name":"wp","href":"https:\/\/api.w.org\/{rel}","templated":true}]}}