{"id":1899,"date":"2024-11-08T01:38:22","date_gmt":"2024-11-08T00:38:22","guid":{"rendered":"https:\/\/oglasi.infooglasi.rs\/oglasi\/oglasibojnik\/zoran-cvetkovic-medija-centar-016-oglasi-bojnik\/"},"modified":"2024-11-08T01:38:22","modified_gmt":"2024-11-08T00:38:22","slug":"zoran-cvetkovic-medija-centar-016-oglasi-bojnik","status":"publish","type":"post","link":"https:\/\/oglasi.infooglasi.rs\/oglasi\/oglasibojnik\/zoran-cvetkovic-medija-centar-016-oglasi-bojnik\/","title":{"rendered":"Zoran Cvetkovi\u0107) \u2013 Medija centar 016 &#8211; OGLASI BOJNIK"},"content":{"rendered":"<p><\/p>\n<div>\n<p id=\"pvc_stats_89598\" class=\"pvc_stats all  pvc_load_by_ajax_update\" data-element-id=\"89598\" style=\"\"><i class=\"pvc-stats-icon medium\" aria-hidden=\"true\"><svg xmlns=\"http:\/\/www.w3.org\/2000\/svg\" version=\"1.0\" viewbox=\"0 0 502 315\" preserveaspectratio=\"xMidYMid meet\"><g transform=\"translate(0,332) scale(0.1,-0.1)\" fill=\"\" stroke=\"none\"><path d=\"M2394 3279 l-29 -30 -3 -207 c-2 -182 0 -211 15 -242 39 -76 157 -76 196 0 15 31 17 60 15 243 l-3 209 -33 29 c-26 23 -41 29 -80 29 -41 0 -53 -5 -78 -31z\"\/><path d=\"M3085 3251 c-45 -19 -58 -50 -96 -229 -47 -217 -49 -260 -13 -295 52 -53 146 -42 177 20 16 31 87 366 87 410 0 70 -86 122 -155 94z\"\/><path d=\"M1751 3234 c-13 -9 -29 -31 -37 -50 -12 -29 -10 -49 21 -204 19 -94 39 -189 45 -210 14 -50 54 -80 110 -80 34 0 48 6 76 34 21 21 34 44 34 59 0 14 -18 113 -40 219 -37 178 -43 195 -70 221 -36 32 -101 37 -139 11z\"\/><path d=\"M1163 3073 c-36 -7 -73 -59 -73 -102 0 -56 133 -378 171 -413 34 -32 83 -37 129 -13 70 36 67 87 -16 290 -86 209 -89 214 -129 231 -35 14 -42 15 -82 7z\"\/><path d=\"M3689 3066 c-15 -9 -33 -30 -42 -48 -48 -103 -147 -355 -147 -375 0 -98 131 -148 192 -74 13 15 57 108 97 206 80 196 84 226 37 273 -30 30 -99 39 -137 18z\"\/><path d=\"M583 2784 c-38 -19 -67 -74 -58 -113 9 -42 211 -354 242 -373 16 -10 45 -18 66 -18 51 0 107 52 107 100 0 39 -1 41 -124 234 -80 126 -108 162 -133 173 -41 17 -61 16 -100 -3z\"\/><path d=\"M4250 2784 c-14 -9 -74 -91 -133 -183 -95 -150 -107 -173 -107 -213 0 -55 33 -94 87 -104 67 -13 90 8 211 198 130 202 137 225 78 284 -27 27 -42 34 -72 34 -22 0 -50 -8 -64 -16z\"\/><path d=\"M2275 2693 c-553 -48 -1095 -270 -1585 -649 -135 -104 -459 -423 -483 -476 -23 -49 -22 -139 2 -186 73 -142 361 -457 571 -626 285 -228 642 -407 990 -497 242 -63 336 -73 660 -74 310 0 370 5 595 52 535 111 1045 392 1455 803 122 121 250 273 275 326 19 41 19 137 0 174 -41 79 -309 363 -465 492 -447 370 -946 591 -1479 653 -113 14 -422 18 -536 8z m395 -428 c171 -34 330 -124 456 -258 112 -119 167 -219 211 -378 27 -96 24 -300 -5 -401 -72 -255 -236 -447 -474 -557 -132 -62 -201 -76 -368 -76 -167 0 -236 14 -368 76 -213 98 -373 271 -451 485 -162 444 86 934 547 1084 153 49 292 57 452 25z m909 -232 c222 -123 408 -262 593 -441 76 -74 138 -139 138 -144 0 -16 -233 -242 -330 -319 -155 -123 -309 -223 -461 -299 l-81 -41 32 46 c18 26 49 83 70 128 143 306 141 649 -6 957 -25 52 -61 116 -79 142 l-34 47 45 -20 c26 -10 76 -36 113 -56z m-2057 25 c-40 -58 -105 -190 -130 -263 -110 -324 -59 -707 132 -981 25 -35 42 -64 37 -64 -19 0 -241 119 -326 174 -188 122 -406 314 -532 468 l-58 71 108 103 c185 178 428 349 672 473 66 33 121 60 123 61 2 0 -10 -19 -26 -42z\"\/><path d=\"M2375 1950 c-198 -44 -350 -190 -395 -379 -18 -76 -8 -221 19 -290 114 -284 457 -406 731 -260 98 52 188 154 231 260 27 69 37 214 19 290 -38 163 -166 304 -326 360 -67 23 -215 33 -279 19z\"\/><\/g><\/svg><\/i> <img loading=\"lazy\" decoding=\"async\" width=\"16\" height=\"16\" alt=\"Loading\" src=\"https:\/\/medijacentar016.com\/wp-content\/plugins\/page-views-count\/ajax-loader-2x.gif\" border=\"0\"\/><\/p>\n<figure id=\"attachment_89599\" aria-describedby=\"caption-attachment-89599\" style=\"width: 640px\" class=\"wp-caption aligncenter\"><a href=\"https:\/\/medijacentar016.com\/wp-content\/uploads\/2024\/11\/Crna-Trava-skupstina-opstine-2.jpg\" target=\"_blank\" rel=\"noopener\"><img fetchpriority=\"high\" decoding=\"async\" class=\"wp-image-89599 size-medium\" src=\"https:\/\/medijacentar016.com\/wp-content\/uploads\/2024\/11\/Crna-Trava-skupstina-opstine-2-640x480.jpg\" alt=\"\" width=\"640\" height=\"480\" srcset=\"https:\/\/medijacentar016.com\/wp-content\/uploads\/2024\/11\/Crna-Trava-skupstina-opstine-2-640x480.jpg 640w, https:\/\/medijacentar016.com\/wp-content\/uploads\/2024\/11\/Crna-Trava-skupstina-opstine-2-1024x768.jpg 1024w, https:\/\/medijacentar016.com\/wp-content\/uploads\/2024\/11\/Crna-Trava-skupstina-opstine-2-768x576.jpg 768w, https:\/\/medijacentar016.com\/wp-content\/uploads\/2024\/11\/Crna-Trava-skupstina-opstine-2.jpg 1500w\" sizes=\"(max-width: 640px) 100vw, 640px\"\/><\/a><figcaption id=\"caption-attachment-89599\" class=\"wp-caption-text\"><span style=\"color: #0000ff;\"><strong>CRNA TRAVA: SEDI\u0160TE LOKALNE SAMOUPRAVE<\/strong><\/span><\/figcaption><\/figure>\n<p><strong>Dobro Polje posetio sam u avgustu 2019. godine, putuju\u0107i crnotravskim putevima \u2013 od sela do sela \u2013 zapisao je u seriji reporta\u017ea o ovom kraju Zoran Cvetkovi\u0107<\/strong><\/p>\n<p>Centar Dobrog Polja smestio se u brda, 5-6km zapadno od ogranka drevnog Carigradskog druma, koji je vodio od Sastav Reke, preko Crne Trave ka Vlasini. Poput ostalih crnotravskih sela, Dobro Polje obuhvata vi\u0161e rasutih mahala. Neke od njih prirodno su okrenute Dobrom Polju: Igri\u0161te, Crkvena \u010cuka, Seli\u0161te, Bobina, Stanci, \u0110urkovica, Zdravkovci, Bazov Dol. Ostale su administrativno, vi\u0161e puta pripajane, pa seljene u druga crnotravska sela.<\/p>\n<h3>Na putu za Dobro Polje<\/h3>\n<p>Prvi deo putovanja u Dobro Polje po\u010dinje na magistralnom putu Sastav Reka \u2013 Crna Trava. Skretanje za Dobro Polje je na petom kilometru od Sastav Reke i desetom kilometru od Crne Trave. Od skretanja do sela je \u0161est kilometara planinskog puta. Kada se tim putem po\u0111e ka selu, dobropoljska vremenska ma\u0161ina vra\u0107a nas stotinak godina u pro\u0161lost.<\/p>\n<p><img decoding=\"async\" class=\"img-responsive center-block\" title=\"Put za Dobro Polje, Crna Trava\" src=\"https:\/\/www.srbijaplus.net\/images\/crna-trava-dobro-polje-2334.jpg\" alt=\"Put za Dobro Polje, Crna Trava\"\/><\/p>\n<p class=\"caption\">Put za Dobro Polje<\/p>\n<p>Najve\u0107om du\u017einom put prolazi strmom padinom, kroz staru i gustu bukovu \u0161umu. Poneki zrak sunca probije se samo sredinom leta. Na putu nema ljudi ni vozila, pored puta nema ku\u0107a, ili se ne vide. Zahvaljuju\u0107i Laletu iz Broda, za jednu sigurno znam da se sklonila u duboku jarugu pored potoka. Te\u0161ko je zamisliti da je, ne tako davno, u toj ku\u0107i i ba\u0161 na tom mestu, u jaruzi kraj potoka, \u017eivela jedna me\u0161tanka.<\/p>\n<p><img decoding=\"async\" class=\"img-responsive center-block\" title=\"Bukova \u0161uma na putu za Dobro Polje, Crna Trava\" src=\"https:\/\/www.srbijaplus.net\/images\/crna-trava-dobro-polje-2337.jpg\" alt=\"Bukova \u0161uma na putu za Dobro Polje, Crna Trava\"\/><\/p>\n<p>\u00a0<\/p>\n<p class=\"caption\">Bukova \u0161uma na putu za Dobro Polje<\/p>\n<p>Prvi znak blizine sela je Dobropoljski potok. Beskrajno lepa, bistra i hladna voda preliva se preko kamenih kaskada. Nadam se da \u0107e nepristupa\u010dan teren obeshrabriti priu\u010dene MHE investitore i da \u0107e potok sam sebe uspeti da odbrani.<\/p>\n<p><img decoding=\"async\" class=\"img-responsive center-block\" title=\"Kaskade Dobropoljskog potoka, Dobro Polje, Crna Trava\" src=\"https:\/\/www.srbijaplus.net\/images\/crna-trava-dobro-polje-2360.jpg\" alt=\"Kaskade Dobropoljskog potoka, Dobro Polje, Crna Trava\"\/><\/p>\n<p class=\"caption\">Kaskade Dobropoljskog potoka<\/p>\n<p>Nekoliko metara nakon kaskada, slu\u010dajno ili namerno, potok se umiri, pregazi put, pa plahovito nastavlja padinom dalje.<\/p>\n<p><img decoding=\"async\" class=\"img-responsive center-block\" title=\"Dobropoljski potok, Crna Trava\" src=\"https:\/\/www.srbijaplus.net\/images\/crna-trava-dobro-polje-2351.jpg\" alt=\"Dobropoljski potok, Crna Trava\"\/><\/p>\n<p class=\"caption\">Pomirljiv susret Dobropoljskog potoka i dobropoljskog puta<\/p>\n<h3>U centru Dobrog Polja<\/h3>\n<p>Iza poslednje krivine puta, ulazi se pravo u centar Dobrog Polja, a pomenuta dobropoljska vremenska ma\u0161ina vra\u0107a nas stotinak godina u pro\u0161lost. Nekoliko grupisanih objekata vi\u0161e li\u010de na kulise skupog, filmskog spektakla, nego li na pravo selo. Vlada potpuna ti\u0161ina, na scenu ne izlaze glumci, a ne pojavljuju se ni me\u0161tani.<\/p>\n<p>\u0160ta se zapravo dogodilo? Dobro Polje, sa svojim mahalama, jedno je od crnotravskih sela, koje \u0107e za nekoliko godina ostati bez stanovnika. Po popisu iz 1879. Dobro Polje imalo je 806 stanovnika, a po posleratnom popisu, 1948. godine, u selu i mahalama \u017eivelo je 420 stanovnika. Broj stanovnika po\u010dinje naglo da opada po\u010dev od 1971, kada je popisano 200 stanovnika. Po popisu iz 2002. Dobro Polje ima 16 stanovnika. Ovih dana, u selu i mahalama, cele godine \u017eivi manje od desetoro me\u0161tana.<\/p>\n<p><img decoding=\"async\" class=\"img-responsive center-block\" title=\"\u0160kola i zadru\u017eni dom, Dobro Polje, Crna Trava\" src=\"https:\/\/www.srbijaplus.net\/images\/crna-trava-dobro-polje-2426.jpg\" alt=\"\u0160kola i zadru\u017eni dom, Dobro Polje, Crna Trava\"\/><\/p>\n<p class=\"caption\">\u0160kola i zadru\u017eni dom<\/p>\n<p>U centru Dobrog Polja smestile su se zgrade: \u0161kola, Zadru\u017eni dom, mesna kancelarija; zatim crkva i nekoliko privatnih objekata. Prema nekim podacima (koje nisam proverio), prvi \u0161kolski razredi postojali su jo\u0161 1878, a nastava se odr\u017eavala u Crkvenoj ku\u0107i.<\/p>\n<p><img decoding=\"async\" class=\"img-responsive center-block\" title=\"Zgrada \u0161kole, Dobro Polje, Crna Trava\" src=\"https:\/\/www.srbijaplus.net\/images\/crna-trava-dobro-polje-2395.jpg\" alt=\"Zgrada \u0161kole, Dobro Polje, Crna Trava\"\/><\/p>\n<p class=\"caption\">Zgrada \u0161kole u Dobrom Polju<\/p>\n<p>Sada\u0161nja \u0161kola izgra\u0111ena je 1931. godine. Ne znam dokle je radila, ali prate\u0107i popise, sasvim je mogu\u0107e da krajem sedamdesetih \u0111aka vi\u0161e nije bilo.<\/p>\n<p><img decoding=\"async\" class=\"img-responsive center-block\" title=\"Zgrada \u0161kole iz 1931. godine, Dobro Polje, Crna Trava\" src=\"https:\/\/www.srbijaplus.net\/images\/crna-trava-dobro-polje-2392.jpg\" alt=\"Zgrada \u0161kole iz 1931. godine, Dobro Polje, Crna Trava\"\/><\/p>\n<p class=\"caption\">Zgrada \u0161kole iz 1931. godine<\/p>\n<p>Posle skoro sto godina, iako napu\u0161tena, na zgradi nema ozbiljnih o\u0161te\u0107enja, pa je \u0161kola do ovih dana sa\u010duvala znanja i ve\u0161tine crnotravskih zidara.<\/p>\n<p><img decoding=\"async\" class=\"img-responsive center-block\" title=\"Ulaz u \u0161kolu, Dobro Polje, Crna Trava\" src=\"https:\/\/www.srbijaplus.net\/images\/crna-trava-dobro-polje-2422.jpg\" alt=\"Ulaz u \u0161kolu, Dobro Polje, Crna Trava\"\/><\/p>\n<p class=\"caption\">Ulaz u \u0161kolu<\/p>\n<p>U centru sela nalazi se nekoliko ku\u0107a, koje su vlasnici obnovili prethodnih godina.<\/p>\n<p><img decoding=\"async\" class=\"img-responsive center-block\" title=\"Centar sela Dobro Polje, Crna Trava (foto: Andrej Cvetkovi\u0107)\" src=\"https:\/\/www.srbijaplus.net\/images\/crna-trava-dobro-polje-0922.jpg\" alt=\"Centar sela Dobro Polje, Crna Trava (foto: Andrej Cvetkovi\u0107)\"\/><\/p>\n<p class=\"caption\">Centar sela Dobro Polje (foto: Andrej Cvetkovi\u0107)<\/p>\n<p>Izgra\u0111ene su u nizu, sli\u010dne su i pretpostavljam da pripadaju istoj familiji.<\/p>\n<p><img decoding=\"async\" class=\"img-responsive center-block\" title=\"Obnovljene ku\u0107e u Dobrom Polju, Crna Trava (foto: Andrej Cvetkovi\u0107)\" src=\"https:\/\/www.srbijaplus.net\/images\/crna-trava-dobro-polje-0924.jpg\" alt=\"Obnovljene ku\u0107e u Dobrom Polju, Crna Trava (foto: Andrej Cvetkovi\u0107)\"\/><\/p>\n<p class=\"caption\">Obnovljene ku\u0107e u Dobrom Polju (foto: Andrej Cvetkovi\u0107)<\/p>\n<p><img decoding=\"async\" class=\"img-responsive center-block\" title=\"Lepe seoske ku\u0107e, Dobro Polje, Crna Trava (foto: Andrej Cvetkovi\u0107)\" src=\"https:\/\/www.srbijaplus.net\/images\/crna-trava-dobro-polje-2457.jpg\" alt=\"Lepe seoske ku\u0107e, Dobro Polje, Crna Trava (foto: Andrej Cvetkovi\u0107)\"\/><\/p>\n<p class=\"caption\">Lepe seoske ku\u0107e u nizu (foto: Andrej Cvetkovi\u0107)<\/p>\n<p>Tog avgustovskog dana, kada smo posetili Dobro Polje u centru nije bilo ljudi, a jednu ku\u0107u ostala je da \u010duva \u010duvarku\u0107a.<\/p>\n<p><img decoding=\"async\" class=\"img-responsive center-block\" title=\"\u010cuvarku\u0107a na pragu seoske ku\u0107e, Dobro Polje, Crna Trava\" src=\"https:\/\/www.srbijaplus.net\/images\/crna-trava-dobro-polje-2445.jpg\" alt=\"\u010cuvarku\u0107a na pragu seoske ku\u0107e, Dobro Polje, Crna Trava\"\/><\/p>\n<p class=\"caption\">\u010cuvarku\u0107a na pragu seoske ku\u0107e<\/p>\n<p>U blizini je jo\u0161 jedna lepa, seoska ku\u0107a. Po neproverenoj pri\u010di, vlasni\u0161tvo je seoskog po\u0161tara.<\/p>\n<p><img decoding=\"async\" class=\"img-responsive center-block\" title=\"Stara seoska ku\u0107a, Dobro Polje, Crna Trava\" src=\"https:\/\/www.srbijaplus.net\/images\/crna-trava-dobro-polje-2441.jpg\" alt=\"Stara seoska ku\u0107a, Dobro Polje, Crna Trava\"\/><\/p>\n<p class=\"caption\">Stara seoska ku\u0107a u centru Dobrog Polja<\/p>\n<p>Letnji dan prepun sunca, bela ku\u0107a i livada sa procvetalom hajdu\u010dkom travom i svim mogu\u0107im lekovitim bilj\u010dicama, pravi su motiv za mesec avgust na zidnom kalendaru.<\/p>\n<p><img decoding=\"async\" class=\"img-responsive center-block\" title=\"Dobro Polje, Crna Trava\" src=\"https:\/\/www.srbijaplus.net\/images\/crna-trava-dobro-polje-2448.jpg\" alt=\"Dobro Polje, Crna Trava\"\/><\/p>\n<p class=\"caption\">Motiv za zidni kalendar<\/p>\n<h3>Ponovljena pri\u010da o zadru\u017enim domovima<\/h3>\n<p>Ideja zadrugarstva nastala je pre Prvog svetskog rata. Praksa je bila da se, posle svih pla\u0107anja, od preostalog novca grade zajedni\u010dki objekti. Izme\u0111u ostalog i zadru\u017eni domovi. Posle Drugog svetskog rata zadruge su bile dr\u017eavni projekat, a Prvi petogodi\u0161nji plan FNRJ predvideo je, izme\u0111u ostalog, izgradnju 1500 zadru\u017enih domova. Ura\u0111eno je 15 tipskih projekata, prilago\u0111enih podneblju, raspolo\u017eivim materijalima i znanjima lokalnih majstora. Gra\u0111eni su malo dobrovoljno, malo \u201cpod kulukom\u201d ali, u bilo kom slu\u010daju, postali su centri opismenjavanja, dru\u0161tvenog i politi\u010dkog \u017eivota sela.<\/p>\n<p>Jedan od zadr\u017enih domova izgra\u0111en je u Dobrom Polju.<\/p>\n<p><img decoding=\"async\" class=\"img-responsive center-block\" title=\"Zadru\u017eni dom u Dobrom Polju, Crna Trava\" src=\"https:\/\/www.srbijaplus.net\/images\/crna-trava-dobro-polje-2378.jpg\" alt=\"Zadru\u017eni dom u Dobrom Polju, Crna Trava\"\/><\/p>\n<p class=\"caption\">Zadru\u017eni dom u Dobrom Polju<\/p>\n<p>U centralnom delu zadru\u017enog doma nalazi se sala, \u010dija je veli\u010dina prilago\u0111ena broju stanovnika sela. Enterijer \u010dine drvene klupe, a ponekad i bina.<\/p>\n<p><img decoding=\"async\" class=\"img-responsive center-block\" title=\"Sala Zadru\u017enog doma, Dobro Polje, Crna Trava\" src=\"https:\/\/www.srbijaplus.net\/images\/crna-trava-dobro-polje-2376.jpg\" alt=\"Sala Zadru\u017enog doma, Dobro Polje, Crna Trava\"\/><\/p>\n<p>\u00a0<\/p>\n<p class=\"caption\">Sala Zadru\u017enog doma u Dobrom Polju<\/p>\n<p>Sastavni deo objekta je kancelarijski prostor, kori\u0161\u0107en za lokalne i dr\u017eavne poslove.<\/p>\n<p><img decoding=\"async\" class=\"img-responsive center-block\" title=\"Unutra\u0161njost Zadru\u017enog doma, Dobro Polje, Crna Trava\" src=\"https:\/\/www.srbijaplus.net\/images\/crna-trava-dobro-polje-2370.jpg\" alt=\"Unutra\u0161njost Zadru\u017enog doma, Dobro Polje, Crna Trava\"\/><\/p>\n<p>\u00a0<\/p>\n<p><img decoding=\"async\" class=\"img-responsive center-block\" title=\"O\u0161te\u0107ena unutra\u0161njost Zadru\u017enog doma, Dobro Polje, Crna Trava (foto: Andrej Cvetkovi\u0107)\" src=\"https:\/\/www.srbijaplus.net\/images\/crna-trava-dobro-polje-0884.jpg\" alt=\"O\u0161te\u0107ena unutra\u0161njost Zadru\u017enog doma, Dobro Polje, Crna Trava (foto: Andrej Cvetkovi\u0107)\"\/><\/p>\n<p class=\"caption\">Kancelarije u Zadru\u017enom domu (foto: Andrej Cvetkovi\u0107)<\/p>\n<p>U hodniku Zadru\u017enog doma u Dobrom Polju preostala je zastava SFRJ, koja je najavljivala i obele\u017eavala: 1. i 25. maj, 4. i 7. juli i kona\u010dno 29. novembar.<\/p>\n<p><img decoding=\"async\" class=\"img-responsive center-block\" title=\"Stara zastava SFRJ, Dobro Polje, Crna Trava\" src=\"https:\/\/www.srbijaplus.net\/images\/crna-trava-dobro-polje-2383.jpg\" alt=\"Stara zastava SFRJ, Dobro Polje, Crna Trava\"\/><\/p>\n<p class=\"caption\">Stara zastava SFRJ<\/p>\n<p>Poslednjih godina hodnik Doma slu\u017ei da se saop\u0161te tu\u017ene vesti. Neke od umrlica stare su dvadesetak godina. Me\u0111u njima je Milorad Dimitrijevi\u0107 \u2013 Lenjin, profesor Gra\u0111evinskog fakulteta u Beogradu, ro\u0111en u Dobrom Polju, a preminuo 2008. godine u Beogradu.<\/p>\n<p><img decoding=\"async\" class=\"img-responsive center-block\" title=\"Hodnik Zadru\u017enog doma, Dobro Polje, Crna Trava\" src=\"https:\/\/www.srbijaplus.net\/images\/crna-trava-dobro-polje-2371.jpg\" alt=\"Hodnik Zadru\u017enog doma, Dobro Polje, Crna Trava\"\/><\/p>\n<p class=\"caption\">Hodnik Zadru\u017enog doma<\/p>\n<p>Ovih dana u Zadru\u017eni dom Dobrom Polju niko ne dolazi. Ostao je samo isti, \u0161irok pogled na dobropoljska brda.<\/p>\n<p><img decoding=\"async\" class=\"img-responsive center-block\" title=\"Pogled kroz prozor, Dobro Polje, Crna Trava\" src=\"https:\/\/www.srbijaplus.net\/images\/crna-trava-dobro-polje-2369.jpg\" alt=\"Pogled kroz prozor, Dobro Polje, Crna Trava\"\/><\/p>\n<p class=\"caption\">Pogled kroz prozor na dobropoljska brda<\/p>\n<h3>Seoska crkva<\/h3>\n<p>Na zaravni ispod Zadru\u017enog doma, s pogledom na crnotravske mahale, smestila se seoska crkva sa zvonikom.<\/p>\n<p><img decoding=\"async\" class=\"img-responsive center-block\" title=\"Zvonik i crkva, Dobro Polje, Crna Trava\" src=\"https:\/\/www.srbijaplus.net\/images\/crna-trava-dobro-polje-2417.jpg\" alt=\"Zvonik i crkva, Dobro Polje, Crna Trava\"\/><\/p>\n<p class=\"caption\">Zvonik i crkva u Dobrom Polju<\/p>\n<p>Fasade i krov su u dobrom su stanju \u2013 verovatno su nedavno obnovljeni.<\/p>\n<p><img decoding=\"async\" class=\"img-responsive center-block\" title=\"Crkva u Dobrom Polju, Crna Trava\" src=\"https:\/\/www.srbijaplus.net\/images\/crna-trava-dobro-polje-2406.jpg\" alt=\"Crkva u Dobrom Polju, Crna Trava\"\/><\/p>\n<p class=\"caption\">Crkva u Dobrom Polju<\/p>\n<p>Za razliku od crkve, koja je u obliku jednostavnog, pravilnog geometrijskog tela, zvonik je rasko\u0161niji i vi\u0161e li\u010di na crkvu od same crkve. (<a href=\"https:\/\/www.srbijaplus.net\/custica-crkva-apostola-petra-i-pavla.htm\" target=\"_blank\" rel=\"noopener\">Pro\u010ditajte i pri\u010du o crkvi u Dobrom Polju<\/a>)<\/p>\n<p><img decoding=\"async\" class=\"img-responsive center-block\" title=\"Zvonik crkve u Dobrom Polju, Crna Trava\" src=\"https:\/\/www.srbijaplus.net\/images\/crna-trava-dobro-polje-2409.jpg\" alt=\"Zvonik crkve u Dobrom Polju, Crna Trava\"\/><\/p>\n<p class=\"caption\">Zvonik crkve u Dobrom Polju<\/p>\n<h3>Tragedije i se\u0107anja<\/h3>\n<p>Ne postoji ni jedno crnotravsko selo koje, nakon svih mogu\u0107ih ratova nije brojalo \u017ertve: po\u010dev od Balkanskih ratova, pa do 1999. Tako\u0111e, ne postoji crnotravsko selo u kome nije postavljena bar spomen-plo\u010da s imenima stradalih.<\/p>\n<p>U porti seoske crkve nalaze se dva spomenika. Jedan je podignut Bogomiru Zdravkovi\u0107u, koji je: \u201c\u2026 \u017eiveo 36 godina, poginu od Bugari 16. III \u2026\u201d. Detaljnije podatke o Bogomiru Zdravkovi\u0107u dao je Zoran Stoji\u010di\u0107, Bogomirov unuk: \u201cBogomir Zdravkovi\u0107 je poginuo 16.03.1944. godine, stradav\u0161i od Bugarske vojske. Samim tim odnosi se na Drugi svetski rat. E, sad tu ima nekih nedoumica\u2026 Bogomir je ro\u0111en 1906. godine (tako ka\u017ee moja majka), a imav\u0161i u vidu da je \u017eiveo 36 godina, kako pi\u0161e na spomeniku, trebalo bi da je poginuo 1942. godine. Na spomen-\u010desmi i u knjigama pi\u0161e da je umro 1944. \u0161to se nikako ne uklapa u 36 godina \u017eivota. Datum je tako\u0111e razli\u010dit. Na spomeniku pi\u0161e 16.3. a u knjizi pi\u0161e 19.3. Bogomir Zdravkovi\u0107 je ina\u010de moj deda, ta\u010dnije otac moje majke. Imao je petoro dece, sina i \u010detiri k\u0107eri. Sin se zvao Aleksa, a k\u0107erke Kosovka, Stanica, Milunka i Slavica. Slavica je moja majka\u201d. (Zoran Stoji\u010di\u0107:\u00a0<a href=\"https:\/\/medijacentar016.com\/crna-trava-dobro-polje-autor-teksta-i-fotografija-zoran-cvetkovic\/mailto:vlasotince.info@gmail.com\" target=\"_blank\" rel=\"noopener\">vlasotince.info@gmail.com<\/a>)<\/p>\n<p><img decoding=\"async\" class=\"img-responsive center-block\" title=\"Spomenik Bogomiru Zdravkovi\u0107u, Dobro Polje, Crna Trava\" src=\"https:\/\/www.srbijaplus.net\/images\/crna-trava-dobro-polje-2410.jpg\" alt=\"Spomenik Bogomiru Zdravkovi\u0107u, Dobro Polje, Crna Trava\"\/><\/p>\n<p class=\"caption\">Spomenik Bogomiru Zdravkovi\u0107u, 36 godina<\/p>\n<p>Drugi spomenik podignut je Radomiru Ran\u0111elovi\u0107u: \u201cOvde po\u010diva Radomir O. Ran\u0111elovi\u0107. \u017diveo 29 godina, poginuo na Crni Vrh kod Knja\u017eevca 23. juna 1944. godine. Spomen podi\u017ee supruga Stanica sa decom i baba Ana.\u201d.<\/p>\n<p><img decoding=\"async\" class=\"img-responsive center-block\" title=\"Spomenik Radomiru O. Ran\u0111elovi\u0107u, Dobro Polje, Crna Trava\" src=\"https:\/\/www.srbijaplus.net\/images\/crna-trava-dobro-polje-2407.jpg\" alt=\"Spomenik Radomiru O. Ran\u0111elovi\u0107u, Dobro Polje, Crna Trava\"\/><\/p>\n<p class=\"caption\">Spomenik Radomiru O. Ran\u0111elovi\u0107u, 29 godina<\/p>\n<p>Kraj groblja, iznad centra sela, gra\u0111ani Dobrog Polja podigli su 4. jula 1961. spomen-\u010desmu, posve\u0107enu ro\u0111acima i susedima, stradalim u Drugom svetskom ratu. Na plo\u010di su posveta: \u201cNeka znoj na\u0161 padne gde je krv njihova pala da bi nam putevi bili dostojni njihove veli\u010dine\u201d i spisak stradalih: Stojkovi\u0107 J. Stojko (1919-1941), Petrovi\u0107 \u0110. Milan (1906-1942), Zdravkovi\u0107 N. Bogomir (1906-1944), Nikoli\u0107 L. Stamenko (1923-1944), Zdravkovi\u0107 J. Vojislav (1922-1944), Mom\u010dilovi\u0107 A. Svetomir (1912-1944), Ran\u0111elovi\u0107 O. Radomir (1915-1944), Jovi\u0107 S. Dobri\u0107 (1923-1944), Kosti\u0107 M. \u017divojin (1907-1944), Veli\u010dkovi\u0107 D. Radomir (1925-1944), Kosti\u0107 M. Bo\u017eilo (1907-1944), Pavlovi\u0107 M. Danilo (1911-1944).<\/p>\n<p><img decoding=\"async\" class=\"img-responsive center-block\" title=\"Spomen-\u010desma, Dobro Polje, Crna Trava\" src=\"https:\/\/www.srbijaplus.net\/images\/crna-trava-dobro-polje-2464.jpg\" alt=\"Spomen-\u010desma, Dobro Polje, Crna Trava\"\/><\/p>\n<p class=\"caption\">Spomen-\u010desma posve\u0107ena stradalim u Drugom svetskom ratu<\/p>\n<p>Najve\u0107i broj me\u0161tana poginuo je 1944. godine. Tragedija je jo\u0161 ve\u0107a, kada se izra\u010dunaju godine stradalih: najstariji poginuo je u 37. godini, a najmla\u0111i u 19. godini.<\/p>\n<p><img decoding=\"async\" class=\"img-responsive center-block\" title=\"Seosko groblje, Dobro Polje, Crna Trava\" src=\"https:\/\/www.srbijaplus.net\/images\/crna-trava-dobro-polje-2459.jpg\" alt=\"Seosko groblje, Dobro Polje, Crna Trava\"\/><\/p>\n<p class=\"caption\">Stari spomenik na seoskom groblju u Dobrom Polju<\/p>\n<p>Ako bih birao najbolji ugao za fotografiju Dobrog Polja, mogu\u0107e je da bih odabrao pogled na selo preko stare, kamene ograde, obrasle mahovinom i li\u0161ajem.<\/p>\n<p><img decoding=\"async\" class=\"img-responsive center-block\" title=\"Stara kamena ograda (foto: Andrej Cvetkovi\u0107), Dobro Polje, Crna Trava\" src=\"https:\/\/www.srbijaplus.net\/images\/crna-trava-dobro-polje-0921.jpg\" alt=\"Stara kamena ograda (foto: Andrej Cvetkovi\u0107), Dobro Polje, Crna Trava\"\/><\/p>\n<p class=\"caption\">Stara kamena ograda (foto: Andrej Cvetkovi\u0107)<\/p>\n<h3>Kako sti\u0107i do sela<\/h3>\n<p>Dobro Polje je selo rasutog tipa, pa sam tokom prepodnevnog boravka video samo centar sela. Prvom prilikom voleo bih da posetim i ostale mahale.<\/p>\n<p><img decoding=\"async\" class=\"img-responsive center-block\" title=\"\u0160umski put, Dobro Polje, Crna Trava\" src=\"https:\/\/www.srbijaplus.net\/images\/crna-trava-dobro-polje-2341.jpg\" alt=\"\u0160umski put, Dobro Polje, Crna Trava\"\/><\/p>\n<p class=\"caption\">\u0160umski put do Dobrog Polja<\/p>\n<p>Ukoliko \u017eelite da posetite selo, svakako izaberite leto. Do centra Dobrog Polja putuje se magistralnim putem Sastav Reka \u2013 Crna Trava \u2013 Vlasina. Skretanje je na petom kilometru od Sastav Reke i na desetom kilometru od Crne Trave. Od glavnog puta do sela je 6km planinskog puta, koji prolazi gustom, bukovom \u0161umom.<\/p>\n<p>&#13;<br \/>\n\t\t\t\t<span class=\"post-views-icon dashicons dashicons-visibility\"\/> <span class=\"post-views-label\">Broj Pregleda:<\/span> <span class=\"post-views-count\">11<\/span>&#13;\n\t\t\t<\/p>\n<div class=\"sharedaddy sd-block sd-like jetpack-likes-widget-wrapper jetpack-likes-widget-unloaded\" id=\"like-post-wrapper-155930709-89598-672d580c960ed\" data-src=\"https:\/\/widgets.wp.com\/likes\/?ver=14.0#blog_id=155930709&amp;post_id=89598&amp;origin=medijacentar016.com&amp;obj_id=155930709-89598-672d580c960ed&amp;n=1\" data-name=\"like-post-frame-155930709-89598-672d580c960ed\" data-title=\"Like or Reblog\">\n<h3 class=\"sd-title\">Like this:<\/h3>\n<p><span class=\"button\"><span>Like<\/span><\/span> <span class=\"loading\">Loading&#8230;<\/span><\/p>\n<p><span class=\"sd-text-color\"\/><a class=\"sd-link-color\"\/><\/div>\n<\/p><\/div>\n<p><a href=\"https:\/\/medijacentar016.com\/crna-trava-dobro-polje-autor-teksta-i-fotografija-zoran-cvetkovic\/\" target=\"_blank\" rel=\"noopener\">Source link <\/a><br \/>\n\n Zoran Cvetkovi\u0107) \u2013 Medija centar 016<\/p>\n","protected":false},"excerpt":{"rendered":"<p>CRNA TRAVA: SEDI\u0160TE LOKALNE SAMOUPRAVE Dobro Polje posetio sam u avgustu 2019. godine, putuju\u0107i crnotravskim putevima \u2013 od sela do&hellip;<\/p>\n","protected":false},"author":1,"featured_media":1900,"comment_status":"open","ping_status":"open","sticky":false,"template":"","format":"standard","meta":{"footnotes":""},"categories":[1],"tags":[],"class_list":["post-1899","post","type-post","status-publish","format-standard","has-post-thumbnail","hentry","category-oglasi-bojnik"],"_links":{"self":[{"href":"https:\/\/oglasi.infooglasi.rs\/oglasi\/oglasibojnik\/wp-json\/wp\/v2\/posts\/1899","targetHints":{"allow":["GET"]}}],"collection":[{"href":"https:\/\/oglasi.infooglasi.rs\/oglasi\/oglasibojnik\/wp-json\/wp\/v2\/posts"}],"about":[{"href":"https:\/\/oglasi.infooglasi.rs\/oglasi\/oglasibojnik\/wp-json\/wp\/v2\/types\/post"}],"author":[{"embeddable":true,"href":"https:\/\/oglasi.infooglasi.rs\/oglasi\/oglasibojnik\/wp-json\/wp\/v2\/users\/1"}],"replies":[{"embeddable":true,"href":"https:\/\/oglasi.infooglasi.rs\/oglasi\/oglasibojnik\/wp-json\/wp\/v2\/comments?post=1899"}],"version-history":[{"count":0,"href":"https:\/\/oglasi.infooglasi.rs\/oglasi\/oglasibojnik\/wp-json\/wp\/v2\/posts\/1899\/revisions"}],"wp:featuredmedia":[{"embeddable":true,"href":"https:\/\/oglasi.infooglasi.rs\/oglasi\/oglasibojnik\/wp-json\/wp\/v2\/media\/1900"}],"wp:attachment":[{"href":"https:\/\/oglasi.infooglasi.rs\/oglasi\/oglasibojnik\/wp-json\/wp\/v2\/media?parent=1899"}],"wp:term":[{"taxonomy":"category","embeddable":true,"href":"https:\/\/oglasi.infooglasi.rs\/oglasi\/oglasibojnik\/wp-json\/wp\/v2\/categories?post=1899"},{"taxonomy":"post_tag","embeddable":true,"href":"https:\/\/oglasi.infooglasi.rs\/oglasi\/oglasibojnik\/wp-json\/wp\/v2\/tags?post=1899"}],"curies":[{"name":"wp","href":"https:\/\/api.w.org\/{rel}","templated":true}]}}