{"id":1970,"date":"2025-01-16T07:33:28","date_gmt":"2025-01-16T06:33:28","guid":{"rendered":"https:\/\/oglasi.infooglasi.rs\/oglasi\/oglasibojnik\/vucevic-drugo-polugodiste-pocinje-20-januara-i-tacka-oglasi-bojnik\/"},"modified":"2025-01-16T07:33:28","modified_gmt":"2025-01-16T06:33:28","slug":"vucevic-drugo-polugodiste-pocinje-20-januara-i-tacka-oglasi-bojnik","status":"publish","type":"post","link":"https:\/\/oglasi.infooglasi.rs\/oglasi\/oglasibojnik\/vucevic-drugo-polugodiste-pocinje-20-januara-i-tacka-oglasi-bojnik\/","title":{"rendered":"Vu\u010devi\u0107: Drugo polugodi\u0161te po\u010dinje 20. januara i ta\u010dka &#8211; OGLASI BOJNIK"},"content":{"rendered":"<p><\/p>\n<div>\n<div class=\"g g-2\">\n<div class=\"g-single a-78\">\n<div style=\"text-align:center !important;padding-bottom:20px !important;\"><a href=\"https:\/\/cityexpert.rs\/a\/novogradnja\/leskovac\/opstina-leskovac\/sajam-residence\" target=\"_blank\" rel=\"nofollow noopener\"><img decoding=\"async\" src=\"https:\/\/jugmedia.rs\/wp-content\/banners\/ban_metlasajam5_930x200.jpg\"\/><\/a><\/div>\n<\/div>\n<\/div>\n<p><strong><span class=\"first-letter\">P<\/span>redsednik Vlade Srbije Milo\u0161 Vu\u010devi\u0107 izjavio je danas da drugo polugodi\u0161te u osnovnim i srednjim \u0161kolama po\u010dinje 20. januara, a da je do 24. ili 25. januara produ\u017een rok za zaklju\u010divanje ocena iz prvog polugodi\u0161ta koje je odlukom Vlade zavr\u0161eno ranije.<\/strong><span id=\"more-375266\"\/>\n<\/p>\n<p>\u201eMoja poruka \u0161to se ti\u010de prosvete: Drugo polugodi\u0161te po\u010dinje 20. januara, ta\u010dka! Produ\u017eili smo rok za zaklju\u010denje ocena do 24. ili 25. januara. Mo\u017ee da zaklju\u010di ocene, ne\u0107e se insistirati do 20. januara, to je deo dogovora. Imaju dovoljno vremena da zaklju\u010de ocene, govorimo o prvom polugodi\u0161tu, tako da je to dovoljno\u201c, rekao je Vu\u010devi\u0107 novinarima tokom posete bolnici u Vranju, preneo je portal Blic.\n<\/p>\n<p>Govore\u0107i o najavama \u0161trajka u pojedinim \u0161kolama, Vu\u010devi\u0107 je rekao da \u0107e snositi konsekvence svi koji budu kr\u0161ili zakon, a ne u\u017eivaju podr\u0161ku i za\u0161titu sindikata.\n<\/p>\n<p>\u201eVrlo su proste stvari, to su dr\u017eavne \u0161kole. Poruka moja \u0111acima i roditeljima, da vas ne bi bombardovali kroz medije zbog pritisaka koji izmi\u0161ljaju razne stvari: \u0160kole po\u010dinju da rade, odnosno \u0161kolska godina za celu Republiku Srbiju po\u010dinje 20. januara. Kome nisu zaklju\u010dene ocene, produ\u017eava se rok za zaklju\u010denje ocena do 24. ili 25. januara\u201c, rekao je premijer.\n<\/p>\n<p>O pregovorima s reprezentativnim sindikatima u prosveti o pove\u0107anju plata kazao je da su postigli dogovor o klju\u010dnim zahtevima, a da \u0107e Vlada Srbije sutra usvojiti novu uredbu o koeficijentima zarada prosvetnih radnika.<\/p>\n<div class=\"g g-28\">\n<div class=\"g-single a-190\">\n<div style=\"text-align:center !important;padding-bottom:20px !important;\"><a href=\"https:\/\/www.facebook.com\/zlatantrag\" target=\"_blank\" rel=\"nofollow noopener\"><img decoding=\"async\" src=\"https:\/\/jugmedia.rs\/wp-content\/banners\/ban_zlatantrag19_930x200.gif\"\/><\/a><\/div>\n<\/div>\n<\/div>\n<p>\u201ePrvo pove\u0107anje plata za zaposlene bi\u0107e u martu, pet odsto, pa u oktobru pet odsto, pa u januaru 2026. godine sedam odsto. Kroz oktobarsku platu ove godine prosvetni radnici ima\u0107e po\u010detnu platu na nivou republi\u010dkog proseka. To je istorijsko pove\u0107anje. Doneli smo zajedni\u010dku odluku da je ovo najbolji sporazum za sve\u201c, rekao je Vu\u010devi\u0107.\n<\/p>\n<p>Izmene uredbe o koeficijentima, kako je naveo, obuhvati\u0107e i vaspita\u010dice u pred\u0161kolskim ustanovama. Rekao je da sledi \u201eubrzan nastavak razgovora\u201c sa sindikatima o visoko\u0161kolskim ustanovama.\n<\/p>\n<p>Vu\u010devi\u0107 je rekao i da se nastavljaju razgovori o zaklju\u010divanju kolektivnog ugovora prosvetnih radnika koji isti\u010de po\u010detkom marta ove godine.\n<\/p>\n<p>\u00a0<br \/>\n<!-- Either there are no banners, they are disabled or none qualified for this location! --><\/p>\n<p>\t\t\t\t\t\t\t\t\t<!-- AdRotate - P2-1 930x200 dole hardcoded gornji --><\/p>\n<p>\t\t\t\t\t<!-- AdRotate - P2-2 930x200 dole hardcoded donji --><\/p>\n<div style=\"padding-bottom:20px;\">\n<div class=\"g g-27\">\n<div class=\"g-single a-181\"><a href=\"https:\/\/www.facebook.com\/frenkikomerc\" target=\"_blank\" rel=\"nofollow noopener\"><img decoding=\"async\" src=\"https:\/\/jugmedia.rs\/wp-content\/banners\/ban_frenki2_930x200.jpg\"\/><\/a><\/div>\n<\/div><\/div>\n<p>\t\t\t\t\t\t\t\t\t<!-- AdRotate - Google InPost Banner 1 (responsive) --><\/p>\n<p>\t\t\t\t\t\t\t\t\t<!-- AdRotate - MonadPlug reklamni set post last hardcoded --><\/p>\n<p>\t\t\t\t<!-- Social networks proposal --><\/p><\/div>\n<p><script>(function(d, s, id) { var js, fjs = d.getElementsByTagName(s)[0]; if (d.getElementById(id)) return; js = d.createElement(s); js.id = id; js.src=\"https:\/\/connect.facebook.net\/sr_RS\/sdk.js#xfbml=1&amp;appId=249643311490&version=v2.3\"; fjs.parentNode.insertBefore(js, fjs); }(document, 'script', 'facebook-jssdk'));<\/script><br \/>\n<br \/><a href=\"https:\/\/jugmedia.rs\/vucevic-drugo-polugodiste-pocinje-20-januara-i-tacka\/\" target=\"_blank\" rel=\"noopener\">Source link <\/a><br \/>\n\n Vu\u010devi\u0107: Drugo polugodi\u0161te po\u010dinje 20. januara i ta\u010dka<\/p>\n","protected":false},"excerpt":{"rendered":"<p>Predsednik Vlade Srbije Milo\u0161 Vu\u010devi\u0107 izjavio je danas da drugo polugodi\u0161te u osnovnim i srednjim \u0161kolama po\u010dinje 20. januara, a&hellip;<\/p>\n","protected":false},"author":1,"featured_media":1894,"comment_status":"open","ping_status":"open","sticky":false,"template":"","format":"standard","meta":{"footnotes":""},"categories":[1],"tags":[],"class_list":["post-1970","post","type-post","status-publish","format-standard","has-post-thumbnail","hentry","category-oglasi-bojnik"],"_links":{"self":[{"href":"https:\/\/oglasi.infooglasi.rs\/oglasi\/oglasibojnik\/wp-json\/wp\/v2\/posts\/1970","targetHints":{"allow":["GET"]}}],"collection":[{"href":"https:\/\/oglasi.infooglasi.rs\/oglasi\/oglasibojnik\/wp-json\/wp\/v2\/posts"}],"about":[{"href":"https:\/\/oglasi.infooglasi.rs\/oglasi\/oglasibojnik\/wp-json\/wp\/v2\/types\/post"}],"author":[{"embeddable":true,"href":"https:\/\/oglasi.infooglasi.rs\/oglasi\/oglasibojnik\/wp-json\/wp\/v2\/users\/1"}],"replies":[{"embeddable":true,"href":"https:\/\/oglasi.infooglasi.rs\/oglasi\/oglasibojnik\/wp-json\/wp\/v2\/comments?post=1970"}],"version-history":[{"count":0,"href":"https:\/\/oglasi.infooglasi.rs\/oglasi\/oglasibojnik\/wp-json\/wp\/v2\/posts\/1970\/revisions"}],"wp:featuredmedia":[{"embeddable":true,"href":"https:\/\/oglasi.infooglasi.rs\/oglasi\/oglasibojnik\/wp-json\/wp\/v2\/media\/1894"}],"wp:attachment":[{"href":"https:\/\/oglasi.infooglasi.rs\/oglasi\/oglasibojnik\/wp-json\/wp\/v2\/media?parent=1970"}],"wp:term":[{"taxonomy":"category","embeddable":true,"href":"https:\/\/oglasi.infooglasi.rs\/oglasi\/oglasibojnik\/wp-json\/wp\/v2\/categories?post=1970"},{"taxonomy":"post_tag","embeddable":true,"href":"https:\/\/oglasi.infooglasi.rs\/oglasi\/oglasibojnik\/wp-json\/wp\/v2\/tags?post=1970"}],"curies":[{"name":"wp","href":"https:\/\/api.w.org\/{rel}","templated":true}]}}