{"id":2001,"date":"2025-02-20T20:57:05","date_gmt":"2025-02-20T19:57:05","guid":{"rendered":"https:\/\/oglasi.infooglasi.rs\/oglasi\/oglasibojnik\/u-bojniku-obelezeno-83-godine-od-streljanja-nevinog-stanovnistva-oglasi-bojnik\/"},"modified":"2025-02-20T20:57:05","modified_gmt":"2025-02-20T19:57:05","slug":"u-bojniku-obelezeno-83-godine-od-streljanja-nevinog-stanovnistva-oglasi-bojnik","status":"publish","type":"post","link":"https:\/\/oglasi.infooglasi.rs\/oglasi\/oglasibojnik\/u-bojniku-obelezeno-83-godine-od-streljanja-nevinog-stanovnistva-oglasi-bojnik\/","title":{"rendered":"U Bojniku obele\u017eeno 83 godine od streljanja nevinog stanovni\u0161tva &#8211; OGLASI BOJNIK"},"content":{"rendered":"<p><\/p>\n<div id=\"post-349094\">&#13;<br \/>\n\t&#13;<\/p>\n<figure class=\"entry-thumbnail\">\n<img width=\"750\" height=\"430\" class=\"attachment-content-single size-content-single wp-post-image\" alt=\"\" decoding=\"async\" loading=\"lazy\" srcset=\"https:\/\/i0.wp.com\/jugpress.com\/wp-content\/uploads\/2025\/02\/Bojnik1.jpg?w=750&amp;ssl=1 750w, https:\/\/i0.wp.com\/jugpress.com\/wp-content\/uploads\/2025\/02\/Bojnik1.jpg?resize=300%2C172&amp;ssl=1 300w\" sizes=\"auto, (max-width: 750px) 100vw, 750px\" data-attachment-id=\"349095\" src=\"https:\/\/jugpress.com\/u-bojniku-obelezeno-83-godine-od-streljanja-nevinog-stanovnistva\/bojnik1-2\/\" data-orig-file=\"https:\/\/i0.wp.com\/jugpress.com\/wp-content\/uploads\/2025\/02\/Bojnik1.jpg?fit=750%2C430&amp;ssl=1?v=1739827372\" data-orig-size=\"750,430\" data-comments-opened=\"1\" data-image-meta=\"{&quot;aperture&quot;:&quot;0&quot;,&quot;credit&quot;:&quot;&quot;,&quot;camera&quot;:&quot;&quot;,&quot;caption&quot;:&quot;&quot;,&quot;created_timestamp&quot;:&quot;0&quot;,&quot;copyright&quot;:&quot;&quot;,&quot;focal_length&quot;:&quot;0&quot;,&quot;iso&quot;:&quot;0&quot;,&quot;shutter_speed&quot;:&quot;0&quot;,&quot;title&quot;:&quot;&quot;,&quot;orientation&quot;:&quot;0&quot;}\" data-image-title=\"Bojnik1\" data-image-description=\"\" data-image-caption=\"\" data-medium-file=\"https:\/\/i0.wp.com\/jugpress.com\/wp-content\/uploads\/2025\/02\/Bojnik1.jpg?fit=300%2C172&amp;ssl=1?v=1739827372\" data-large-file=\"https:\/\/i0.wp.com\/jugpress.com\/wp-content\/uploads\/2025\/02\/Bojnik1.jpg?fit=750%2C430&amp;ssl=1?v=1739827372\"\/><\/figure>\n<p class=\"entry-meta\">\n<span class=\"entry-meta-author vcard author\">Postavio: <a class=\"fn\" href=\"https:\/\/jugpress.com\/author\/adminlilas\/\" target=\"_blank\" rel=\"noopener\">Jugpress<\/a><\/span><br \/>\n<span class=\"entry-meta-date updated\">17 Februara, 2025<\/span>\n<\/p>\n<div class=\"entry-content mh-clearfix\">\n<p>BOJNIK<\/p>\n<p>Komemorativnim skupom kraj spomenika streljanima u Bojniku je obele\u017eena 83. godi\u0161njica od krvavog pira bugarskog okupatora. U jednom danu pobijeno je vi\u0161e od 500 stanovnika pustore\u010dkog kraja, mahom \u017eena, dece i starih osoba. Prema istorijskim podacima to je bilo oko 90% stanovni\u0161tva naselja Bojnik i Dragovac, od \u010dega 90-oro dece.<\/p>\n<p>Vence su polo\u017eile delegacije op\u0161tine Bojnik, \u010dlanova porodica strejanih,Vojske Srbije i Policije, delagacija Jablani\u010dkog okruga i bora\u010dkih organizacija iz svih susednih i drugih op\u0161tina. Od pro\u0161le godine ova komemoracija je postala i dr\u017eavna ceremonija, a u ime Ministarstva za rad, zapo\u0161ljavanje, bora\u010dka i socijalna pitanja prisustvovao je dr\u017eavni sekretar Zoran Anti\u0107. On je podsetio da je narod pustore\u010dkog kraja i u Prvom i Drugom svetskom ratu bio meta bugarske vojske, te javno upitao za\u0161to se ovom doga\u0111aju na nacionalnom nivou nikada nije pridala pa\u017enja koju zaslu\u017euje i kako je mogu\u0107e da se predstavnici Bugarske nikada nisu izvinili za ovaj zlo\u010din.<\/p>\n<p>Da potomci streljanih ne zaboravljaju ove zlo\u010dine, svedo\u010di prisustvo Slavice Stev\u010devske iz Skoplja u Severnoj Makedoniji. Ona je svakog 17. februara na ovom mestu, jer je obavezuje porodi\u010dno predanje i zavet da se ovaj doga\u0111aj ne zaboravi. Povelju \u017eivih koja ima poruku da se ovaj zlo\u010din nikada ne mo\u017ee i ne sme izbrisati iz se\u0107anja pro\u010ditao je predsednik Skup\u0161tine op\u0161tine Bojnik Mladen \u0110or\u0111evi\u0107. (kraj) IS\/LJS<\/p>\n<figure data-carousel-extra=\"{\" blog_id=\"\" class=\"wp-block-gallery has-nested-images columns-default is-cropped wp-block-gallery-2 is-layout-flex wp-block-gallery-is-layout-flex\">\n<figure class=\"wp-block-image size-large\"><img data-recalc-dims=\"1\" loading=\"lazy\" decoding=\"async\" width=\"750\" height=\"430\" data-attachment-id=\"349095\" src=\"https:\/\/jugpress.com\/u-bojniku-obelezeno-83-godine-od-streljanja-nevinog-stanovnistva\/bojnik1-2\/\" data-orig-file=\"https:\/\/i0.wp.com\/jugpress.com\/wp-content\/uploads\/2025\/02\/Bojnik1.jpg?fit=750%2C430&amp;ssl=1?v=1739827372\" data-orig-size=\"750,430\" data-comments-opened=\"1\" data-image-meta=\"{&quot;aperture&quot;:&quot;0&quot;,&quot;credit&quot;:&quot;&quot;,&quot;camera&quot;:&quot;&quot;,&quot;caption&quot;:&quot;&quot;,&quot;created_timestamp&quot;:&quot;0&quot;,&quot;copyright&quot;:&quot;&quot;,&quot;focal_length&quot;:&quot;0&quot;,&quot;iso&quot;:&quot;0&quot;,&quot;shutter_speed&quot;:&quot;0&quot;,&quot;title&quot;:&quot;&quot;,&quot;orientation&quot;:&quot;0&quot;}\" data-image-title=\"Bojnik1\" data-image-description=\"\" data-image-caption=\"\" data-medium-file=\"https:\/\/i0.wp.com\/jugpress.com\/wp-content\/uploads\/2025\/02\/Bojnik1.jpg?fit=300%2C172&amp;ssl=1?v=1739827372\" data-large-file=\"https:\/\/i0.wp.com\/jugpress.com\/wp-content\/uploads\/2025\/02\/Bojnik1.jpg?fit=750%2C430&amp;ssl=1?v=1739827372\" data-id=\"349095\" alt=\"\" class=\"wp-image-349095\" srcset=\"https:\/\/i0.wp.com\/jugpress.com\/wp-content\/uploads\/2025\/02\/Bojnik1.jpg?w=750&amp;ssl=1 750w, https:\/\/i0.wp.com\/jugpress.com\/wp-content\/uploads\/2025\/02\/Bojnik1.jpg?resize=300%2C172&amp;ssl=1 300w\" sizes=\"auto, (max-width: 750px) 100vw, 750px\"\/><\/figure>\n<figure class=\"wp-block-image size-large\"><img data-recalc-dims=\"1\" loading=\"lazy\" decoding=\"async\" width=\"750\" height=\"430\" data-attachment-id=\"349096\" src=\"https:\/\/jugpress.com\/u-bojniku-obelezeno-83-godine-od-streljanja-nevinog-stanovnistva\/bojnik2-2\/\" data-orig-file=\"https:\/\/i0.wp.com\/jugpress.com\/wp-content\/uploads\/2025\/02\/Bojnik2.jpg?fit=750%2C430&amp;ssl=1?v=1739827374\" data-orig-size=\"750,430\" data-comments-opened=\"1\" data-image-meta=\"{&quot;aperture&quot;:&quot;0&quot;,&quot;credit&quot;:&quot;&quot;,&quot;camera&quot;:&quot;&quot;,&quot;caption&quot;:&quot;&quot;,&quot;created_timestamp&quot;:&quot;0&quot;,&quot;copyright&quot;:&quot;&quot;,&quot;focal_length&quot;:&quot;0&quot;,&quot;iso&quot;:&quot;0&quot;,&quot;shutter_speed&quot;:&quot;0&quot;,&quot;title&quot;:&quot;&quot;,&quot;orientation&quot;:&quot;0&quot;}\" data-image-title=\"Bojnik2\" data-image-description=\"\" data-image-caption=\"\" data-medium-file=\"https:\/\/i0.wp.com\/jugpress.com\/wp-content\/uploads\/2025\/02\/Bojnik2.jpg?fit=300%2C172&amp;ssl=1?v=1739827374\" data-large-file=\"https:\/\/i0.wp.com\/jugpress.com\/wp-content\/uploads\/2025\/02\/Bojnik2.jpg?fit=750%2C430&amp;ssl=1?v=1739827374\" data-id=\"349096\" alt=\"\" class=\"wp-image-349096\" srcset=\"https:\/\/i0.wp.com\/jugpress.com\/wp-content\/uploads\/2025\/02\/Bojnik2.jpg?w=750&amp;ssl=1 750w, https:\/\/i0.wp.com\/jugpress.com\/wp-content\/uploads\/2025\/02\/Bojnik2.jpg?resize=300%2C172&amp;ssl=1 300w\" sizes=\"auto, (max-width: 750px) 100vw, 750px\"\/><\/figure>\n<figure class=\"wp-block-image size-large\"><img data-recalc-dims=\"1\" loading=\"lazy\" decoding=\"async\" width=\"750\" height=\"430\" data-attachment-id=\"349097\" src=\"https:\/\/jugpress.com\/u-bojniku-obelezeno-83-godine-od-streljanja-nevinog-stanovnistva\/bojnik3\/\" data-orig-file=\"https:\/\/i0.wp.com\/jugpress.com\/wp-content\/uploads\/2025\/02\/Bojnik3.jpg?fit=750%2C430&amp;ssl=1?v=1739827374\" data-orig-size=\"750,430\" data-comments-opened=\"1\" data-image-meta=\"{&quot;aperture&quot;:&quot;0&quot;,&quot;credit&quot;:&quot;&quot;,&quot;camera&quot;:&quot;&quot;,&quot;caption&quot;:&quot;&quot;,&quot;created_timestamp&quot;:&quot;0&quot;,&quot;copyright&quot;:&quot;&quot;,&quot;focal_length&quot;:&quot;0&quot;,&quot;iso&quot;:&quot;0&quot;,&quot;shutter_speed&quot;:&quot;0&quot;,&quot;title&quot;:&quot;&quot;,&quot;orientation&quot;:&quot;0&quot;}\" data-image-title=\"Bojnik3\" data-image-description=\"\" data-image-caption=\"\" data-medium-file=\"https:\/\/i0.wp.com\/jugpress.com\/wp-content\/uploads\/2025\/02\/Bojnik3.jpg?fit=300%2C172&amp;ssl=1?v=1739827374\" data-large-file=\"https:\/\/i0.wp.com\/jugpress.com\/wp-content\/uploads\/2025\/02\/Bojnik3.jpg?fit=750%2C430&amp;ssl=1?v=1739827374\" data-id=\"349097\" alt=\"\" class=\"wp-image-349097\" srcset=\"https:\/\/i0.wp.com\/jugpress.com\/wp-content\/uploads\/2025\/02\/Bojnik3.jpg?w=750&amp;ssl=1 750w, https:\/\/i0.wp.com\/jugpress.com\/wp-content\/uploads\/2025\/02\/Bojnik3.jpg?resize=300%2C172&amp;ssl=1 300w\" sizes=\"auto, (max-width: 750px) 100vw, 750px\"\/><\/figure>\n<\/figure>\n<p><h3 class=\"jp-relatedposts-headline\"><em>I ovo Vam mo\u017ee biti interesantno<\/em><\/h3>\n<\/p><\/div>\n<p>&#13;\n<\/p><\/div>\n<p><a href=\"https:\/\/jugpress.com\/u-bojniku-obelezeno-83-godine-od-streljanja-nevinog-stanovnistva\/\" target=\"_blank\" rel=\"noopener\">Source link <\/a><br \/>\n\n U Bojniku obele\u017eeno 83 godine od streljanja nevinog stanovni\u0161tva<\/p>\n","protected":false},"excerpt":{"rendered":"<p>&#13; &#13; Postavio: Jugpress 17 Februara, 2025 BOJNIK Komemorativnim skupom kraj spomenika streljanima u Bojniku je obele\u017eena 83. godi\u0161njica od&hellip;<\/p>\n","protected":false},"author":1,"featured_media":2002,"comment_status":"open","ping_status":"open","sticky":false,"template":"","format":"standard","meta":{"footnotes":""},"categories":[1],"tags":[],"class_list":["post-2001","post","type-post","status-publish","format-standard","has-post-thumbnail","hentry","category-oglasi-bojnik"],"_links":{"self":[{"href":"https:\/\/oglasi.infooglasi.rs\/oglasi\/oglasibojnik\/wp-json\/wp\/v2\/posts\/2001","targetHints":{"allow":["GET"]}}],"collection":[{"href":"https:\/\/oglasi.infooglasi.rs\/oglasi\/oglasibojnik\/wp-json\/wp\/v2\/posts"}],"about":[{"href":"https:\/\/oglasi.infooglasi.rs\/oglasi\/oglasibojnik\/wp-json\/wp\/v2\/types\/post"}],"author":[{"embeddable":true,"href":"https:\/\/oglasi.infooglasi.rs\/oglasi\/oglasibojnik\/wp-json\/wp\/v2\/users\/1"}],"replies":[{"embeddable":true,"href":"https:\/\/oglasi.infooglasi.rs\/oglasi\/oglasibojnik\/wp-json\/wp\/v2\/comments?post=2001"}],"version-history":[{"count":0,"href":"https:\/\/oglasi.infooglasi.rs\/oglasi\/oglasibojnik\/wp-json\/wp\/v2\/posts\/2001\/revisions"}],"wp:featuredmedia":[{"embeddable":true,"href":"https:\/\/oglasi.infooglasi.rs\/oglasi\/oglasibojnik\/wp-json\/wp\/v2\/media\/2002"}],"wp:attachment":[{"href":"https:\/\/oglasi.infooglasi.rs\/oglasi\/oglasibojnik\/wp-json\/wp\/v2\/media?parent=2001"}],"wp:term":[{"taxonomy":"category","embeddable":true,"href":"https:\/\/oglasi.infooglasi.rs\/oglasi\/oglasibojnik\/wp-json\/wp\/v2\/categories?post=2001"},{"taxonomy":"post_tag","embeddable":true,"href":"https:\/\/oglasi.infooglasi.rs\/oglasi\/oglasibojnik\/wp-json\/wp\/v2\/tags?post=2001"}],"curies":[{"name":"wp","href":"https:\/\/api.w.org\/{rel}","templated":true}]}}