{"id":1710,"date":"2024-05-09T09:40:03","date_gmt":"2024-05-09T07:40:03","guid":{"rendered":"https:\/\/oglasi.infooglasi.rs\/oglasi\/oglasibor\/evropski-dan-samostalnog-zivota-centar-za-samostalni-zivot-osoba-sa-invaliditetom-srbije-oglasi-bor\/"},"modified":"2024-05-09T09:40:03","modified_gmt":"2024-05-09T07:40:03","slug":"evropski-dan-samostalnog-zivota-centar-za-samostalni-zivot-osoba-sa-invaliditetom-srbije-oglasi-bor","status":"publish","type":"post","link":"https:\/\/oglasi.infooglasi.rs\/oglasi\/oglasibor\/evropski-dan-samostalnog-zivota-centar-za-samostalni-zivot-osoba-sa-invaliditetom-srbije-oglasi-bor\/","title":{"rendered":"Evropski dan samostalnog \u017eivota \u2013 Centar za samostalni \u017eivot osoba sa invaliditetom Srbije &#8211; OGLASI BOR"},"content":{"rendered":"<p><\/p>\n<div>\n<p>Mo\u017eda nije slu\u010dajno da su se ba\u0161 danas podudarili Uskrs i Evopski Dan samostalnog \u017eivota.<\/p>\n<p>Obele\u017eavamo ih produ\u017eavaju\u0107i i se\u0107anje na one koje su svojim \u017eivotima obogatile \u017eivote drugih.<\/p>\n<p>Ova bro\u0161ura je posve\u0107ena \u017eenama sa invaliditetom, koje vi\u0161e nisu sa nama, ali \u0107e njihova zaostav\u0161tina uvek biti prisutna. Ove pri\u010de<\/p>\n<p>su samo nekih od njih.<\/p>\n<p>Ova bro\u0161ura je namenjena i mladima koji dolaze, kao inspiracija i ohrabrenje da nikad ne odustanu od svojih ciljeva i da, posebno<\/p>\n<p>\u017eene <a\/>sa invaliditetom, ne budu skrajnute sa svog puta.<\/p>\n<p>Obele\u017eavaju\u0107i 5.maj Evropski Dan samostalnog \u017eivota, posve\u0107ujemo ga pre svega Gordani Rajkov, utemeljiva\u010dici samostalnog<\/p>\n<p>\u017eivota u Srbiji ali i regionu, kao i njenim saradnicama, saputnicama i \u017eenama sa invaliditetom regiona koje su dale svoje najbolje<\/p>\n<p>svom dru\u0161tvu, zajednici, dr\u017eavi \u2026<\/p>\n<p>Mada su i mu\u0161karci i \u017eene sa invaliditetom diskriminisani po osnovu svoje invalidnosti, ta je diskriminacija dvostruka za \u017eene sa<\/p>\n<p>invaliditetom po osnovu roda i po osnovu invalidnosti. Njihova postignu\u0107a ne smeju da budu zaboravljena, jer su utrle put drugim<\/p>\n<p>\u017eenama sa invaliditetom da se ostvare kao \u017eene, majke, profesionalke u svom poslu, sportistkinje, politi\u010darke\u2026<\/p>\n<p>Ono \u0161to su dale treba da \u010duvamo i unapre\u0111ujemo.<\/p>\n<p>Hvala Im! Toliko Im dugujemo!<\/p>\n<figure class=\"wp-block-gallery has-nested-images columns-default is-cropped wp-block-gallery-1 is-layout-flex wp-block-gallery-is-layout-flex\">\n<figure class=\"wp-block-image size-large\"><img decoding=\"async\" fetchpriority=\"high\" width=\"683\" height=\"1024\" data-id=\"1837\" src=\"https:\/\/www.cilsrbija.org\/wp-content\/uploads\/2024\/05\/Belma-Goralija.jpg\" alt=\"\" class=\"wp-image-1837\" srcset=\"https:\/\/www.cilsrbija.org\/wp-content\/uploads\/2024\/05\/Belma-Goralija.jpg 683w, https:\/\/www.cilsrbija.org\/wp-content\/uploads\/2024\/05\/Belma-Goralija-200x300.jpg 200w, https:\/\/www.cilsrbija.org\/wp-content\/uploads\/2024\/05\/Belma-Goralija-8x12.jpg 8w\" sizes=\"(max-width: 683px) 100vw, 683px\"\/><\/figure>\n<figure class=\"wp-block-image size-large\"><img loading=\"lazy\" decoding=\"async\" width=\"1024\" height=\"682\" data-id=\"1842\" src=\"https:\/\/www.cilsrbija.org\/wp-content\/uploads\/2024\/05\/Boba-Guresic-1024x682.jpg\" alt=\"\" class=\"wp-image-1842\" srcset=\"https:\/\/www.cilsrbija.org\/wp-content\/uploads\/2024\/05\/Boba-Guresic-1024x682.jpg 1024w, https:\/\/www.cilsrbija.org\/wp-content\/uploads\/2024\/05\/Boba-Guresic-300x200.jpg 300w, https:\/\/www.cilsrbija.org\/wp-content\/uploads\/2024\/05\/Boba-Guresic-768x512.jpg 768w, https:\/\/www.cilsrbija.org\/wp-content\/uploads\/2024\/05\/Boba-Guresic-1536x1023.jpg 1536w, https:\/\/www.cilsrbija.org\/wp-content\/uploads\/2024\/05\/Boba-Guresic-18x12.jpg 18w, https:\/\/www.cilsrbija.org\/wp-content\/uploads\/2024\/05\/Boba-Guresic-775x517.jpg 775w, https:\/\/www.cilsrbija.org\/wp-content\/uploads\/2024\/05\/Boba-Guresic-1170x780.jpg 1170w, https:\/\/www.cilsrbija.org\/wp-content\/uploads\/2024\/05\/Boba-Guresic.jpg 1600w\" sizes=\"auto, (max-width: 1024px) 100vw, 1024px\"\/><\/figure>\n<figure class=\"wp-block-image size-large\"><img loading=\"lazy\" decoding=\"async\" width=\"1000\" height=\"666\" data-id=\"1839\" src=\"https:\/\/www.cilsrbija.org\/wp-content\/uploads\/2024\/05\/Danijela-Vusurovic.jpg\" alt=\"\" class=\"wp-image-1839\" srcset=\"https:\/\/www.cilsrbija.org\/wp-content\/uploads\/2024\/05\/Danijela-Vusurovic.jpg 1000w, https:\/\/www.cilsrbija.org\/wp-content\/uploads\/2024\/05\/Danijela-Vusurovic-300x200.jpg 300w, https:\/\/www.cilsrbija.org\/wp-content\/uploads\/2024\/05\/Danijela-Vusurovic-768x511.jpg 768w, https:\/\/www.cilsrbija.org\/wp-content\/uploads\/2024\/05\/Danijela-Vusurovic-18x12.jpg 18w, https:\/\/www.cilsrbija.org\/wp-content\/uploads\/2024\/05\/Danijela-Vusurovic-775x517.jpg 775w\" sizes=\"auto, (max-width: 1000px) 100vw, 1000px\"\/><\/figure>\n<figure class=\"wp-block-image size-large\"><img decoding=\"async\" loading=\"lazy\" width=\"264\" height=\"349\" data-id=\"1835\" src=\"https:\/\/www.cilsrbija.org\/wp-content\/uploads\/2024\/05\/Fotografija-Elvira-Beslija.jpg\" alt=\"\" class=\"wp-image-1835\" srcset=\"https:\/\/www.cilsrbija.org\/wp-content\/uploads\/2024\/05\/Fotografija-Elvira-Beslija.jpg 264w, https:\/\/www.cilsrbija.org\/wp-content\/uploads\/2024\/05\/Fotografija-Elvira-Beslija-227x300.jpg 227w, https:\/\/www.cilsrbija.org\/wp-content\/uploads\/2024\/05\/Fotografija-Elvira-Beslija-9x12.jpg 9w\" sizes=\"auto, (max-width: 264px) 100vw, 264px\"\/><\/figure>\n<figure class=\"wp-block-image size-large\"><img decoding=\"async\" loading=\"lazy\" width=\"703\" height=\"1024\" data-id=\"1843\" src=\"https:\/\/www.cilsrbija.org\/wp-content\/uploads\/2024\/05\/IMG_1456-703x1024.jpg\" alt=\"\" class=\"wp-image-1843\" srcset=\"https:\/\/www.cilsrbija.org\/wp-content\/uploads\/2024\/05\/IMG_1456-703x1024.jpg 703w, https:\/\/www.cilsrbija.org\/wp-content\/uploads\/2024\/05\/IMG_1456-206x300.jpg 206w, https:\/\/www.cilsrbija.org\/wp-content\/uploads\/2024\/05\/IMG_1456-768x1118.jpg 768w, https:\/\/www.cilsrbija.org\/wp-content\/uploads\/2024\/05\/IMG_1456-8x12.jpg 8w, https:\/\/www.cilsrbija.org\/wp-content\/uploads\/2024\/05\/IMG_1456.jpg 836w\" sizes=\"auto, (max-width: 703px) 100vw, 703px\"\/><\/figure>\n<figure class=\"wp-block-image size-large\"><img decoding=\"async\" loading=\"lazy\" width=\"360\" height=\"480\" data-id=\"1836\" src=\"https:\/\/www.cilsrbija.org\/wp-content\/uploads\/2024\/05\/julijana.jpg\" alt=\"\" class=\"wp-image-1836\" srcset=\"https:\/\/www.cilsrbija.org\/wp-content\/uploads\/2024\/05\/julijana.jpg 360w, https:\/\/www.cilsrbija.org\/wp-content\/uploads\/2024\/05\/julijana-225x300.jpg 225w, https:\/\/www.cilsrbija.org\/wp-content\/uploads\/2024\/05\/julijana-9x12.jpg 9w\" sizes=\"auto, (max-width: 360px) 100vw, 360px\"\/><\/figure>\n<figure class=\"wp-block-image size-large\"><img decoding=\"async\" loading=\"lazy\" width=\"877\" height=\"641\" data-id=\"1840\" src=\"https:\/\/www.cilsrbija.org\/wp-content\/uploads\/2024\/05\/lepojka.jpg\" alt=\"\" class=\"wp-image-1840\" srcset=\"https:\/\/www.cilsrbija.org\/wp-content\/uploads\/2024\/05\/lepojka.jpg 877w, https:\/\/www.cilsrbija.org\/wp-content\/uploads\/2024\/05\/lepojka-300x219.jpg 300w, https:\/\/www.cilsrbija.org\/wp-content\/uploads\/2024\/05\/lepojka-768x561.jpg 768w, https:\/\/www.cilsrbija.org\/wp-content\/uploads\/2024\/05\/lepojka-16x12.jpg 16w\" sizes=\"auto, (max-width: 877px) 100vw, 877px\"\/><\/figure>\n<figure class=\"wp-block-image size-large\"><img decoding=\"async\" loading=\"lazy\" width=\"720\" height=\"720\" data-id=\"1841\" src=\"https:\/\/www.cilsrbija.org\/wp-content\/uploads\/2024\/05\/Mira.-T.jpg\" alt=\"\" class=\"wp-image-1841\" srcset=\"https:\/\/www.cilsrbija.org\/wp-content\/uploads\/2024\/05\/Mira.-T.jpg 720w, https:\/\/www.cilsrbija.org\/wp-content\/uploads\/2024\/05\/Mira.-T-300x300.jpg 300w, https:\/\/www.cilsrbija.org\/wp-content\/uploads\/2024\/05\/Mira.-T-150x150.jpg 150w, https:\/\/www.cilsrbija.org\/wp-content\/uploads\/2024\/05\/Mira.-T-12x12.jpg 12w\" sizes=\"auto, (max-width: 720px) 100vw, 720px\"\/><\/figure>\n<figure class=\"wp-block-image size-large\"><img decoding=\"async\" loading=\"lazy\" width=\"460\" height=\"618\" data-id=\"1838\" src=\"https:\/\/www.cilsrbija.org\/wp-content\/uploads\/2024\/05\/olivera-mastikosa-001-460x0-1.jpg\" alt=\"\" class=\"wp-image-1838\" srcset=\"https:\/\/www.cilsrbija.org\/wp-content\/uploads\/2024\/05\/olivera-mastikosa-001-460x0-1.jpg 460w, https:\/\/www.cilsrbija.org\/wp-content\/uploads\/2024\/05\/olivera-mastikosa-001-460x0-1-223x300.jpg 223w, https:\/\/www.cilsrbija.org\/wp-content\/uploads\/2024\/05\/olivera-mastikosa-001-460x0-1-9x12.jpg 9w\" sizes=\"auto, (max-width: 460px) 100vw, 460px\"\/><\/figure>\n<figure class=\"wp-block-image size-large\"><img decoding=\"async\" loading=\"lazy\" width=\"938\" height=\"1024\" data-id=\"1844\" src=\"https:\/\/www.cilsrbija.org\/wp-content\/uploads\/2024\/05\/sanja-938x1024.jpg\" alt=\"\" class=\"wp-image-1844\" srcset=\"https:\/\/www.cilsrbija.org\/wp-content\/uploads\/2024\/05\/sanja-938x1024.jpg 938w, https:\/\/www.cilsrbija.org\/wp-content\/uploads\/2024\/05\/sanja-275x300.jpg 275w, https:\/\/www.cilsrbija.org\/wp-content\/uploads\/2024\/05\/sanja-768x838.jpg 768w, https:\/\/www.cilsrbija.org\/wp-content\/uploads\/2024\/05\/sanja-11x12.jpg 11w, https:\/\/www.cilsrbija.org\/wp-content\/uploads\/2024\/05\/sanja.jpg 1228w\" sizes=\"auto, (max-width: 938px) 100vw, 938px\"\/><\/figure>\n<\/figure><\/div>\n<p><a href=\"https:\/\/www.cilsrbija.org\/2024\/05\/05\/evropski-dan-samostalnog-zivota-2\/\" target=\"_blank\" rel=\"noopener\">Source link <\/a><br \/>\n\n Evropski dan samostalnog \u017eivota \u2013 Centar za samostalni \u017eivot osoba sa invaliditetom Srbije<\/p>\n","protected":false},"excerpt":{"rendered":"<p>Mo\u017eda nije slu\u010dajno da su se ba\u0161 danas podudarili Uskrs i Evopski Dan samostalnog \u017eivota. Obele\u017eavamo ih produ\u017eavaju\u0107i i se\u0107anje&hellip;<\/p>\n","protected":false},"author":1,"featured_media":1711,"comment_status":"open","ping_status":"open","sticky":false,"template":"","format":"standard","meta":{"footnotes":""},"categories":[1],"tags":[],"class_list":["post-1710","post","type-post","status-publish","format-standard","has-post-thumbnail","hentry","category-oglasi-bor"],"_links":{"self":[{"href":"https:\/\/oglasi.infooglasi.rs\/oglasi\/oglasibor\/wp-json\/wp\/v2\/posts\/1710","targetHints":{"allow":["GET"]}}],"collection":[{"href":"https:\/\/oglasi.infooglasi.rs\/oglasi\/oglasibor\/wp-json\/wp\/v2\/posts"}],"about":[{"href":"https:\/\/oglasi.infooglasi.rs\/oglasi\/oglasibor\/wp-json\/wp\/v2\/types\/post"}],"author":[{"embeddable":true,"href":"https:\/\/oglasi.infooglasi.rs\/oglasi\/oglasibor\/wp-json\/wp\/v2\/users\/1"}],"replies":[{"embeddable":true,"href":"https:\/\/oglasi.infooglasi.rs\/oglasi\/oglasibor\/wp-json\/wp\/v2\/comments?post=1710"}],"version-history":[{"count":0,"href":"https:\/\/oglasi.infooglasi.rs\/oglasi\/oglasibor\/wp-json\/wp\/v2\/posts\/1710\/revisions"}],"wp:featuredmedia":[{"embeddable":true,"href":"https:\/\/oglasi.infooglasi.rs\/oglasi\/oglasibor\/wp-json\/wp\/v2\/media\/1711"}],"wp:attachment":[{"href":"https:\/\/oglasi.infooglasi.rs\/oglasi\/oglasibor\/wp-json\/wp\/v2\/media?parent=1710"}],"wp:term":[{"taxonomy":"category","embeddable":true,"href":"https:\/\/oglasi.infooglasi.rs\/oglasi\/oglasibor\/wp-json\/wp\/v2\/categories?post=1710"},{"taxonomy":"post_tag","embeddable":true,"href":"https:\/\/oglasi.infooglasi.rs\/oglasi\/oglasibor\/wp-json\/wp\/v2\/tags?post=1710"}],"curies":[{"name":"wp","href":"https:\/\/api.w.org\/{rel}","templated":true}]}}