{"id":2210,"date":"2025-05-18T23:12:56","date_gmt":"2025-05-18T21:12:56","guid":{"rendered":"https:\/\/oglasi.infooglasi.rs\/oglasi\/oglasibosilegrad\/literarna-svecanost-u-cast-svetih-cirila-i-metodija-u-bosilegradu-tv-info-bosilegrad-oglasi-bosilegrad\/"},"modified":"2025-05-18T23:12:56","modified_gmt":"2025-05-18T21:12:56","slug":"literarna-svecanost-u-cast-svetih-cirila-i-metodija-u-bosilegradu-tv-info-bosilegrad-oglasi-bosilegrad","status":"publish","type":"post","link":"https:\/\/oglasi.infooglasi.rs\/oglasi\/oglasibosilegrad\/literarna-svecanost-u-cast-svetih-cirila-i-metodija-u-bosilegradu-tv-info-bosilegrad-oglasi-bosilegrad\/","title":{"rendered":"Literarna sve\u010danost u \u010dast svetih \u0106irila i Metodija u Bosilegradu &#8211; TV Info Bosilegrad &#8211; OGLASI BOSILEGRAD"},"content":{"rendered":"<p><\/p>\n<div>\n<p>Bosilegrad \u0107e 21. maja 2025. godine postati doma\u0107in doga\u0111aja koji ujedinjuje znanje, tradiciju i umetnost. U Velikoj sali Doma kulture, ta\u010dno u podne, odr\u017ea\u0107e se literarna sve\u010danost povodom Dana svetih \u0106irila i Metodija \u2014 tvoraca slovenske pismenosti, za\u0161titnika kulture i prosvete.<\/p>\n<p>Ova manifestacija, organizovana u saradnji Narodne biblioteke \u201eHristo Botev\u201c i Kulturnog centra \u201eBosilegrad\u201c, ima za cilj da kroz umetnost re\u010di sa\u010duva i prenese duhovne vrednosti koje nas povezuju i oblikuju kao narod.<\/p>\n<p>Na doga\u0111aju \u0107e u\u010destvovati u\u010denici i predstavnici obrazovnih i kulturnih institucija iz Bosilegrada i \u0106ustendila:<\/p>\n<ul class=\"wp-block-list\">\n<li>Osnovna \u0161kola \u201eProf. Marin Drinov\u201c (\u0106ustendil)<\/li>\n<li>Osnovna \u0161kola \u201eGeorgi Dimitrov\u201c (Bosilegrad)<\/li>\n<li>Regionalna biblioteka \u201eEmanuil Popdimitrov\u201c (\u0106ustendil)<\/li>\n<li>Pred\u0161kolska ustanova \u201eSlance\u201c (\u0106ustendil)<\/li>\n<li>Narodno \u010ditali\u0161te \u201eGen. Vladimir Zaimov \u2013 2013\u201c (\u0106ustendil)<\/li>\n<li>Narodno \u010ditali\u0161te \u201eAsklepion \u2013 1998\u201c (\u0106ustendil)<\/li>\n<\/ul>\n<p>Posebno mesto na sve\u010danosti ima\u0107e pesnik i pisac <strong>Mihail Kald\u0103rmov<\/strong>, koji \u0107e predstaviti svoju novu knjigu poezije za decu <em>\u201e\u0160ipkov grm i vetar\u201c<\/em>. Njegove pesme oslikavaju svet de\u010dijim o\u010dima \u2014 svet gde priroda, \u017eivotinje i ljudi koegzistiraju u harmoniji, a mudrost se ra\u0111a iz najjednostavnijih prizora svakodnevice.<\/p>\n<p>Kald\u0103rmov, vi\u0161estruko nagra\u0111ivan autor, poznat je po delima koja ujedinjuju duboke emocije, filozofsku refleksiju i lirsku slikovitost. Njegova nova zbirka ve\u0107 je nai\u0161la na toplu recepciju kritike, koja isti\u010de njenu sposobnost da kod mladih \u010ditalaca probudi ma\u0161tu i podstakne razumevanje sveta oko sebe.<\/p>\n<p>U vremenu kada je va\u017eno negovati kulturni identitet i jezi\u010dku ba\u0161tinu, ovakvi doga\u0111aji podse\u0107aju nas koliko je snaga pisane re\u010di va\u017ena. Dan svetih \u0106irila i Metodija nije samo istorijski datum \u2014 to je dan kada slavimo ono \u0161to nas u\u010di da budemo ljudi: znanje, razumevanje i ljubav prema jeziku.<\/p>\n<p>Organizatori pozivaju sve gra\u0111ane, u\u010denike, roditelje i ljubitelje knjige da do\u0111u, slu\u0161aju i osete duh praznika koji nas sve povezuje.<\/p>\n<\/div>\n<p><script>(function (d, s, id) {\n                            var js, fjs = d.getElementsByTagName(s)[0];\n                            if (d.getElementById(id)) return;\n                            js = d.createElement(s);\n                            js.id = id;\n                            js.src = \"\/\/connect.facebook.net\/en_US\/sdk.js#xfbml=1&version=v2.3&appId=1385724821660962\";\n                            fjs.parentNode.insertBefore(js, fjs);\n                        }(document, 'script', 'facebook-jssdk'));<\/script><br \/>\n<br \/><a href=\"https:\/\/tvinfobosilegrad.co.rs\/literarna-svecanost-u-cast-svetih-cirila-i-metodija-u-bosilegradu\/\" target=\"_blank\" rel=\"noopener\">Source link <\/a><br \/>\n\n Literarna sve\u010danost u \u010dast svetih \u0106irila i Metodija u Bosilegradu &#8211; TV Info Bosilegrad<\/p>\n","protected":false},"excerpt":{"rendered":"<p>Bosilegrad \u0107e 21. maja 2025. godine postati doma\u0107in doga\u0111aja koji ujedinjuje znanje, tradiciju i umetnost. U Velikoj sali Doma kulture,&hellip;<\/p>\n","protected":false},"author":1,"featured_media":2211,"comment_status":"open","ping_status":"open","sticky":false,"template":"","format":"standard","meta":{"footnotes":""},"categories":[1],"tags":[],"class_list":["post-2210","post","type-post","status-publish","format-standard","has-post-thumbnail","hentry","category-oglasi-bosilegrad"],"_links":{"self":[{"href":"https:\/\/oglasi.infooglasi.rs\/oglasi\/oglasibosilegrad\/wp-json\/wp\/v2\/posts\/2210","targetHints":{"allow":["GET"]}}],"collection":[{"href":"https:\/\/oglasi.infooglasi.rs\/oglasi\/oglasibosilegrad\/wp-json\/wp\/v2\/posts"}],"about":[{"href":"https:\/\/oglasi.infooglasi.rs\/oglasi\/oglasibosilegrad\/wp-json\/wp\/v2\/types\/post"}],"author":[{"embeddable":true,"href":"https:\/\/oglasi.infooglasi.rs\/oglasi\/oglasibosilegrad\/wp-json\/wp\/v2\/users\/1"}],"replies":[{"embeddable":true,"href":"https:\/\/oglasi.infooglasi.rs\/oglasi\/oglasibosilegrad\/wp-json\/wp\/v2\/comments?post=2210"}],"version-history":[{"count":0,"href":"https:\/\/oglasi.infooglasi.rs\/oglasi\/oglasibosilegrad\/wp-json\/wp\/v2\/posts\/2210\/revisions"}],"wp:featuredmedia":[{"embeddable":true,"href":"https:\/\/oglasi.infooglasi.rs\/oglasi\/oglasibosilegrad\/wp-json\/wp\/v2\/media\/2211"}],"wp:attachment":[{"href":"https:\/\/oglasi.infooglasi.rs\/oglasi\/oglasibosilegrad\/wp-json\/wp\/v2\/media?parent=2210"}],"wp:term":[{"taxonomy":"category","embeddable":true,"href":"https:\/\/oglasi.infooglasi.rs\/oglasi\/oglasibosilegrad\/wp-json\/wp\/v2\/categories?post=2210"},{"taxonomy":"post_tag","embeddable":true,"href":"https:\/\/oglasi.infooglasi.rs\/oglasi\/oglasibosilegrad\/wp-json\/wp\/v2\/tags?post=2210"}],"curies":[{"name":"wp","href":"https:\/\/api.w.org\/{rel}","templated":true}]}}