{"id":1695,"date":"2024-01-14T17:16:45","date_gmt":"2024-01-14T16:16:45","guid":{"rendered":"https:\/\/oglasi.infooglasi.rs\/oglasi\/oglasibujanovac\/trojica-uhapsena-zbog-kradje-torbice-iz-automobila-oglasi-bujanovac\/"},"modified":"2024-01-14T17:16:45","modified_gmt":"2024-01-14T16:16:45","slug":"trojica-uhapsena-zbog-kradje-torbice-iz-automobila-oglasi-bujanovac","status":"publish","type":"post","link":"https:\/\/oglasi.infooglasi.rs\/oglasi\/oglasibujanovac\/trojica-uhapsena-zbog-kradje-torbice-iz-automobila-oglasi-bujanovac\/","title":{"rendered":"Trojica uhap\u0161ena zbog kra\u0111e torbice iz automobila &#8211; OGLASI BUJANOVAC"},"content":{"rendered":"<p><\/p>\n<div id=\"post-206169\">&#13;<br \/>\n\t&#13;<\/p>\n<figure class=\"entry-thumbnail\">\n<img width=\"777\" height=\"437\" class=\"attachment-content-single size-content-single wp-post-image\" alt=\"\" decoding=\"async\" fetchpriority=\"high\" srcset=\"https:\/\/i0.wp.com\/jugpress.com\/wp-content\/uploads\/2017\/01\/Bujanovac-putokaz1.jpg?resize=777%2C437&amp;ssl=1 777w, https:\/\/i0.wp.com\/jugpress.com\/wp-content\/uploads\/2017\/01\/Bujanovac-putokaz1.jpg?resize=260%2C146&amp;ssl=1 260w, https:\/\/i0.wp.com\/jugpress.com\/wp-content\/uploads\/2017\/01\/Bujanovac-putokaz1.jpg?resize=120%2C67&amp;ssl=1 120w, https:\/\/i0.wp.com\/jugpress.com\/wp-content\/uploads\/2017\/01\/Bujanovac-putokaz1.jpg?zoom=2&amp;resize=777%2C437&amp;ssl=1 1554w, https:\/\/i0.wp.com\/jugpress.com\/wp-content\/uploads\/2017\/01\/Bujanovac-putokaz1.jpg?zoom=3&amp;resize=777%2C437&amp;ssl=1 2331w\" sizes=\"(max-width: 777px) 100vw, 777px\" data-attachment-id=\"25341\" src=\"https:\/\/jugpress.com\/dom-zdravlja-nije-bilo-intervencija-zbog-hladnoce\/bujanovac-putokaz1\/\" data-orig-file=\"https:\/\/i0.wp.com\/jugpress.com\/wp-content\/uploads\/2017\/01\/Bujanovac-putokaz1.jpg?fit=4288%2C3216&amp;ssl=1\" data-orig-size=\"4288,3216\" data-comments-opened=\"1\" data-image-meta=\"{&quot;aperture&quot;:&quot;0&quot;,&quot;credit&quot;:&quot;&quot;,&quot;camera&quot;:&quot;&quot;,&quot;caption&quot;:&quot;&quot;,&quot;created_timestamp&quot;:&quot;0&quot;,&quot;copyright&quot;:&quot;&quot;,&quot;focal_length&quot;:&quot;0&quot;,&quot;iso&quot;:&quot;0&quot;,&quot;shutter_speed&quot;:&quot;0&quot;,&quot;title&quot;:&quot;&quot;,&quot;orientation&quot;:&quot;0&quot;}\" data-image-title=\"Bujanovac putokaz1\" data-image-description=\"\" data-image-caption=\"\" data-medium-file=\"https:\/\/i0.wp.com\/jugpress.com\/wp-content\/uploads\/2017\/01\/Bujanovac-putokaz1.jpg?fit=300%2C225&amp;ssl=1\" data-large-file=\"https:\/\/i0.wp.com\/jugpress.com\/wp-content\/uploads\/2017\/01\/Bujanovac-putokaz1.jpg?fit=1024%2C768&amp;ssl=1\"\/><\/figure>\n<p class=\"entry-meta\">\n<span class=\"entry-meta-author vcard author\">Postavio: <a class=\"fn\" href=\"https:\/\/jugpress.com\/author\/adminlilas\/\" target=\"_blank\" rel=\"noopener\">Jugpress<\/a><\/span><br \/>\n<span class=\"entry-meta-date updated\">10 Januara, 2024<\/span>\n<\/p>\n<div class=\"entry-content mh-clearfix\">\n<p>VRANJE-BUJANOVAC<\/p>\n<p>Pripadnici Ministarstva unutra\u0161njih poslova u Bujanovcu, brzom i efikasnom<br \/>akcijom, rasvetili su krivi\u010dno delo kra\u0111a i uhapsili su E.D\u017e. (1987), D.I. (2002) iz<br \/>Bujanovca i M.I. (1992) iz okoline ovog mesta, zbog postojanja osnova sumnje da su<br \/>izvr\u0161ili ovo krivi\u010dno delo.<br \/>Oni se sumnji\u010de da su no\u0107as u Bujanovcu iz parkiranog vozila ukrali torbicu sa<br \/>li\u010dnim dokumentima, bankovnim karticama i novcem, saop\u0161tila je Policijska uprava Vranje.<br \/>Policija je ubrzo identifikovala i prona\u0161la izvr\u0161ioce kao i ukradene stvari i<br \/>deo novca koji su vra\u0107eni vlasniku, dodaje se u saop\u0161tenju.<br \/>Po nalogu de\u017eurnog javnog tu\u017eioca Osnovnog javnog tu\u017eila\u0161tva u Vranju,<br \/>osumnji\u010deni \u0107e uz krivi\u010dnu prijavu, biti privedeni tu\u017eila\u0161tvu.(kraj) LJS\/SM<\/p>\n<p><h3 class=\"jp-relatedposts-headline\"><em>I ovo Vam mo\u017ee biti interesantno<\/em><\/h3>\n<\/p><\/div>\n<p>&#13;\n<\/p><\/div>\n<p><a href=\"https:\/\/jugpress.com\/trojica-uhapsena-zbog-kradje-torbice-iz-automobila\/\" target=\"_blank\" rel=\"noopener\">Source link <\/a><br \/>\n\n Trojica uhap\u0161ena zbog kra\u0111e torbice iz automobila<\/p>\n","protected":false},"excerpt":{"rendered":"<p>&#13; &#13; Postavio: Jugpress 10 Januara, 2024 VRANJE-BUJANOVAC Pripadnici Ministarstva unutra\u0161njih poslova u Bujanovcu, brzom i efikasnomakcijom, rasvetili su krivi\u010dno&hellip;<\/p>\n","protected":false},"author":1,"featured_media":1696,"comment_status":"open","ping_status":"open","sticky":false,"template":"","format":"standard","meta":{"footnotes":""},"categories":[1],"tags":[],"class_list":["post-1695","post","type-post","status-publish","format-standard","has-post-thumbnail","hentry","category-oglasi-bujanovac"],"_links":{"self":[{"href":"https:\/\/oglasi.infooglasi.rs\/oglasi\/oglasibujanovac\/wp-json\/wp\/v2\/posts\/1695","targetHints":{"allow":["GET"]}}],"collection":[{"href":"https:\/\/oglasi.infooglasi.rs\/oglasi\/oglasibujanovac\/wp-json\/wp\/v2\/posts"}],"about":[{"href":"https:\/\/oglasi.infooglasi.rs\/oglasi\/oglasibujanovac\/wp-json\/wp\/v2\/types\/post"}],"author":[{"embeddable":true,"href":"https:\/\/oglasi.infooglasi.rs\/oglasi\/oglasibujanovac\/wp-json\/wp\/v2\/users\/1"}],"replies":[{"embeddable":true,"href":"https:\/\/oglasi.infooglasi.rs\/oglasi\/oglasibujanovac\/wp-json\/wp\/v2\/comments?post=1695"}],"version-history":[{"count":0,"href":"https:\/\/oglasi.infooglasi.rs\/oglasi\/oglasibujanovac\/wp-json\/wp\/v2\/posts\/1695\/revisions"}],"wp:featuredmedia":[{"embeddable":true,"href":"https:\/\/oglasi.infooglasi.rs\/oglasi\/oglasibujanovac\/wp-json\/wp\/v2\/media\/1696"}],"wp:attachment":[{"href":"https:\/\/oglasi.infooglasi.rs\/oglasi\/oglasibujanovac\/wp-json\/wp\/v2\/media?parent=1695"}],"wp:term":[{"taxonomy":"category","embeddable":true,"href":"https:\/\/oglasi.infooglasi.rs\/oglasi\/oglasibujanovac\/wp-json\/wp\/v2\/categories?post=1695"},{"taxonomy":"post_tag","embeddable":true,"href":"https:\/\/oglasi.infooglasi.rs\/oglasi\/oglasibujanovac\/wp-json\/wp\/v2\/tags?post=1695"}],"curies":[{"name":"wp","href":"https:\/\/api.w.org\/{rel}","templated":true}]}}