{"id":1987,"date":"2024-10-28T07:16:37","date_gmt":"2024-10-28T06:16:37","guid":{"rendered":"https:\/\/oglasi.infooglasi.rs\/oglasi\/oglasibujanovac\/albanci-najavili-protest-na-jugu-srbije-politika-oglasi-bujanovac\/"},"modified":"2024-10-28T07:16:37","modified_gmt":"2024-10-28T06:16:37","slug":"albanci-najavili-protest-na-jugu-srbije-politika-oglasi-bujanovac","status":"publish","type":"post","link":"https:\/\/oglasi.infooglasi.rs\/oglasi\/oglasibujanovac\/albanci-najavili-protest-na-jugu-srbije-politika-oglasi-bujanovac\/","title":{"rendered":"Albanci najavili protest na jugu Srbije &#8211; Politika &#8211; OGLASI BUJANOVAC"},"content":{"rendered":"<p><\/p>\n<div>\n<div class=\"font-medium post-intro-content content\">\n<p>Nacionalni savet Albanaca Srbije obavestio je javnost i medije da \u0107e protestni skup pripadnika albanske nacionalne zajednice biti odr\u017ean u ponedeljak 12. avgusta u 11 sati na centralnom gradskom trgu u Bujanovcu.<\/p>\n<\/div>\n<p>Nevzad Lutfiju, predsednik NSA, u izjavi za portal<a href=\"https:\/\/bujanovacke.co.rs\/2024\/08\/06\/protest-albanaca-na-trgu-u-bujanovcu-12-avgusta\/\" target=\"_blank\" data-wpel-link=\"external\" rel=\"external noopener noreferrer\"><strong> Bujanova\u010dke<\/strong><\/a> rekao je da je razlog za najavljeni protest Albanaca \u201ediskriminacija albanske nacionalne zajednice u Srbiji i da je ovo protest identiteta i dostojanstva\u201d.<\/p>\n<p>NSA je ranije o\u0161tro reagovala na izbor sudija Osnovnog suda u Vranju, nezadovoljna \u0161to su sve nove sudije srpske nacionalnosti, a nijedan sudija iz redova Albanaca nije izabran.<\/p>\n<p>U NSA negiraju da do protesta dolazi nakon formiranja multietni\u010dke vlasti u Bujanovcu u \u010dijem sastavu su albanski Front za promene i srpske liste, SNS, lista dr Dejana Stojanovi\u0107a i lista Sa\u0161e Arsi\u0107a Promena sad, kao i romska stranka, ve\u0107 da je uzrok protesta nezadovoljstvo Albanaca u Srbiji zbog diskriminacije pripadnika ove nacionalne zajednice.<\/p>\n<figure id=\"attachment_2755601\" aria-describedby=\"caption-attachment-2755601\" style=\"width: 715px\" class=\"wp-caption alignnone\"><img loading=\"lazy\" decoding=\"async\" class=\"wp-image-2755601 size-full\" src=\"https:\/\/www.danas.rs\/wp-content\/uploads\/2023\/10\/PDD-Bujanovac.jpg\" alt=\"Albanci najavili protest na jugu Srbije 2\" width=\"715\" height=\"493\" title=\"Albanci najavili protest na jugu Srbije 2\" srcset=\"https:\/\/www.danas.rs\/wp-content\/uploads\/2023\/10\/PDD-Bujanovac.jpg 715w, https:\/\/www.danas.rs\/wp-content\/uploads\/2023\/10\/PDD-Bujanovac-300x207.jpg 300w\" sizes=\"auto, (max-width: 715px) 100vw, 715px\"\/><figcaption id=\"caption-attachment-2755601\" class=\"wp-caption-text\">Rukovodstvo PDD u Bujanovcu. Foto:PDD<\/figcaption><\/figure>\n<p>Sa druge strane, <a href=\"https:\/\/jugpress.com\/nacionalni-savet-albanaca-najavio-proteste-u-ponedeljak-zbog-diskriminacije-ili-lokalne-vlasti-u-kojoj-su-i-srbi\/\" target=\"_blank\" data-wpel-link=\"external\" rel=\"external noopener noreferrer\"><strong>na\u0161i izvori<\/strong><\/a> u albanskim i srpkim redovima tvrde da protesta ne bi bilo da je u Bujanovcu formirana monoetni\u010dka vlast u op\u0161tini sastavljena od albanskih stranaka.<\/p>\n<p>Predsednik NSA Nevzad Lutfiju je aktivista Pokreta za demokratski progres koju predvodi \u0160\u0107iprim Musliju, a koja se nakon formiranja multietni\u010dke vlasti na\u0161la u opoziciji zajedno sa Demokratskom partijom Nagipa Arifija i Partijom za demokratsko delovanje \u0160aipa Kamberija.<\/p>\n<p>U prilog ovoj tvrdnji na\u0161i izvori navode i objavu biv\u0161eg predsednika Nacionalnog saveta Albanaca <a href=\"https:\/\/www.danas.rs\/tag\/ragmi-mustafa\/\" data-wpel-link=\"internal\" target=\"_blank\" rel=\"noopener\"><strong>Ragmija Mustafe<\/strong><\/a>, koji je sada predsednik Op\u0161tinskog odbora Partije za demokratsko delovanje u Bujanovcu i politi\u010dki savetnik Besnika Bislimija, \u0161efa delegacije Kosova u dijalogu sa Srbijom, na Fejsbuk profilu u kojoj je pozivao biv\u0161e borce Oslobodila\u010dke vojske Bujanovca, Pre\u0161eva i Medve\u0111e da se pobune protiv formiranja multietni\u010dke vlasti u toj op\u0161tini u kojoj nije njegova stranka.<\/p>\n<p><iframe loading=\"lazy\" style=\"border: none; overflow: hidden;\" src=\"https:\/\/www.facebook.com\/plugins\/post.php?href=https%3A%2F%2Fwww.facebook.com%2Fragmi.mustafa%2Fposts%2Fpfbid02sv7kawahjsXjnrcxeU895HuKbqirCB3P6VS3KEacM3oXfeXeZdBe7RfT1CxMePS1l&amp;show_text=true&amp;width=500\" width=\"500\" height=\"250\" frameborder=\"0\" scrolling=\"no\" allowfullscreen=\"true\"><span data-mce-type=\"bookmark\" style=\"display: inline-block; width: 0px; overflow: hidden; line-height: 0;\" class=\"mce_SELRES_start\"\/><\/iframe><\/p>\n<div class=\"post-disclaimer\">\n<p><strong><em>Pratite nas na na\u0161oj <a href=\"https:\/\/www.facebook.com\/www.danas.rs\" target=\"_blank\" rel=\"noopener external noreferrer\" data-wpel-link=\"external\">Facebook<\/a> i <a href=\"https:\/\/www.instagram.com\/danas.rs\/?hl=en\" target=\"_blank\" rel=\"noopener external noreferrer\" data-wpel-link=\"external\">Instagram<\/a> stranici, ali i na <a href=\"https:\/\/twitter.com\/OnlineDanas\" target=\"_blank\" rel=\"noopener external noreferrer\" data-wpel-link=\"external\">X<\/a> nalogu. Pretplatite se na <a href=\"https:\/\/klub.danas.rs\/\" target=\"_blank\" rel=\"noopener external noreferrer\" data-wpel-link=\"external\">PDF izdanje lista Danas<\/a>.<\/em><\/strong><\/p>\n<\/div>\n<\/div>\n<p><script async src=\"\/\/platform.twitter.com\/widgets.js\" charset=\"utf-8\"><\/script><script async defer src=\"https:\/\/platform.instagram.com\/en_US\/embeds.js\"><\/script><br \/>\n<br \/><a href=\"https:\/\/www.danas.rs\/vesti\/politika\/albanci-najavili-protest-na-jugu-srbije\/\" target=\"_blank\" rel=\"noopener\">Source link <\/a><br \/>\n\n Albanci najavili protest na jugu Srbije &#8211; Politika<\/p>\n","protected":false},"excerpt":{"rendered":"<p>Nacionalni savet Albanaca Srbije obavestio je javnost i medije da \u0107e protestni skup pripadnika albanske nacionalne zajednice biti odr\u017ean u&hellip;<\/p>\n","protected":false},"author":1,"featured_media":1988,"comment_status":"open","ping_status":"open","sticky":false,"template":"","format":"standard","meta":{"footnotes":""},"categories":[1],"tags":[],"class_list":["post-1987","post","type-post","status-publish","format-standard","has-post-thumbnail","hentry","category-oglasi-bujanovac"],"_links":{"self":[{"href":"https:\/\/oglasi.infooglasi.rs\/oglasi\/oglasibujanovac\/wp-json\/wp\/v2\/posts\/1987","targetHints":{"allow":["GET"]}}],"collection":[{"href":"https:\/\/oglasi.infooglasi.rs\/oglasi\/oglasibujanovac\/wp-json\/wp\/v2\/posts"}],"about":[{"href":"https:\/\/oglasi.infooglasi.rs\/oglasi\/oglasibujanovac\/wp-json\/wp\/v2\/types\/post"}],"author":[{"embeddable":true,"href":"https:\/\/oglasi.infooglasi.rs\/oglasi\/oglasibujanovac\/wp-json\/wp\/v2\/users\/1"}],"replies":[{"embeddable":true,"href":"https:\/\/oglasi.infooglasi.rs\/oglasi\/oglasibujanovac\/wp-json\/wp\/v2\/comments?post=1987"}],"version-history":[{"count":0,"href":"https:\/\/oglasi.infooglasi.rs\/oglasi\/oglasibujanovac\/wp-json\/wp\/v2\/posts\/1987\/revisions"}],"wp:featuredmedia":[{"embeddable":true,"href":"https:\/\/oglasi.infooglasi.rs\/oglasi\/oglasibujanovac\/wp-json\/wp\/v2\/media\/1988"}],"wp:attachment":[{"href":"https:\/\/oglasi.infooglasi.rs\/oglasi\/oglasibujanovac\/wp-json\/wp\/v2\/media?parent=1987"}],"wp:term":[{"taxonomy":"category","embeddable":true,"href":"https:\/\/oglasi.infooglasi.rs\/oglasi\/oglasibujanovac\/wp-json\/wp\/v2\/categories?post=1987"},{"taxonomy":"post_tag","embeddable":true,"href":"https:\/\/oglasi.infooglasi.rs\/oglasi\/oglasibujanovac\/wp-json\/wp\/v2\/tags?post=1987"}],"curies":[{"name":"wp","href":"https:\/\/api.w.org\/{rel}","templated":true}]}}