{"id":2040,"date":"2025-01-26T16:56:22","date_gmt":"2025-01-26T15:56:22","guid":{"rendered":"https:\/\/oglasi.infooglasi.rs\/oglasi\/oglasibujanovac\/ustao-i-bujanovac-ne-cutimo-vise-necete-nas-gaziti-oglasi-bujanovac\/"},"modified":"2025-01-26T16:56:22","modified_gmt":"2025-01-26T15:56:22","slug":"ustao-i-bujanovac-ne-cutimo-vise-necete-nas-gaziti-oglasi-bujanovac","status":"publish","type":"post","link":"https:\/\/oglasi.infooglasi.rs\/oglasi\/oglasibujanovac\/ustao-i-bujanovac-ne-cutimo-vise-necete-nas-gaziti-oglasi-bujanovac\/","title":{"rendered":"Ustao i Bujanovac: Ne \u0107utimo vi\u0161e, ne\u0107ete nas gaziti! &#8211; OGLASI BUJANOVAC"},"content":{"rendered":"<p><\/p>\n<div id=\"main-content\">\n<article id=\"post-346171\" class=\"post-346171 post type-post status-publish format-standard has-post-thumbnail hentry category-bujanovac\">&#13;<br \/>\n\t&#13;<\/p>\n<figure class=\"entry-thumbnail\">\n<img width=\"777\" height=\"437\" class=\"attachment-content-single size-content-single wp-post-image\" alt=\"\" decoding=\"async\" fetchpriority=\"high\" srcset=\"https:\/\/i0.wp.com\/jugpress.com\/wp-content\/uploads\/2025\/01\/Bujanovac-protesti.jpg?resize=777%2C437&amp;ssl=1 777w, https:\/\/i0.wp.com\/jugpress.com\/wp-content\/uploads\/2025\/01\/Bujanovac-protesti.jpg?resize=260%2C146&amp;ssl=1 260w, https:\/\/i0.wp.com\/jugpress.com\/wp-content\/uploads\/2025\/01\/Bujanovac-protesti.jpg?resize=120%2C67&amp;ssl=1 120w, https:\/\/i0.wp.com\/jugpress.com\/wp-content\/uploads\/2025\/01\/Bujanovac-protesti.jpg?zoom=2&amp;resize=777%2C437&amp;ssl=1 1554w\" sizes=\"(max-width: 777px) 100vw, 777px\" data-attachment-id=\"346172\" src=\"https:\/\/jugpress.com\/ustao-i-bujanovac-ne-cutimo-vise-necete-nas-gaziti\/bujanovac-protesti\/\" data-orig-file=\"https:\/\/i0.wp.com\/jugpress.com\/wp-content\/uploads\/2025\/01\/Bujanovac-protesti.jpg?fit=1600%2C1200&amp;ssl=1?v=1737196161\" data-orig-size=\"1600,1200\" data-comments-opened=\"1\" data-image-meta=\"{&quot;aperture&quot;:&quot;0&quot;,&quot;credit&quot;:&quot;&quot;,&quot;camera&quot;:&quot;&quot;,&quot;caption&quot;:&quot;&quot;,&quot;created_timestamp&quot;:&quot;0&quot;,&quot;copyright&quot;:&quot;&quot;,&quot;focal_length&quot;:&quot;0&quot;,&quot;iso&quot;:&quot;0&quot;,&quot;shutter_speed&quot;:&quot;0&quot;,&quot;title&quot;:&quot;&quot;,&quot;orientation&quot;:&quot;0&quot;}\" data-image-title=\"Bujanovac protesti\" data-image-description=\"\" data-image-caption=\"\" data-medium-file=\"https:\/\/i0.wp.com\/jugpress.com\/wp-content\/uploads\/2025\/01\/Bujanovac-protesti.jpg?fit=300%2C225&amp;ssl=1?v=1737196161\" data-large-file=\"https:\/\/i0.wp.com\/jugpress.com\/wp-content\/uploads\/2025\/01\/Bujanovac-protesti.jpg?fit=777%2C583&amp;ssl=1?v=1737196161\"\/><\/figure>\n<p class=\"entry-meta\">\n<span class=\"entry-meta-author vcard author\">Postavio: <a class=\"fn\" href=\"https:\/\/jugpress.com\/author\/adminlilas\/\" target=\"_blank\" rel=\"noopener\">Jugpress<\/a><\/span><br \/>\n<span class=\"entry-meta-date updated\">18 Januara, 2025<\/span>\n<\/p>\n<div class=\"entry-content mh-clearfix\">\n<p>BUJANOVAC<br \/>U Bujanovcu je prvi put organizovan protest maldih i gra\u0111ana u petak<\/p>\n<ol start=\"17\" class=\"wp-block-list\">\n<li>januara, a u znak podr\u0161ke studentima i radi odavanja po\u0161te<br \/>nastradalima u Novom Sadu.<br \/>Nekoliko desetina mladih i gra\u0111ana okupilo se u centru ovog grada i u<br \/>11,52 petnaestominutnim \u0107utanjem odali su po\u0161tu nastradalima u<br \/>Novom Sadu, gde je prvog novembra uru\u0161avanje nadstre\u0161nice na<br \/>\u017eelezni\u010dkoj stanici u ovom gradu usmrtilo 15 ljudi.<br \/>Me\u0111u okupljenim gra\u0111anima dominirali su prosvetni radnici iz<br \/>Osnovne \u0161kole \u201eBranko Radi\u010devi\u0107\u201d u Bujanovcu koji su nosili<br \/>transparente sa porukama \u201eNe \u0107utimo vi\u0161e, ne\u0107ete nas vi\u0161e gaziti\u201d,<br \/>\u201eMene je sramota, a vas\u201d, \u201eMirno spavaj svete, nije tvoje dete\u201d i<br \/>druge, pru\u017eaju\u0107i apsolutnu podr\u0161ku studentima u protestu.<br \/>Protest u Bujanovcu je bio skroman po broju okupljenih gra\u0111ana, ali<br \/>je zna\u010dajan u smislu probijanja leda i ohrabrivanja ljudi da i u ovoj<br \/>sredini iska\u017eu svoje nezadovoljstvo okupljanjem i organizovanjem<br \/>protestnih skupova. (kraj) SK\/LJS<\/li>\n<\/ol>\n<p><h3 class=\"jp-relatedposts-headline\"><em>I ovo Vam mo\u017ee biti interesantno<\/em><\/h3>\n<\/p><\/div>\n<p>&#13;<br \/>\n<\/article>\n<nav class=\"post-nav-wrap\" role=\"navigation\">\n<ul class=\"post-nav mh-clearfix\">\n<li class=\"post-nav-prev\">\n<a href=\"https:\/\/jugpress.com\/svi-za-jednog-jedan-za-sve-siskin-pretio-odborniku-milosu-vuckovicu-da-ce-da-mu-polomi-noge-pretnja-prijavljena-policiji\/\" rel=\"prev noopener\" target=\"_blank\"><i class=\"fa fa-chevron-left\"\/>Prethodni \u010dlanak<\/a><\/li>\n<li class=\"post-nav-next\">\n<a href=\"https:\/\/jugpress.com\/krenula-je-hajkakreni-i-ti-novi-protest-studenata-u-nedelju-u-nisu\/\" rel=\"next noopener\" target=\"_blank\">Slede\u0107i \u010dlanak<i class=\"fa fa-chevron-right\"\/><\/a><\/li>\n<\/ul>\n<\/nav><\/div>\n<p><a href=\"https:\/\/jugpress.com\/ustao-i-bujanovac-ne-cutimo-vise-necete-nas-gaziti\/\" target=\"_blank\" rel=\"noopener\">Source link <\/a><br \/>\n\n Ustao i Bujanovac: Ne \u0107utimo vi\u0161e, ne\u0107ete nas gaziti!<\/p>\n","protected":false},"excerpt":{"rendered":"<p>&#13; &#13; Postavio: Jugpress 18 Januara, 2025 BUJANOVACU Bujanovcu je prvi put organizovan protest maldih i gra\u0111ana u petak januara,&hellip;<\/p>\n","protected":false},"author":1,"featured_media":2041,"comment_status":"open","ping_status":"open","sticky":false,"template":"","format":"standard","meta":{"footnotes":""},"categories":[1],"tags":[],"class_list":["post-2040","post","type-post","status-publish","format-standard","has-post-thumbnail","hentry","category-oglasi-bujanovac"],"_links":{"self":[{"href":"https:\/\/oglasi.infooglasi.rs\/oglasi\/oglasibujanovac\/wp-json\/wp\/v2\/posts\/2040","targetHints":{"allow":["GET"]}}],"collection":[{"href":"https:\/\/oglasi.infooglasi.rs\/oglasi\/oglasibujanovac\/wp-json\/wp\/v2\/posts"}],"about":[{"href":"https:\/\/oglasi.infooglasi.rs\/oglasi\/oglasibujanovac\/wp-json\/wp\/v2\/types\/post"}],"author":[{"embeddable":true,"href":"https:\/\/oglasi.infooglasi.rs\/oglasi\/oglasibujanovac\/wp-json\/wp\/v2\/users\/1"}],"replies":[{"embeddable":true,"href":"https:\/\/oglasi.infooglasi.rs\/oglasi\/oglasibujanovac\/wp-json\/wp\/v2\/comments?post=2040"}],"version-history":[{"count":0,"href":"https:\/\/oglasi.infooglasi.rs\/oglasi\/oglasibujanovac\/wp-json\/wp\/v2\/posts\/2040\/revisions"}],"wp:featuredmedia":[{"embeddable":true,"href":"https:\/\/oglasi.infooglasi.rs\/oglasi\/oglasibujanovac\/wp-json\/wp\/v2\/media\/2041"}],"wp:attachment":[{"href":"https:\/\/oglasi.infooglasi.rs\/oglasi\/oglasibujanovac\/wp-json\/wp\/v2\/media?parent=2040"}],"wp:term":[{"taxonomy":"category","embeddable":true,"href":"https:\/\/oglasi.infooglasi.rs\/oglasi\/oglasibujanovac\/wp-json\/wp\/v2\/categories?post=2040"},{"taxonomy":"post_tag","embeddable":true,"href":"https:\/\/oglasi.infooglasi.rs\/oglasi\/oglasibujanovac\/wp-json\/wp\/v2\/tags?post=2040"}],"curies":[{"name":"wp","href":"https:\/\/api.w.org\/{rel}","templated":true}]}}