{"id":2089,"date":"2024-04-02T13:35:21","date_gmt":"2024-04-02T11:35:21","guid":{"rendered":"https:\/\/oglasi.infooglasi.rs\/oglasi\/oglasigadzinhan\/heroji-iz-zaplanja-spasili-majku-i-bebu-iz-pozara-devetoclana-porodica-ostala-bez-krova-nad-glavom-tv-zona-plus-oglasi-gadzin-han-2\/"},"modified":"2024-04-02T13:35:21","modified_gmt":"2024-04-02T11:35:21","slug":"heroji-iz-zaplanja-spasili-majku-i-bebu-iz-pozara-devetoclana-porodica-ostala-bez-krova-nad-glavom-tv-zona-plus-oglasi-gadzin-han-2","status":"publish","type":"post","link":"https:\/\/oglasi.infooglasi.rs\/oglasi\/oglasigadzinhan\/heroji-iz-zaplanja-spasili-majku-i-bebu-iz-pozara-devetoclana-porodica-ostala-bez-krova-nad-glavom-tv-zona-plus-oglasi-gadzin-han-2\/","title":{"rendered":"HEROJI IZ ZAPLANJA SPASILI MAJKU I BEBU IZ PO\u017dARA! DEVETO\u010cLANA PORODICA OSTALA BEZ KROVA NAD GLAVOM | TV ZONA PLUS &#8211; OGLASI GAD\u017dIN HAN"},"content":{"rendered":"<p><\/p>\n<div>\n<p><strong>Deveto\u010dlana porodica iz Gad\u017einog Hana ostala je bez krova nad glavom nakon \u0161to je izgoreo op\u0161tinski stan u kojem su \u017eiveli.<\/strong><\/p>\n<p><img loading=\"lazy\" decoding=\"async\" class=\"size-medium wp-image-217450 alignleft\" src=\"https:\/\/tvzonaplus.rs\/wp-content\/uploads\/2023\/10\/izgoreo-stan-u-Gadzinom-Hanu-1-384x216.jpg\" alt=\"\" width=\"384\" height=\"216\" srcset=\"https:\/\/tvzonaplus.rs\/wp-content\/uploads\/2023\/10\/izgoreo-stan-u-Gadzinom-Hanu-1-384x216.jpg 384w, https:\/\/tvzonaplus.rs\/wp-content\/uploads\/2023\/10\/izgoreo-stan-u-Gadzinom-Hanu-1-1024x576.jpg 1024w, https:\/\/tvzonaplus.rs\/wp-content\/uploads\/2023\/10\/izgoreo-stan-u-Gadzinom-Hanu-1-256x144.jpg 256w, https:\/\/tvzonaplus.rs\/wp-content\/uploads\/2023\/10\/izgoreo-stan-u-Gadzinom-Hanu-1-768x432.jpg 768w, https:\/\/tvzonaplus.rs\/wp-content\/uploads\/2023\/10\/izgoreo-stan-u-Gadzinom-Hanu-1-1536x864.jpg 1536w, https:\/\/tvzonaplus.rs\/wp-content\/uploads\/2023\/10\/izgoreo-stan-u-Gadzinom-Hanu-1-1320x743.jpg 1320w, https:\/\/tvzonaplus.rs\/wp-content\/uploads\/2023\/10\/izgoreo-stan-u-Gadzinom-Hanu-1.jpg 1920w\" sizes=\"auto, (max-width: 384px) 100vw, 384px\"\/>Kao privremeni sme\u0161taj, op\u0161tina im je ponudila trenutno dostupan stambeni prostor u Li\u010dju,a potrebna im je i svaka druga pomo\u0107. Predsednik Op\u0161tine Milisav Filipovi\u0107 za Zonu plus je posebno istakao hrabrost i nesebi\u010dnost dvojice Zaplanjaca koji su pomogli da se majka i beba evakui\u0161u iz zapaljenog stana.<\/p>\n<p>Njihova imena su Milo\u0161 Milenkovi\u0107 i Sveta Kitanovi\u0107.<img loading=\"lazy\" decoding=\"async\" class=\"alignright size-medium wp-image-217446\" src=\"https:\/\/tvzonaplus.rs\/wp-content\/uploads\/2023\/10\/received_614318880777997-Copy-237x316.jpeg\" alt=\"\" width=\"237\" height=\"316\" srcset=\"https:\/\/tvzonaplus.rs\/wp-content\/uploads\/2023\/10\/received_614318880777997-Copy-237x316.jpeg 237w, https:\/\/tvzonaplus.rs\/wp-content\/uploads\/2023\/10\/received_614318880777997-Copy-432x576.jpeg 432w, https:\/\/tvzonaplus.rs\/wp-content\/uploads\/2023\/10\/received_614318880777997-Copy-768x1024.jpeg 768w, https:\/\/tvzonaplus.rs\/wp-content\/uploads\/2023\/10\/received_614318880777997-Copy-1152x1536.jpeg 1152w, https:\/\/tvzonaplus.rs\/wp-content\/uploads\/2023\/10\/received_614318880777997-Copy-1320x1760.jpeg 1320w, https:\/\/tvzonaplus.rs\/wp-content\/uploads\/2023\/10\/received_614318880777997-Copy.jpeg 1500w\" sizes=\"auto, (max-width: 237px) 100vw, 237px\"\/><\/p>\n<blockquote>\n<p>\u201cNije bilo lako ugasiti po\u017ear, zato \u0161to je stan na poslednjem spratu, u potkrovlju, pa je to zahvatilo i krov\u201d, rekao je Filipovi\u0107 u Jutarnjem programu Zone plus.<\/p>\n<\/blockquote>\n<p>Uostalom, same slike govore o tome \u0161ta se tamo de\u0161avalo.<\/p>\n<blockquote>\n<p>\u201cBilo smo na licu mesta, videli smo koliko je bilo anga\u017eovanje same slu\u017ebe MUP-a, Sektora za vanredne situacije. Videli smo i Danijelu, vlasnicu stara\u010dkog doma tu odmah pored op\u0161tinske zgrade u kojoj je goreo stan. Sveta Kitanovi\u0107 i Milo\u0161 Milenkovi\u0107 su bili prvi koji su u\u0161li u stan i izvukli i \u017eenu i bebu iz stana. Da se oni nisu na\u0161li tu, bogami\u2026\u201d<\/p>\n<\/blockquote>\n<figure id=\"attachment_217448\" aria-describedby=\"caption-attachment-217448\" style=\"width: 155px\" class=\"wp-caption alignleft\"><img loading=\"lazy\" decoding=\"async\" class=\" wp-image-217448\" src=\"https:\/\/tvzonaplus.rs\/wp-content\/uploads\/2023\/10\/received_335118848886564-Copy-237x316.jpeg\" alt=\"\" width=\"155\" height=\"207\" srcset=\"https:\/\/tvzonaplus.rs\/wp-content\/uploads\/2023\/10\/received_335118848886564-Copy-237x316.jpeg 237w, https:\/\/tvzonaplus.rs\/wp-content\/uploads\/2023\/10\/received_335118848886564-Copy-432x576.jpeg 432w, https:\/\/tvzonaplus.rs\/wp-content\/uploads\/2023\/10\/received_335118848886564-Copy-768x1024.jpeg 768w, https:\/\/tvzonaplus.rs\/wp-content\/uploads\/2023\/10\/received_335118848886564-Copy-1152x1536.jpeg 1152w, https:\/\/tvzonaplus.rs\/wp-content\/uploads\/2023\/10\/received_335118848886564-Copy-1320x1760.jpeg 1320w, https:\/\/tvzonaplus.rs\/wp-content\/uploads\/2023\/10\/received_335118848886564-Copy.jpeg 1500w\" sizes=\"auto, (max-width: 155px) 100vw, 155px\"\/><figcaption id=\"caption-attachment-217448\" class=\"wp-caption-text\">izgoreo stan u Gad\u017einom Hanu<\/figcaption><\/figure>\n<p>Zgrada je, kako ka\u017ee predsednik op\u0161tine, osigurana, tako da \u0107e se stan i deo krova zgrade koji je izgoreo sanirati od tog novca i onda \u0107e mo\u0107i ponovo da se koristi.<\/p>\n<\/p><\/div>\n<p><a href=\"https:\/\/tvzonaplus.rs\/heroji-iz-zaplanja-spasili-majku-i-bebu-iz-pozara-devetoclana-porodica-ostala-bez-krova-nad-glavom\/?utm_source=rss&#038;utm_medium=rss&#038;utm_campaign=heroji-iz-zaplanja-spasili-majku-i-bebu-iz-pozara-devetoclana-porodica-ostala-bez-krova-nad-glavom\" target=\"_blank\" rel=\"noopener\">Source link <\/a><br \/>\n\n HEROJI IZ ZAPLANJA SPASILI MAJKU I BEBU IZ PO\u017dARA! DEVETO\u010cLANA PORODICA OSTALA BEZ KROVA NAD GLAVOM | TV ZONA PLUS<\/p>\n","protected":false},"excerpt":{"rendered":"<p>Deveto\u010dlana porodica iz Gad\u017einog Hana ostala je bez krova nad glavom nakon \u0161to je izgoreo op\u0161tinski stan u kojem su&hellip;<\/p>\n","protected":false},"author":1,"featured_media":2090,"comment_status":"open","ping_status":"open","sticky":false,"template":"","format":"standard","meta":{"footnotes":""},"categories":[1],"tags":[],"class_list":["post-2089","post","type-post","status-publish","format-standard","has-post-thumbnail","hentry","category-oglasi-gadzin-han"],"_links":{"self":[{"href":"https:\/\/oglasi.infooglasi.rs\/oglasi\/oglasigadzinhan\/wp-json\/wp\/v2\/posts\/2089","targetHints":{"allow":["GET"]}}],"collection":[{"href":"https:\/\/oglasi.infooglasi.rs\/oglasi\/oglasigadzinhan\/wp-json\/wp\/v2\/posts"}],"about":[{"href":"https:\/\/oglasi.infooglasi.rs\/oglasi\/oglasigadzinhan\/wp-json\/wp\/v2\/types\/post"}],"author":[{"embeddable":true,"href":"https:\/\/oglasi.infooglasi.rs\/oglasi\/oglasigadzinhan\/wp-json\/wp\/v2\/users\/1"}],"replies":[{"embeddable":true,"href":"https:\/\/oglasi.infooglasi.rs\/oglasi\/oglasigadzinhan\/wp-json\/wp\/v2\/comments?post=2089"}],"version-history":[{"count":0,"href":"https:\/\/oglasi.infooglasi.rs\/oglasi\/oglasigadzinhan\/wp-json\/wp\/v2\/posts\/2089\/revisions"}],"wp:featuredmedia":[{"embeddable":true,"href":"https:\/\/oglasi.infooglasi.rs\/oglasi\/oglasigadzinhan\/wp-json\/wp\/v2\/media\/2090"}],"wp:attachment":[{"href":"https:\/\/oglasi.infooglasi.rs\/oglasi\/oglasigadzinhan\/wp-json\/wp\/v2\/media?parent=2089"}],"wp:term":[{"taxonomy":"category","embeddable":true,"href":"https:\/\/oglasi.infooglasi.rs\/oglasi\/oglasigadzinhan\/wp-json\/wp\/v2\/categories?post=2089"},{"taxonomy":"post_tag","embeddable":true,"href":"https:\/\/oglasi.infooglasi.rs\/oglasi\/oglasigadzinhan\/wp-json\/wp\/v2\/tags?post=2089"}],"curies":[{"name":"wp","href":"https:\/\/api.w.org\/{rel}","templated":true}]}}