{"id":2198,"date":"2024-10-12T08:33:19","date_gmt":"2024-10-12T06:33:19","guid":{"rendered":"https:\/\/oglasi.infooglasi.rs\/oglasi\/oglasigadzinhan\/dan-padobranaca-80-godina-od-formiranja-prvog-padobranskog-bataljona-video-tv-zona-plus-oglasi-gadzin-han\/"},"modified":"2024-10-12T08:33:19","modified_gmt":"2024-10-12T06:33:19","slug":"dan-padobranaca-80-godina-od-formiranja-prvog-padobranskog-bataljona-video-tv-zona-plus-oglasi-gadzin-han","status":"publish","type":"post","link":"https:\/\/oglasi.infooglasi.rs\/oglasi\/oglasigadzinhan\/dan-padobranaca-80-godina-od-formiranja-prvog-padobranskog-bataljona-video-tv-zona-plus-oglasi-gadzin-han\/","title":{"rendered":"Dan padobranaca: 80 godina od formiranja Prvog padobranskog bataljona (VIDEO) &#8211; TV ZONA PLUS &#8211; OGLASI GAD\u017dIN HAN"},"content":{"rendered":"<p><\/p>\n<div itemprop=\"articleBody\">\n<!-- ARTICAL CONTENT --><\/p>\n<div id=\"attachment_234136\" style=\"width: 310px\" class=\"wp-caption alignleft\"><img loading=\"lazy\" decoding=\"async\" aria-describedby=\"caption-attachment-234136\" class=\"size-medium wp-image-234136\" src=\"http:\/\/tvzonaplus.rs\/wp-content\/uploads\/2024\/03\/padobranci-obuka-nis-2-384x256.jpg\" alt=\"\" width=\"300\" height=\"200\" srcset=\"https:\/\/tvzonaplus.rs\/wp-content\/uploads\/2024\/03\/padobranci-obuka-nis-2-384x256.jpg 384w, https:\/\/tvzonaplus.rs\/wp-content\/uploads\/2024\/03\/padobranci-obuka-nis-2-864x576.jpg 864w, https:\/\/tvzonaplus.rs\/wp-content\/uploads\/2024\/03\/padobranci-obuka-nis-2-768x512.jpg 768w, https:\/\/tvzonaplus.rs\/wp-content\/uploads\/2024\/03\/padobranci-obuka-nis-2-1536x1024.jpg 1536w, https:\/\/tvzonaplus.rs\/wp-content\/uploads\/2024\/03\/padobranci-obuka-nis-2-2048x1366.jpg 2048w\" sizes=\"auto, (max-width: 300px) 100vw, 300px\"\/><\/p>\n<p id=\"caption-attachment-234136\" class=\"wp-caption-text\">Ni\u009a\u0161, 27. marta 2024 \u2013 Borbeni timovi 63. padobranske brigade, u sadejstvu sa helikopterskom jedinicom Ratnog vazduhoplovstva i PVO, realizuju redovnu obuku za izvo\u00f0enje diverzantskih dejstava na elemente borbenog rasporeda neprijatelja.\u00a0 FOTO TANJUG\/ MINISTARSTVO ODBRANE\/ DARIMIR BANDA\/ bs<\/p>\n<\/div>\n<p>Dan 63. padobranske brigade i krsna slava jedinice obele\u017eavaju se 14. oktobra, na Dan vojnih padobranaca i Pokrov Presvete Bogorodice.<\/p>\n<p>Sve\u010dana akademija povodom 80 godina od formiranja 63.padobranske brigade odr\u017eana je u Domu vojske u Ni\u0161u<\/p>\n<p><img loading=\"lazy\" decoding=\"async\" class=\"size-medium wp-image-253788 alignright\" src=\"http:\/\/tvzonaplus.rs\/wp-content\/uploads\/2024\/10\/63-padobranska-5-300x169.jpg\" alt=\"\" width=\"300\" height=\"169\" srcset=\"https:\/\/tvzonaplus.rs\/wp-content\/uploads\/2024\/10\/63-padobranska-5-300x169.jpg 300w, https:\/\/tvzonaplus.rs\/wp-content\/uploads\/2024\/10\/63-padobranska-5-1024x576.jpg 1024w, https:\/\/tvzonaplus.rs\/wp-content\/uploads\/2024\/10\/63-padobranska-5-768x432.jpg 768w, https:\/\/tvzonaplus.rs\/wp-content\/uploads\/2024\/10\/63-padobranska-5-1536x864.jpg 1536w, https:\/\/tvzonaplus.rs\/wp-content\/uploads\/2024\/10\/63-padobranska-5-400x225.jpg 400w, https:\/\/tvzonaplus.rs\/wp-content\/uploads\/2024\/10\/63-padobranska-5.jpg 1920w\" sizes=\"auto, (max-width: 300px) 100vw, 300px\"\/>Akademiji su prisustvovali premijer Vlade Srbije Milo\u0161 Vu\u010devi\u0107, ministri Bratislav Ga\u0161i\u0107 i Aleksandar Vulin, gradona\u010delnik Ni\u0161a Dragoslav Pavlovi\u0107, pripadnici brigade i veterani, predstavnici Vojske Srbije i MUP-a Srbije i Republike Srpske, crkve.<\/p>\n<p>Goste je pozdravio brigadni general Nenad Zoni\u0107, komandant 63. padobranske brigade, a o tradiciji i vrednostima koje 63. neguje govorio i general u penziji Ilija Todorov, ratni komandant 63. padobranske brigade.<\/p>\n<p>Jubillej pripadnicima 63.padobranske \u010destitao je i ministar odbrane, Bratislav Ga\u0161i\u0107 koji je naglasio da se malo koja dr\u017eava i vojska u svetu mo\u017ee pohvaliti ovakvim jubilejem \u2013 osam decenija postojanja elitne jedinice kakva je 63.padobranska brigada.<\/p>\n<p><iframe loading=\"lazy\" title=\"DAN PADOBRANACA: 80 GODINA OD FORMIRANJA PRVOG PADOBRANSKOG BATALJONA\" width=\"640\" height=\"360\" src=\"https:\/\/www.youtube.com\/embed\/yXYZ7kIyGt0?feature=oembed\" frameborder=\"0\" allow=\"accelerometer; autoplay; clipboard-write; encrypted-media; gyroscope; picture-in-picture; web-share\" referrerpolicy=\"strict-origin-when-cross-origin\" allowfullscreen><\/iframe><\/p>\n<blockquote>\n<p>To bi slu\u017eilo za ponos mnogo ve\u0107im i mo\u0107nijim armijama. Mi se zato sa pravom di\u010dimo \u0161to u sastavu Vojske Srbije imamo brigadu \u010dije se ime sa divljenjem i po\u0161tovanjem izgovara svuda u na\u0161oj zemlji, ali i izvan nje. Di\u010dimo se njenom dana\u0161njom snagom, opremljeno\u0161\u0107u i ve\u0161tinom njenih pripadnika, ali i herojstvom zbog kojeg je ova jedinica oven\u010dana najzna\u010dajnijim odlikovanjima.<\/p>\n<p>Biti padobranac, nositi crvenu beretku i znak pripadnosti 63.padobranskoj brigadi oduvek je zna\u010dilo biti zavetovan vojni\u010dkom i ratni\u010dkom \u010da\u0161\u0107u, biti spreman na najve\u0107i rizik i \u017ertvu! Zato je ova jedinica tako posebna i po\u0161tovana. Zato se smatra elitom na\u0161e vojske i jednim od simbola Grada Ni\u0161a, rekao je, izme\u0111u ostalog, Bratislav Ga\u0161i\u0107, ministar odbrane.<\/p>\n<\/blockquote>\n<p>Prvi padobranski bataljon osnovan je uz pomo\u0107 savezni\u010dkih snaga 14. oktobra 1944. godine u vojnoj bazi kraj Barija, u Italiji. 63. Tradicije ovog bataljona neguju padobranci 63. padobranske brigade koja je u Ni\u0161u formirana 1967. godine<\/p>\n<\/p><\/div>\n<p><a href=\"https:\/\/tvzonaplus.rs\/dan-padobranaca-80-godina-od-formiranja-prvog-padobranskog-bataljona\/\" target=\"_blank\" rel=\"noopener\">Source link <\/a><br \/>\n\n Dan padobranaca: 80 godina od formiranja Prvog padobranskog bataljona (VIDEO) &#8211; TV ZONA PLUS<\/p>\n","protected":false},"excerpt":{"rendered":"<p>Ni\u009a\u0161, 27. marta 2024 \u2013 Borbeni timovi 63. padobranske brigade, u sadejstvu sa helikopterskom jedinicom Ratnog vazduhoplovstva i PVO, realizuju&hellip;<\/p>\n","protected":false},"author":1,"featured_media":2200,"comment_status":"open","ping_status":"open","sticky":false,"template":"","format":"standard","meta":{"footnotes":""},"categories":[1],"tags":[],"class_list":["post-2198","post","type-post","status-publish","format-standard","has-post-thumbnail","hentry","category-oglasi-gadzin-han"],"_links":{"self":[{"href":"https:\/\/oglasi.infooglasi.rs\/oglasi\/oglasigadzinhan\/wp-json\/wp\/v2\/posts\/2198","targetHints":{"allow":["GET"]}}],"collection":[{"href":"https:\/\/oglasi.infooglasi.rs\/oglasi\/oglasigadzinhan\/wp-json\/wp\/v2\/posts"}],"about":[{"href":"https:\/\/oglasi.infooglasi.rs\/oglasi\/oglasigadzinhan\/wp-json\/wp\/v2\/types\/post"}],"author":[{"embeddable":true,"href":"https:\/\/oglasi.infooglasi.rs\/oglasi\/oglasigadzinhan\/wp-json\/wp\/v2\/users\/1"}],"replies":[{"embeddable":true,"href":"https:\/\/oglasi.infooglasi.rs\/oglasi\/oglasigadzinhan\/wp-json\/wp\/v2\/comments?post=2198"}],"version-history":[{"count":0,"href":"https:\/\/oglasi.infooglasi.rs\/oglasi\/oglasigadzinhan\/wp-json\/wp\/v2\/posts\/2198\/revisions"}],"wp:featuredmedia":[{"embeddable":true,"href":"https:\/\/oglasi.infooglasi.rs\/oglasi\/oglasigadzinhan\/wp-json\/wp\/v2\/media\/2200"}],"wp:attachment":[{"href":"https:\/\/oglasi.infooglasi.rs\/oglasi\/oglasigadzinhan\/wp-json\/wp\/v2\/media?parent=2198"}],"wp:term":[{"taxonomy":"category","embeddable":true,"href":"https:\/\/oglasi.infooglasi.rs\/oglasi\/oglasigadzinhan\/wp-json\/wp\/v2\/categories?post=2198"},{"taxonomy":"post_tag","embeddable":true,"href":"https:\/\/oglasi.infooglasi.rs\/oglasi\/oglasigadzinhan\/wp-json\/wp\/v2\/tags?post=2198"}],"curies":[{"name":"wp","href":"https:\/\/api.w.org\/{rel}","templated":true}]}}