{"id":2251,"date":"2025-01-19T15:32:52","date_gmt":"2025-01-19T14:32:52","guid":{"rendered":"https:\/\/oglasi.infooglasi.rs\/oglasi\/oglasigadzinhan\/protesti-srednjoskolaca-i-studenata-sirom-srbije-oglasi-gadzin-han\/"},"modified":"2025-01-19T15:32:52","modified_gmt":"2025-01-19T14:32:52","slug":"protesti-srednjoskolaca-i-studenata-sirom-srbije-oglasi-gadzin-han","status":"publish","type":"post","link":"https:\/\/oglasi.infooglasi.rs\/oglasi\/oglasigadzinhan\/protesti-srednjoskolaca-i-studenata-sirom-srbije-oglasi-gadzin-han\/","title":{"rendered":"Protesti srednjo\u0161kolaca i studenata \u0161irom Srbije &#8211; OGLASI GAD\u017dIN HAN"},"content":{"rendered":"<p><\/p>\n<p>\n                Dan pred  po\u010detak drugog polugodi\u0161ta i dalje nije najjasnije u koliko \u0161kola \u0107e rad u ponedeljak biti obustavljen, dok srednjo\u0161kolci i studenti organizuju skupove podr\u0161ke provestnim radnicima u vi\u0161e gradova u Srbiji.\n            <\/p>\n<div>\n<figure>         <img loading=\"lazy\" decoding=\"async\" alt=\"protest NS \" src=\"https:\/\/boom93.rs\/image\/cache\/extra-large\/files\/images\/1737296103.4946\" width=\"701\" height=\"460\"\/>         <\/p>\n<footer>021.rs<\/footer>\n<\/figure>\n<p>Dan pred po\u010detak drugog polugodi\u0161ta i dalje nije najjasnije <a href=\"https:\/\/www.bbc.com\/serbian\/articles\/c62ezjg21e8o\/lat?xtor=AL-73-%5Bpartner%5D-%5Bboom93.com%5D-%5Blink%5D-%5Bserbian%5D-%5Bbizdev%5D-%5Bisapi%5D\" target=\"_blank\" rel=\"noopener\">u koliko \u0161kola \u0107e rad u ponedeljak biti obustavljen<\/a>, dok srednjo\u0161kolci i studenti organizuju skupove podr\u0161ke prosvetnim radnicima u vi\u0161e gradova u Srbiji. <\/p>\n<p>U \u010ca\u010dku su na ulice iza\u0161li \u0111aci i studenti tehni\u010dkih fakulteta. Okupljanje je po\u010delo ispred zgrade fakulteta, odakle se ogromna kolona gra\u0111ana uputila do \u010ca\u010danske gimnazije, gde su im se priklju\u010dili srednjo\u0161kolci. <\/p>\n<p>Posle 15 minuta ti\u0161ine u znak pomena na stradale u Novom Sadu, nastavljena je \u0161etnja gradskim ulicama. Govora nije bilo. <\/p>\n<p>U Novom Sadu na Trgu slobode odr\u017ean je javni \u010das pod nazivom &#8216;Raspust je va\u0161, promena je na\u0161a&#8217;, posle akcije 15-minutne ti\u0161ine kod Futo\u0161ke pijace. <\/p>\n<p>Tokom protesta mogle su se \u010duti parole poput &#8216;\u0111aci ne kle\u010de&#8217; i &#8216;svi u \u0161trajk&#8217;, dok je na nekim od transparenata pisalo &#8216;Apsolutna vlast &#8211; apsolutna odgovornost&#8217;, &#8216;Deca do\u0161la&#8217;, &#8216;Odzvonilo je&#8217;. <\/p>\n<p>Protest u Novom Sadu zavr\u0161en je jo\u0161 jednim pozivom na <a href=\"https:\/\/www.bbc.com\/serbian\/articles\/cn0yyzjeyr5o\/lat?xtor=AL-73-%5Bpartner%5D-%5Bboom93.com%5D-%5Blink%5D-%5Bserbian%5D-%5Bbizdev%5D-%5Bisapi%5D\" target=\"_blank\" rel=\"noopener\">generalni \u0161trajk<\/a>. <\/p>\n<figure>         <img loading=\"lazy\" decoding=\"async\" alt=\"NS\" src=\"https:\/\/boom93.rs\/image\/cache\/extra-large\/files\/images\/1737296103.628\" width=\"701\" height=\"460\"\/>         <\/p>\n<footer>021.rs<\/footer>\n<\/figure>\n<figure>         <img loading=\"lazy\" decoding=\"async\" alt=\"NS\" src=\"https:\/\/boom93.rs\/image\/cache\/extra-large\/files\/images\/1737296103.8662\" width=\"701\" height=\"460\"\/>         <\/p>\n<footer>021.rs<\/footer>\n<\/figure>\n<figure>         <img loading=\"lazy\" decoding=\"async\" alt=\"NS\" src=\"https:\/\/boom93.rs\/image\/cache\/extra-large\/files\/images\/1737296104.1073\" width=\"701\" height=\"460\"\/>         <\/p>\n<footer>021.rs<\/footer>\n<\/figure>\n<p>Na ulice su iza\u0161li i gimnazijalci u Valjevu, a studenti Univerziteta u Kragujevcu pozvali su sugra\u0111ane da im se pridru\u017ee na protestu na \u0110a\u010dkom trgu ispred Prve kragujeva\u010dke gimnazije od 16 \u010dasova. <\/p>\n<p>U isto vreme najavljen je i protest u Ni\u0161u, a studenti iz ovog grada na jugu Srbije najavili su da \u0107e organizovati okupljanja na tri lokacije u gradu \u2013 na raskrsnici kod Ureda, na Mostu mladosti i na kru\u017enom toku kod pijace na Tro\u0161arini.<\/p>\n<p>Protest se odr\u017eava pod imenom \u201eKrenula je hajka\u2026 kreni i ti&#8221; <a href=\"https:\/\/www.bbc.com\/serbian\/articles\/cr536gq8eedo\/lat?xtor=AL-73-%5Bpartner%5D-%5Bboom93.com%5D-%5Blink%5D-%5Bserbian%5D-%5Bbizdev%5D-%5Bisapi%5D\" target=\"_blank\" rel=\"noopener\">zbog poku\u0161aja ubistva studentkinje Pravnog fakulteta u Beogradu<\/a> i napada na studente ovog fakulteta, objavile su Ju\u017ene vesti.<\/p>\n<p>Beogradski studenti najavili su ranije akciju solidarnosti sa prosvetnim radnicima od 16 \u010dasova ispred Ministarstva prosvete u Nemanjinoj ulici. <\/p>\n<p><em>BBC na srpskom je od sada i na Jutjubu, pratite nas <\/em><a href=\"https:\/\/www.youtube.com\/@bbcnewsnasrpskom\/videos\" target=\"_blank\" rel=\"noopener\"><em>OVDE.<\/em><\/a><\/p>\n<p><em>Pratite nas na <\/em><a href=\"https:\/\/www.facebook.com\/BBCNewsnasrpskom\" target=\"_blank\" rel=\"noopener\"><em>Fejsbuku<\/em><\/a><em>, <\/em><a href=\"https:\/\/x.com\/bbcnasrpskom\" target=\"_blank\"><em>Tviteru<\/em><\/a><em>, <\/em><a href=\"https:\/\/www.instagram.com\/bbcnewsnasrpskom\/\" target=\"_blank\" rel=\"noopener\"><em>Instagramu<\/em><\/a><em> i <\/em><a href=\"https:\/\/invite.viber.com\/?g2=AQBkI0TIwObQ%2F05%2FHQsq%2FNA%2BAuEYxNlidvvazJnHYqbAGJhHDn0L%2BccoktcFf57s\" target=\"_blank\" rel=\"noopener\"><em>Vajberu<\/em><\/a><em>. Ako imate predlog teme za nas, javite se na <a href=\"https:\/\/boom93.rs\/cdn-cgi\/l\/email-protection\" class=\"__cf_email__\" data-cfemail=\"8ceeeeefe2edfffefcffe7e3e1cceeeeefa2efe3a2f9e7\" target=\"_blank\" rel=\"noopener\">[email\u00a0protected]<\/a><\/em><\/p>\n<p><noscript><img decoding=\"async\" src=\"https:\/\/a1.api.bbc.co.uk\/hit.xiti\/?s=598346&amp;p=serbian.articles.cwyed6qq6y9o.lat.page&amp;x1=%5Burn%3Abbc%3Aoptimo%3Aasset%3Acwyed6qq6y9o%5D&amp;x4=%5Bsr-latn%5D&amp;x5=%5Bhttps%3A%2F%2Fwww.bbc.com%2Fserbian%2Farticles%2Fcwyed6qq6y9o%2Flat%5D&amp;x7=%5Barticle%5D&amp;x8=%5Bsynd_nojs_ISAPI%5D&amp;x9=%5B%27%C5%A0kolski+%C4%8Das+u+zadnji+%C4%8Das%27%3A+Protesti+srednjo%C5%A1kolaca+i+studenata+%C5%A1irom+Srbije+%5D&amp;x11=%5B2025-01-19T14%3A13%3A22.439Z%5D&amp;x12=%5B2025-01-19T14%3A13%3A22.439Z%5D&amp;x19=%5Bboom93.com%5D\"\/><\/noscript>\n                        <\/div>\n<p><script async defer src=\"https:\/\/platform.instagram.com\/en_US\/embeds.js\"><\/script><br \/>\n<br \/><a href=\"https:\/\/boom93.rs\/article\/28542\/skolski-cas-u-zadnji-cas-protesti-srednjoskolaca-i-studenata-sirom-srbije\" target=\"_blank\" rel=\"noopener\">Source link <\/a><br \/>\n\n Protesti srednjo\u0161kolaca i studenata \u0161irom Srbije<\/p>\n","protected":false},"excerpt":{"rendered":"<p>Dan pred po\u010detak drugog polugodi\u0161ta i dalje nije najjasnije u koliko \u0161kola \u0107e rad u ponedeljak biti obustavljen, dok srednjo\u0161kolci&hellip;<\/p>\n","protected":false},"author":1,"featured_media":2252,"comment_status":"open","ping_status":"open","sticky":false,"template":"","format":"standard","meta":{"footnotes":""},"categories":[1],"tags":[],"class_list":["post-2251","post","type-post","status-publish","format-standard","has-post-thumbnail","hentry","category-oglasi-gadzin-han"],"_links":{"self":[{"href":"https:\/\/oglasi.infooglasi.rs\/oglasi\/oglasigadzinhan\/wp-json\/wp\/v2\/posts\/2251","targetHints":{"allow":["GET"]}}],"collection":[{"href":"https:\/\/oglasi.infooglasi.rs\/oglasi\/oglasigadzinhan\/wp-json\/wp\/v2\/posts"}],"about":[{"href":"https:\/\/oglasi.infooglasi.rs\/oglasi\/oglasigadzinhan\/wp-json\/wp\/v2\/types\/post"}],"author":[{"embeddable":true,"href":"https:\/\/oglasi.infooglasi.rs\/oglasi\/oglasigadzinhan\/wp-json\/wp\/v2\/users\/1"}],"replies":[{"embeddable":true,"href":"https:\/\/oglasi.infooglasi.rs\/oglasi\/oglasigadzinhan\/wp-json\/wp\/v2\/comments?post=2251"}],"version-history":[{"count":0,"href":"https:\/\/oglasi.infooglasi.rs\/oglasi\/oglasigadzinhan\/wp-json\/wp\/v2\/posts\/2251\/revisions"}],"wp:featuredmedia":[{"embeddable":true,"href":"https:\/\/oglasi.infooglasi.rs\/oglasi\/oglasigadzinhan\/wp-json\/wp\/v2\/media\/2252"}],"wp:attachment":[{"href":"https:\/\/oglasi.infooglasi.rs\/oglasi\/oglasigadzinhan\/wp-json\/wp\/v2\/media?parent=2251"}],"wp:term":[{"taxonomy":"category","embeddable":true,"href":"https:\/\/oglasi.infooglasi.rs\/oglasi\/oglasigadzinhan\/wp-json\/wp\/v2\/categories?post=2251"},{"taxonomy":"post_tag","embeddable":true,"href":"https:\/\/oglasi.infooglasi.rs\/oglasi\/oglasigadzinhan\/wp-json\/wp\/v2\/tags?post=2251"}],"curies":[{"name":"wp","href":"https:\/\/api.w.org\/{rel}","templated":true}]}}