{"id":2263,"date":"2025-02-13T20:57:19","date_gmt":"2025-02-13T19:57:19","guid":{"rendered":"https:\/\/oglasi.infooglasi.rs\/oglasi\/oglasigadzinhan\/treci-dan-pesacenja-iz-beograda-i-nisa-oglasi-gadzin-han\/"},"modified":"2025-02-13T20:57:19","modified_gmt":"2025-02-13T19:57:19","slug":"treci-dan-pesacenja-iz-beograda-i-nisa-oglasi-gadzin-han","status":"publish","type":"post","link":"https:\/\/oglasi.infooglasi.rs\/oglasi\/oglasigadzinhan\/treci-dan-pesacenja-iz-beograda-i-nisa-oglasi-gadzin-han\/","title":{"rendered":"Tre\u0107i dan pe\u0161a\u010denja iz Beograda i Ni\u0161a &#8211; OGLASI GAD\u017dIN HAN"},"content":{"rendered":"<p><\/p>\n<p>\n                Studenti novosadskih i beogradskih fakulteta nastavili su protesteno pe\u0161a\u010denje ka Kragujevcu iz Beograda, a iz Ni\u0161a njihove kolege. Na putu i grupe studenata iz Novog Sada i Beograda na biciklima.\n            <\/p>\n<div>\n<figure>         <img loading=\"lazy\" decoding=\"async\" alt=\"Studenti iz Ni\u0161a stigli u Para\u0107in\" src=\"https:\/\/boom93.rs\/image\/cache\/extra-large\/files\/images\/1739458622.9796\" width=\"960\" height=\"540\"\/>         <\/p>\n<footer>Ju\u017ene vesti<\/footer><figcaption>Studenti iz Ni\u0161a stigli su u Para\u0107in<\/figcaption><\/figure>\n<p>Studenti iz Beograda, Novog Sada i Ni\u0161a, tre\u0107i dan pe\u0161a\u010de ka Kragujevcu kao jo\u0161 jedan vid pritiska na vlast da ispuni njihove zahteve.<\/p>\n<p>Cilj novog studentskog pohoda &#8211; obe grupa \u010deka otprilike ista razdaljina od oko 150 kilometara &#8211; jeste da do subote stignu u Kragujevac i u\u010destvuju u protestu  \u201eSretnimo se na Sretenje&#8221; 15. februara.<\/p>\n<p>Studenti beogradskih i novosadskih fakulteta, kao i ni\u0161ki do sada su prepe\u0161a\u010dili vi\u0161e od pola puta.<\/p>\n<p>Beogradski i novosadski studenti su prespavali u Aran\u0111elovcu,  prigradskoj op\u0161tini, a Ni\u0161lije u \u0106i\u0107evcu.<\/p>\n<p>Do Kragujevca pe\u0161a\u010de i studenti iz Kraljeva, \u010ca\u010dka i Novog Pazara.<\/p>\n<p>Studenti iz Kraljeva i \u010ca\u010dka su se 13. februara u rano popodne susreli na pola puta u selu Mr\u010dajevci.<\/p>\n<p>Iz Novog Sada i Beograda ka Kragujevcu su krenule i dve grupe studenata na biciklima.<\/p>\n<p>Sve grupe studenata koje pe\u0161a\u010de ili dolaze biciklima, planiraju da u Kragujevac  stignu 14. februara uve\u010de.<\/p>\n<p>Studenti skoro tri meseca blokiraju fakultete i organizuju razne proteste, tra\u017ee\u0107i utvr\u0111ivanje odgovornosti za pad nadstre\u0161nice na nedavno rekonstruisanoj \u017eelezni\u010dkoj stanici u Novom Sadu kada je poginulo 15 ljudi, a dvoje te\u0161ko povre\u0111eno.<\/p>\n<figure>         <img loading=\"lazy\" decoding=\"async\" alt=\"studentski protest u kragujevcu\" src=\"https:\/\/boom93.rs\/image\/cache\/extra-large\/files\/images\/1739458623.1438\" width=\"1760\" height=\"1196\"\/>         <\/p>\n<footer>BBC<\/footer><figcaption>Mapa najavljenog studentskog protesta u Kragujevcu 15. februara<\/figcaption><\/figure>\n<p>Posle nekoliko meseci masovnih protesta \u0161irom Srbije, glavno republi\u010dko tu\u017eila\u0161tvo povuklo je potez koji bi mogao da dovede do utvr\u0111ivanja istine o pogibiji 15 ljudi u ru\u0161enju nadstre\u0161nice novosadske stanice 1. novembra.<\/p>\n<p>Od pada nadstre\u0161nice, na protestima studenata, ali i drugih ljudi koji ih podr\u017eavaju, ukazuje se da je korupcija u infrastrukturnim projektima, a posebno u rekonstrukciji novosadske stanice, dovela do tragedije kada je poginulo 15 ljudi, a dvoje te\u0161ko povre\u0111eno.<\/p>\n<p>Glavno tu\u017eila\u0161tvo je 12. februara saop\u0161tilo da je deo istrage o padu nadstre\u0161nice preneto na Tu\u017eila\u0161tvo za organizovani kriminal.<\/p>\n<p>Vi\u0161e o tome pro\u010ditajte <a href=\"https:\/\/www.bbc.com\/serbian\/articles\/ckgxp81yerjo\/lat?xtor=AL-73-%5Bpartner%5D-%5Bboom93.com%5D-%5Blink%5D-%5Bserbian%5D-%5Bbizdev%5D-%5Bisapi%5D\" target=\"_blank\" rel=\"noopener\">OVDE<\/a>.<\/p>\n<figure>         <img loading=\"lazy\" decoding=\"async\" alt=\"studenti, studenti pe\u0161a\u010de\" src=\"https:\/\/boom93.rs\/image\/cache\/extra-large\/files\/images\/1739458623.6306\" width=\"1500\" height=\"843\"\/>         <\/p>\n<footer>Fonet<\/footer><figcaption>Kolona ni\u0161kih studenata na putu od \u0106i\u0107evca <\/figcaption><\/figure>\n<figure>         <img loading=\"lazy\" decoding=\"async\" alt=\"studenti, studentsko pe\u0161a\u010denje\" src=\"https:\/\/boom93.rs\/image\/cache\/extra-large\/files\/images\/1739458623.7958\" width=\"1000\" height=\"667\"\/>         <\/p>\n<footer>REUTERS\/Marko Djurica<\/footer><figcaption>Studenti koji pe\u0161a\u010de iz Beograda na ulasku u Aran\u0111elovac<\/figcaption><\/figure>\n<figure>         <img loading=\"lazy\" decoding=\"async\" alt=\"studenti, studentsko pe\u0161a\u010denje\" src=\"https:\/\/boom93.rs\/image\/cache\/extra-large\/files\/images\/1739458623.9299\" width=\"1000\" height=\"667\"\/>         <\/p>\n<footer>REUTERS\/Marko Djurica<\/footer><figcaption>Studenti koji pe\u0161a\u010de iz Beograda prespavali su u Aran\u0111elovcu posle drugog dana pohoda<\/figcaption><\/figure>\n<figure>         <img loading=\"lazy\" decoding=\"async\" alt=\"studenti, studentsko pe\u0161a\u010denje\" src=\"https:\/\/boom93.rs\/image\/cache\/extra-large\/files\/images\/1739458624.0819\" width=\"1000\" height=\"667\"\/>         <\/p>\n<footer>REUTERS\/Marko Djurica<\/footer><figcaption>Bio im je obezbe\u0111en sme\u0161taj u sportskoj hali, a me\u0161tani su im pripremili hranu<\/figcaption><\/figure>\n<h2>Plan studentskog pe\u0161a\u010denja od Beograda i Ni\u0161a do Kragujevca<\/h2>\n<figure>         <img loading=\"lazy\" decoding=\"async\" alt=\"mapa, studentski protest, studenti pe\u0161a\u010de do Kragujevca\" src=\"https:\/\/boom93.rs\/image\/cache\/extra-large\/files\/images\/1739458624.2441\" width=\"1760\" height=\"1758\"\/>         <\/p>\n<footer>BBC<\/footer><figcaption>Mapa puta beogradskih i novosadskih studenata do Kragujevca<\/figcaption><\/figure>\n<figure>         <img loading=\"lazy\" decoding=\"async\" alt=\"mapa, studenti iz ni\u0161a\" src=\"https:\/\/boom93.rs\/image\/cache\/extra-large\/files\/images\/1739458624.8605\" width=\"1760\" height=\"1758\"\/>         <\/p>\n<footer>BBC<\/footer><figcaption>Mapa pohoda ni\u0161kih studenata do Kragujevca<\/figcaption><\/figure>\n<p>Studenti koji pe\u0161a\u010de iz Ni\u0161a stigli su u Para\u0107in, grada udaljenog oko 20 kilometara od \u0106i\u0107evca, odakle su krenuli rano jutros. <\/p>\n<p>Tamo su odali 15-minutni pomen \u017ertvama novosadske tragedije.<\/p>\n<p>Ostalo im je jo\u0161 oko 30 kilometara do Jagodine, gde \u0107e prespavati pred poslednju etapu do Kragujevca.<\/p>\n<p>Studenti beogradskih i novosadskih fakulteta su 13. februara oko 14:30 stigli do Topole, mesta udaljenog oko 40 kilometara od Kragujevca.<\/p>\n<p>Posle odmora, planiraju da nastave pe\u0161a\u010denje do mesta \u010cumi\u0107, gde \u0107e prespavati, a onda im u petak ostaje jo\u0161 20-ak kilometara do cilja.<\/p>\n<p>Po ulasku u Topolu uzvikivali su: &#8216;Ustanak, ustanak&#8217;.<\/p>\n<p>Topola je istorijski va\u017eno mesto u istoriji Srbije.<\/p>\n<p>Tamo je 14. februara 1804. godine podignut Prvi srpski ustanak protiv turske vlasti. <\/p>\n<figure>         <img loading=\"lazy\" decoding=\"async\" alt=\"studenti, studentsko pe\u0161a\u010denje, studentski protest\" src=\"https:\/\/boom93.rs\/image\/cache\/extra-large\/files\/images\/1739458625.3847\" width=\"2016\" height=\"1512\"\/>         <\/p>\n<footer>BBC\/Kristina Kljaji\u0107<\/footer><figcaption>Grupa studenata iz Beograda i Novog Sada u Topoli<\/figcaption><\/figure>\n<figure>         <img loading=\"lazy\" decoding=\"async\" alt=\"studenti, studentski protest, studentsko pe\u0161a\u010denje\" src=\"https:\/\/boom93.rs\/image\/cache\/extra-large\/files\/images\/1739458625.6113\" width=\"2016\" height=\"1512\"\/>         <\/p>\n<footer>BBC\/Kristina Kljaji\u0107<\/footer><figcaption>Grupa studenata iz Beograda i Novog Sada po ulasku u Topolu<\/figcaption><\/figure>\n<p>Iz Novog Sada i iz Beograda ka Kragujevcu su krenule dve grupe studenata &#8211; na biciklima.<\/p>\n<p>Novosadska grupa je krenula 12. februara i \u010deka je put od 240 kilometara.<\/p>\n<p>Grupa studenata beogradskih fakulteta je 30. januara po\u0161la u dvodnevni pe\u0161a\u010dki pohod dug oko 80 kilometara do Novog Sada kako bi se priklju\u010dila akciji blokade mostova povodom tri meseca od uru\u0161avanja nadstre\u0161nice.<\/p>\n<figure>         <img loading=\"lazy\" decoding=\"async\" alt=\"studenti biciklisti\" src=\"https:\/\/boom93.rs\/image\/cache\/extra-large\/files\/images\/1739458625.8334\" width=\"1500\" height=\"844\"\/>         <\/p>\n<footer>Fonet<\/footer><figcaption>Iz Beograda je ka Kragujevcu 13. februara krenula grupa studenata na biciklima<\/figcaption><\/figure>\n<h2>Grupa studenata zauzela Studentski kulturni centar u Beogradu<\/h2>\n<figure>         <img loading=\"lazy\" decoding=\"async\" alt=\"studentski kulturni centar, skc\" src=\"https:\/\/boom93.rs\/image\/cache\/extra-large\/files\/images\/1739458626.0114\" width=\"1500\" height=\"844\"\/>         <\/p>\n<footer>Fonet<\/footer><figcaption>Grupa studenata je 12. februara uve\u010de zauzela SKC<\/figcaption><\/figure>\n<p>Grupa studenata samoorganizovala se i u\u0161la u Studentski kulturni centar (SKC) u Beogradu 12. februara uve\u010de.<\/p>\n<p>Studenti su saop\u0161tili da su \u201estudentski centri otu\u0111eni od univerziteta&#8221; i da ima \u201emnogo neregularnosti u radu upravnih odbora ovih ustanova&#8221;, prenela je TV Nova.<\/p>\n<p>U SKC se sada mo\u017ee u\u0107i samo uz pokazivanje studentskog indeksa.<\/p>\n<p>Zgrada SKC-a u Beogradu izgra\u0111ena je 1895. godine, po \u017eelji Aleksandra Prvog Obrenovi\u0107a. <\/p>\n<p>Do Prvog svetskog rata zgrada SKC-a bila je poznata kao Oficirski dom, gde su se odr\u017eavali oficirski balovi, prijemi i zabave. <\/p>\n<p>Posle Drugog svetskog rata zgrada je renovirana i ubrzo pretvorena u zgradu  Uprave dr\u017eavne bezbednosti (UDBA).<\/p>\n<p>Posle studentskih protesta, 1968. godine zgrada je predata Beogradskom univerzitetu.<\/p>\n<p>Posle renoviranja, SKC je pu\u0161ten u rad na Dan studenata 1971. godine.<\/p>\n<p>U ovoj zgradi i njenom dvori\u0161tu se organizuju razni kulturni programi, od koncerata, preko knji\u017eevnih susreta.<\/p>\n<p><strong>Pogledajte fotografije iz Mladenovca, gde su me\u0161tani do\u010dekali studente koji pe\u0161a\u010de iz Beograda<\/strong><\/p>\n<figure>         <img loading=\"lazy\" decoding=\"async\" alt=\"studenti, studentski protest, studentsko pe\u0161a\u010denje do Kragujevca\" src=\"https:\/\/boom93.rs\/image\/cache\/extra-large\/files\/images\/1739458626.1842\" width=\"1000\" height=\"667\"\/>         <\/p>\n<footer>REUTERS\/Marko Djurica<\/footer><figcaption>Me\u0161tani Mladenovca pozdravljaju studente koji pe\u0161a\u010de iz Beograda ka Kragujevcu<\/figcaption><\/figure>\n<figure>         <img loading=\"lazy\" decoding=\"async\" alt=\"studenti, studentski protest\" src=\"https:\/\/boom93.rs\/image\/cache\/extra-large\/files\/images\/1739458626.3301\" width=\"1000\" height=\"667\"\/>         <\/p>\n<footer>REUTERS\/Marko Djurica<\/footer><figcaption>Grupa studenata po ulasku u Mladenovac<\/figcaption><\/figure>\n<figure>         <img loading=\"lazy\" decoding=\"async\" alt=\"studenti, studentski protest\" src=\"https:\/\/boom93.rs\/image\/cache\/extra-large\/files\/images\/1739458626.4741\" width=\"1000\" height=\"667\"\/>         <\/p>\n<footer>REUTERS\/Marko Djurica<\/footer>\n<\/figure>\n<figure>         <img loading=\"lazy\" decoding=\"async\" alt=\"studenti, studentski protest, pe\u0161a\u010denje do Kragujevca\" src=\"https:\/\/boom93.rs\/image\/cache\/extra-large\/files\/images\/1739458626.6116\" width=\"1000\" height=\"660\"\/>         <\/p>\n<footer>REUTERS\/Stoyan Nenov<\/footer><figcaption>Me\u0161tani Mladenovca pozdravljaju studente koji pe\u0161a\u010de iz Beograda ka Kragujevcu<\/figcaption><\/figure>\n<figure>         <img loading=\"lazy\" decoding=\"async\" alt=\"studenti, studentski protest\" src=\"https:\/\/boom93.rs\/image\/cache\/extra-large\/files\/images\/1739458626.7622\" width=\"1000\" height=\"667\"\/>         <\/p>\n<footer>REUTERS\/Marko Djurica<\/footer>\n<\/figure>\n<figure>         <img loading=\"lazy\" decoding=\"async\" alt=\"studenti, studentski protest\" src=\"https:\/\/boom93.rs\/image\/cache\/extra-large\/files\/images\/1739458626.9032\" width=\"1000\" height=\"667\"\/>         <\/p>\n<footer>REUTERS\/Marko Djurica<\/footer><figcaption>Mladenov\u010danin pokazuje davna\u0161nji studentski indeks<\/figcaption><\/figure>\n<figure>         <img loading=\"lazy\" decoding=\"async\" alt=\"studenti, studentski protest\" src=\"https:\/\/boom93.rs\/image\/cache\/extra-large\/files\/images\/1739458627.0417\" width=\"1000\" height=\"667\"\/>         <\/p>\n<footer>REUTERS\/Marko Djurica<\/footer><figcaption>Mladenov\u010dani pozdravljaju studente<\/figcaption><\/figure>\n<figure>         <img loading=\"lazy\" decoding=\"async\" alt=\"studenti, studentski protest\" src=\"https:\/\/boom93.rs\/image\/cache\/extra-large\/files\/images\/1739458627.1877\" width=\"1000\" height=\"667\"\/>         <\/p>\n<footer>REUTERS\/Marko Djurica<\/footer>\n<\/figure>\n<figure>         <img loading=\"lazy\" decoding=\"async\" alt=\"studenti, studentski protest\" src=\"https:\/\/boom93.rs\/image\/cache\/extra-large\/files\/images\/1739458627.3376\" width=\"1000\" height=\"667\"\/>         <\/p>\n<footer>REUTERS\/Stoyan Nenov<\/footer>\n<\/figure>\n<figure>         <img loading=\"lazy\" decoding=\"async\" alt=\"studenti, studentski protest\" src=\"https:\/\/boom93.rs\/image\/cache\/extra-large\/files\/images\/1739458627.4699\" width=\"1000\" height=\"667\"\/>         <\/p>\n<footer>REUTERS\/Marko Djurica<\/footer><figcaption>Odmor studenata posle napornog puta do Mladenovca<\/figcaption><\/figure>\n<figure>         <img loading=\"lazy\" decoding=\"async\" alt=\"studenti, studentski protest\" src=\"https:\/\/boom93.rs\/image\/cache\/extra-large\/files\/images\/1739458627.6192\" width=\"1000\" height=\"699\"\/>         <\/p>\n<footer>REUTERS\/Stoyan Nenov<\/footer><figcaption>Mnogi imaju \u017euljeve i rane po nogama<\/figcaption><\/figure>\n<p>Sa beogradskim i novosadskim studentima pe\u0161a\u010di i Nemanja Ajda\u010di\u0107, profesor violine u Muzi\u010dkoj \u0161koli \u201eStevan Mokranjac&#8221;.<\/p>\n<p>\u201eOvo bi trebalo, bar se nadam, da da snagu ljudima da se oslobode straha. <\/p>\n<p>\u201eSve \u0161to rade ovi mladi ljudi, njihova energija, motivacija, inteligencija budi nadu da ne\u0161to mo\u017ee da se desi i da kona\u010dno bude bolje svima nama&#8221;, ka\u017ee Ajda\u010di\u0107 za BBC na srpskom.<\/p>\n<p><em><strong>Pogledajte video: \u201eMeni studenti bude nadu&#8221;<\/strong><\/em><\/p>\n<p>Evropska komesarka za pro\u0161irenje Marta Kos ponovo je pozvala sve na dijalog.<\/p>\n<p>\u201eVa\u017eno je da se ustanove uslovi za inkluzivan dijalog koji uklju\u010duje sve zainteresovane strane, politi\u010dke aktere, institucije i \u010dlanove civilnog dru\u0161tva da se odgovori na zabrinutost i postigne konsenzus o reformama potrebnim za evropsku budu\u0107nost Srbije&#8221;, napisala je Kos na mre\u017ei Iks.<\/p>\n<p>Vlada Srbije, u tehni\u010dkom mandatu posle ostavke premijera Milo\u0161a Vu\u010devi\u0107a, poslala je pismo ambasadorima zemalja Evropske unije, tvrde\u0107i da je ispunila sve studentske zahteve.<\/p>\n<p>Ujedno su evropskim diplomatama poru\u010dili: \u201e\u0160irite dalje&#8221;, prenela je <a href=\"https:\/\/n1info.rs\/vesti\/vlada-srbije-poslala-ambasadama-i-clanicama-eu-tekst-u-kojem-tvrdi-da-je-ispunila-sve-studentske-zahteve-sirite-dalje\/\" target=\"_blank\" rel=\"noopener\">televizija N1<\/a>. <\/p>\n<p>Ove informacije nema na sajtu vlade.<\/p>\n<h2>Kako je izgledao po\u010detak protestnog pe\u0161a\u010denja od Beograda ka Kragujevcu?<\/h2>\n<figure>         <img loading=\"lazy\" decoding=\"async\" alt=\"studenti, studentski protest, studenti pe\u0161a\u010de do kragujevca\" src=\"https:\/\/boom93.rs\/image\/cache\/extra-large\/files\/images\/1739458627.7603\" width=\"1500\" height=\"1000\"\/>         <\/p>\n<footer>Fonet<\/footer><figcaption>Protestno pe\u0161a\u010denje studenata beogradskih i novosadskih fakulteta do 150 kilometara udaljenog Kragujevca<\/figcaption><\/figure>\n<p><em><strong>Nemanja Mitrovi\u0107, BBC novinar <\/strong><\/em><\/p>\n<p>Ispred Farmaceutskog fakulteta u Beogradu u utorak se okupila ve\u0107a grupa studenata.<\/p>\n<p>Na putu do Kragujevca ih prate kombiji sa hranom i drugim potrep\u0161tinama.<\/p>\n<p>U Beogradu je temperatura bila ispod nule, duvao je vetar, pa su se studenti grejali grle\u0107i jedni druge ili su se razgibavali pred dugo pe\u0161a\u010denje.<\/p>\n<p>\u201eVerujem da \u0107e se ovaj na\u0161 poduhvat isplatiti. Pe\u0161a\u010dila sam i do Novog Sada i znam \u0161ta nas \u010deka, mada \u0107e sada biti te\u017ee.<\/p>\n<p>\u201eNadam se da \u0107e se cela Srbija sjatiti u Kragujevcu&#8221;, ka\u017ee Dina Brebanovi\u0107, studentkinja fizike iz Beograda, BBC reporteru dok su prelazili prve kilometre pohoda.<\/p>\n<p>\u201eSpreman sam jer se ina\u010de bavim fizi\u010dkim aktivnostima, imam \u017eelju da podr\u017eim sve na\u0161e kolege da se izborimo do kraja u onome \u0161to smo naumili&#8221;, rekao je Uro\u0161 \u0110ur\u0111evi\u0107, student Beogradskog univerziteta.<\/p>\n<figure>         <img loading=\"lazy\" decoding=\"async\" alt=\"studenti, studentski protest, studenti pe\u0161a\u010de do kragujevca\" src=\"https:\/\/boom93.rs\/image\/cache\/extra-large\/files\/images\/1739458627.9501\" width=\"1024\" height=\"576\"\/>         <\/p>\n<footer>BBC\/Nemanja Mitrovi\u0107<\/footer>\n<\/figure>\n<figure>         <img loading=\"lazy\" decoding=\"async\" alt=\"studenti, studentski protest, pe\u0161a\u010denje do Kragujevca\" src=\"https:\/\/boom93.rs\/image\/cache\/extra-large\/files\/images\/1739458628.1068\" width=\"1024\" height=\"576\"\/>         <\/p>\n<footer>BBC\/Nemanja Mitrovi\u0107<\/footer><figcaption>Nemanja Ajda\u010di\u0107, profesor u muzi\u010dkoj \u0161koli u Beogradu, pridru\u017eio se studentima u protestnom pe\u0161a\u010denju do Kragujevca<\/figcaption><\/figure>\n<figure>         <img loading=\"lazy\" decoding=\"async\" alt=\"studenti, studentski protest\" src=\"https:\/\/boom93.rs\/image\/cache\/extra-large\/files\/images\/1739458628.2858\" width=\"1500\" height=\"1000\"\/>         <\/p>\n<footer>Fonet<\/footer><figcaption>Pratnja kolone studenata koji pe\u0161a\u010de do Kragujevca<\/figcaption><\/figure>\n<figure>         <img loading=\"lazy\" decoding=\"async\" alt=\"studenti, studentski protest, pe\u0161a\u010denje do Kragujevca\" src=\"https:\/\/boom93.rs\/image\/cache\/extra-large\/files\/images\/1739458628.4661\" width=\"1024\" height=\"768\"\/>         <\/p>\n<footer>BBC\/Nemanja Mitrovi\u0107<\/footer><figcaption>Za studente je pripremljena i velika koli\u010dina hrane <\/figcaption><\/figure>\n<h2>Uzbrdo, nizbrdo &#8211; od Farmaceutskog fakulteta do Avale<\/h2>\n<p>\u201ePolazimo ljudi za Kragujevac&#8221;, poru\u010duje redarka megafonom ispred Farmaceutskog fakulteta u Beogradu.<\/p>\n<p>Kolona studenata predvo\u0111ena redarima u \u017eutim i narand\u017eastim markerima, zaobilazi zaglavljene autobuse i automobile u ulici Vojvode Stepe dok savladava uzbrdicu.<\/p>\n<p>Prati ih zaglu\u0161uju\u0107i zvuk pi\u0161taljki, vuvuzela i sirena vozila, kao i aplauzi okupljenih pokraj puta i na terasama ku\u0107a.<\/p>\n<p>Kod zgrade mesne zajednice Kumodra\u017e voza\u010d stranac crvenog GSP kombija pru\u017ea ruku kroz prozor studentima koji radosno prilaze i rukuju se.<\/p>\n<p>Sa polaskom se kasnilo 50 minuta, pa je tempo ne\u0161to ja\u010di.<\/p>\n<p>Dvojica momaka nose bubanj oblepljen blokadnim nalepnicama u koji udaraju kutla\u010dama.<\/p>\n<p>Ispred mene je devojka \u010diji je ranac na\u010di\u010dkan bed\u017eevima \u201eStudenti ne \u0107ute, nemoj ni ti&#8221; i \u201e\u010cast je ma\u010d, a pravda \u0161tit&#8221;, a pored nje momak sa \u0161tapovima za hodanje.<\/p>\n<p>\u010cuje se odjek koraka po asfaltu, ali i pesma beogradskih repera Bigrua i Paje Kratkog.<\/p>\n<p>\u201eSlu\u0161amo njih, ali i sva\u0161ta drugo&#8221;, ka\u017ee Gavrilo \u0110or\u0111evi\u0107 dok mu iz ranca viri trobojka.<\/p>\n<p>Njegov kolega Marko \u0160epa oko ruke ima plavi povez.<\/p>\n<p>\u201eTo nam je znak raspoznavanja po fakultetima, da mo\u017eemo lak\u0161e da uzmemo stvari posle&#8221;, ka\u017ee on, misle\u0107i na kombije i automobile koji \u0107e ih pratiti na ovom 130 kilometara dugom putu.<\/p>\n<p>Tre\u0107i \u010dlan njihove ekipe, kolega sa Tehni\u010dkih fakulteta, Jovan Panteli\u0107 sa skija\u0161kim nao\u010darama i bed\u017eevima na kapi, ka\u017ee da su spremni i za spavanje na livadi.<\/p>\n<figure>         <img loading=\"lazy\" decoding=\"async\" alt=\"Gavrilo \u0110or\u0111evi\u0107 (levo), Jovan Panteli\u0107 (sredina) i Marko \u0160epa (desno) sa Tehni\u010dkih fakulteta\" src=\"https:\/\/boom93.rs\/image\/cache\/extra-large\/files\/images\/1739458628.614\" width=\"1024\" height=\"576\"\/>         <\/p>\n<footer>BBC\/Nemanja Mitrovi\u0107<\/footer><figcaption>Gavrilo \u0110or\u0111evi\u0107 (levo), Jovan Panteli\u0107 (sredina) i Marko \u0160epa (desno) sa Tehni\u010dkih fakulteta<\/figcaption><\/figure>\n<p>Sunce je obasjalo put, no pirka hladan vetri\u0107, a avalski toranj i beogradska planina sve su bli\u017ei.<\/p>\n<p>U podno\u017eju, iz dvori\u0161ta izlazi \u017eena sa punom gajbom jabuka.<\/p>\n<p>\u201eUzmite deco&#8221;, govori ona, dok joj se studenti zahvaljuju re\u010dima \u201edivni ste&#8221;.<\/p>\n<p>Kolona usporava i kona\u010dno staje, tik kod skretanja ka vrhu Avale.<\/p>\n<p>Ta\u010dno je 11.52 i \u017eamor smenjuje sablasna ti\u0161ina. Remeti je zujanje drona i zvuk traktora, desetak metara dalje.<\/p>\n<p>\u201eSlava im&#8221;, reko\u0161e uglas i posle 15 minuta \u0107utnje za stradale u novosadskoj tragediji, grupa od 400-500 studenata nastavlja dalje.<\/p>\n<p>Na za\u010delju kolone su dva zaostala redara koji poma\u017eu jednoj baki sa \u0161takom.<\/p>\n<p>\u201eDokle idete?&#8221;, pita ona.<\/p>\n<p>\u201eDo Kragujevca&#8221;, usledio je odgovor.<\/p>\n<figure>         <img loading=\"lazy\" decoding=\"async\" alt=\"Studenti na putu ka Kragujevcu, kod Avale\" src=\"https:\/\/boom93.rs\/image\/cache\/extra-large\/files\/images\/1739458628.7597\" width=\"1024\" height=\"576\"\/>         <\/p>\n<footer>BBC\/Nemanja Mitrovi\u0107<\/footer><figcaption>Studenti na putu ka Kragujevcu, kod Avale<\/figcaption><\/figure>\n<p><em><strong>Pogledajte video: Beogradski studenti dva dana pe\u0161a\u010dili do Novog Sada<\/strong><\/em><\/p>\n<h2>\u201ePopravljamo bag&#8221;: IT stru\u010dnjaci na ulici sa studentima u Beogradu i Novom Sadu<\/h2>\n<figure>         <img loading=\"lazy\" decoding=\"async\" alt=\"IT stru\u010dnjaci i studenti, 12. februar 2025.\" src=\"https:\/\/boom93.rs\/image\/cache\/extra-large\/files\/images\/1739458628.9148\" width=\"1500\" height=\"1000\"\/>         <\/p>\n<footer>FONET<\/footer>\n<\/figure>\n<p>Na ulice su u sredu, 12. februara iza\u0161li i IT stru\u010dnjaci koji su se sa studentima tehni\u010dkih fakulteta sastali ispred Palate Srbija u Beogradu.<\/p>\n<p>Tamo su odr\u017eali akciju 15 minuta ti\u0161ine za stradale u padu nadstre\u0161nice na \u017eelezni\u010dkoj stanici u Novom Sadu.<\/p>\n<p>\u201eMi, koji svakodnevno razvijamo tehnologije budu\u0107nosti, ne mo\u017eemo da ostanemo nemi pred nepravdom koja gu\u0161i potencijal ove zemlje.<\/p>\n<p>\u201eOvo nije samo protest, ovo je poruka da ne\u0107emo stati dok se ne se izborimo za sistem koji vrednuje znanje, trud i pravdu&#8221;, poru\u010dio je jedan od govornika iz IT sektora na skupu ispred Palate Srbija.<\/p>\n<p>Pod parolom \u201epopravljamo bag (gre\u0161ku)&#8221;, programeri su na mesto susreta do\u0161li \u0161etaju\u0107i Novim Beogradom.<\/p>\n<p>Oko 15.000 IT stru\u010dnjaka podr\u017eava studente i najavljuju pomo\u0107 za protest \u201eSretnimo na Sretenje&#8221;, planiran u subotu, 15. februara u Kragujevcu, preneo je N1.<\/p>\n<p>Programeri su protestovali i u Novom Sadu, a u \u0161etnji, na kojoj su nosili transparent \u201eIT blokada Novi Sad&#8221;, pridru\u017eili su im se prosvetari, studenti i gra\u0111ani.<\/p>\n<h2>&#8216;Putuju\u0107e pozori\u0161te&#8217;: I glumci u protestnoj \u0161etnji<\/h2>\n<figure>         <img loading=\"lazy\" decoding=\"async\" alt=\"studenti, glumci, protest\" src=\"https:\/\/boom93.rs\/image\/cache\/extra-large\/files\/images\/1739458629.0728\" width=\"1500\" height=\"844\"\/>         <\/p>\n<footer>Fonet<\/footer>\n<\/figure>\n<p>U Beogradu su 11. februara protestovali i glumci beogradskih pozori\u0161ta, podr\u017eavaju\u0107i studentske zahteve.<\/p>\n<p>Glumci <a href=\"https:\/\/vreme.com\/kultura\/glumci-protestna-setnja-od-pozorista-do-pozorista\/\" target=\"_blank\" rel=\"noopener\">vi\u0161e pozori\u0161ta <\/a>u Srbiji po\u010deli su 10. februara sedmodnevni \u0161trajk.<\/p>\n<p>Zajedno sa studentima, srednjo\u0161kolcima, prosvetnim radnicima i demonstrantima glumci su i\u0161li u protestnu \u0161etnju, obilaze\u0107i pozori\u0161ta u Beogradu.<\/p>\n<figure>         <img loading=\"lazy\" decoding=\"async\" alt=\"glumci, protest glumaca\" src=\"https:\/\/boom93.rs\/image\/cache\/extra-large\/files\/images\/1739458629.2427\" width=\"2016\" height=\"1512\"\/>         <\/p>\n<footer>BBC\/Dejana Vukadinovi\u0107<\/footer><figcaption>Gluma\u010dki ansambl Beogradskog dramskog pozori\u0161ta (BDP)<\/figcaption><\/figure>\n<figure>         <img loading=\"lazy\" decoding=\"async\" alt=\"glumci, protest glumaca\" src=\"https:\/\/boom93.rs\/image\/cache\/extra-large\/files\/images\/1739458629.5369\" width=\"4032\" height=\"3024\"\/>         <\/p>\n<footer>BBC\/Dejana Vukadinovi\u0107<\/footer><figcaption>Jo\u0161 jedan transparent glumaca BDP-a<\/figcaption><\/figure>\n<h2>Do\u010dek novosadskih studenata trka\u010da u Beogradu<\/h2>\n<p>Iz Novog Sada je u 10. februara u Beograd stigla grupa studenata koja je ceo dan tr\u010dala, a na do\u010deku im je ispred Filozofskog fakulteta postavljen crveni tepih.<\/p>\n<p>\u201eMaratonce&#8221;, studente 14 novosadskih fakulteta na Brankovom mostu u Beogradu sa\u010dekao je vatromet dobrodo\u0161lice.<\/p>\n<p>Presekli su crvenu traku dr\u017ee\u0107i indekse u rukama, a kao \u0161tafetu su simboli\u010dno nosili Ustav Srbije.<\/p>\n<p>Dan ranije, petoro studenata kragujeva\u010dkog Fakulteta medicinskih nauka je posle celodnevnog maratona stiglo u Beograd da bi tako pozvali kolege na protest u ovom gradu..<\/p>\n<p>\u201eBr\u017ee smo stili nego \u0161to smo o\u010dekivali, ponela nas je energija.<\/p>\n<p>\u201eLjudi su nas motivisali, tr\u010dali su sa nama, imali smo neverovatnu podr\u0161ku&#8221;, rekao je Jovan Mi\u0161elji\u0107, studenat medicine, za BBC na srpskom.<\/p>\n<p><a href=\"https:\/\/x.com\/bbcnasrpskom\/status\/1888701038934581484\" target=\"_blank\">Pogledajte OVDE<\/a> kako je izgledao do\u010dek kragujeva\u010dkih studenata u Beogradu.<\/p>\n<figure>         <img loading=\"lazy\" decoding=\"async\" alt=\"Studente &quot;maratonce&quot; na putu od Novog Sada do Kragujevca u Beogradu je do\u010dekao crveni tepih\" src=\"https:\/\/boom93.rs\/image\/cache\/extra-large\/files\/images\/1739458630.0678\" width=\"1500\" height=\"1000\"\/>         <\/p>\n<footer>Fonet<\/footer><figcaption>Student predaje &#8220;\u0161tafetu&#8221; &#8211; Ustav Srbije na kraju trke od Novog Sada do Beograda<\/figcaption><\/figure>\n<figure>         <img loading=\"lazy\" decoding=\"async\" alt=\"Studenti tr\u010de \" src=\"https:\/\/boom93.rs\/image\/cache\/extra-large\/files\/images\/1739458630.2756\" width=\"800\" height=\"450\"\/>         <\/p>\n<footer>BBC\/SVETLANA PARAMENTI\u0106<\/footer><figcaption>Grupa novosadskih studenata koja je tr\u010dala do Beograda <\/figcaption><\/figure>\n<figure>         <img loading=\"lazy\" decoding=\"async\" alt=\"studenti trka\u010di novi sad\" src=\"https:\/\/boom93.rs\/image\/cache\/extra-large\/files\/images\/1739458630.4318\" width=\"1500\" height=\"1000\"\/>         <\/p>\n<footer>Fonet<\/footer><figcaption>Medalje za studente trka\u010de iz Novog Sada<\/figcaption><\/figure>\n<figure>         <img loading=\"lazy\" decoding=\"async\" alt=\"Poljubac na kraju trke\" src=\"https:\/\/boom93.rs\/image\/cache\/extra-large\/files\/images\/1739458630.6284\" width=\"1500\" height=\"1000\"\/>         <\/p>\n<footer>Fonet<\/footer><figcaption>Do\u010dek novosadskih studenata trka\u010da u Beogradu<\/figcaption><\/figure>\n<figure>         <img loading=\"lazy\" decoding=\"async\" alt=\"studenti trka\u010di novi sad\" src=\"https:\/\/boom93.rs\/image\/cache\/extra-large\/files\/images\/1739458630.8351\" width=\"1500\" height=\"1000\"\/>         <\/p>\n<footer>Fonet<\/footer>\n<\/figure>\n<p>Pratite nas na <a href=\"https:\/\/www.facebook.com\/BBCNewsnasrpskom\" target=\"_blank\" rel=\"noopener\">Fejsbuku<\/a>, <a href=\"https:\/\/x.com\/bbcnasrpskom\" target=\"_blank\">Tviteru<\/a>, <a href=\"https:\/\/www.instagram.com\/accounts\/login\/?next=https%3A%2F%2Fwww.instagram.com%2Fbbcnewsnasrpskom%2F&amp;is_from_rle\" target=\"_blank\" rel=\"noopener\">Instagramu,<\/a> <a href=\"https:\/\/www.youtube.com\/@bbcnewsnasrpskom\" target=\"_blank\" rel=\"noopener\">Jutjubu <\/a>i <a href=\"https:\/\/invite.viber.com\/?g2=AQBkI0TIwObQ%2F05%2FHQsq%2FNA%2BAuEYxNlidvvazJnHYqbAGJhHDn0L%2BccoktcFf57s&amp;lang=en\" target=\"_blank\" rel=\"noopener\">Vajberu<\/a>. <\/p>\n<p>Ako imate predlog teme za nas, javite se na <a href=\"https:\/\/boom93.rs\/cdn-cgi\/l\/email-protection\" class=\"__cf_email__\" data-cfemail=\"264444454847555456554d494b6644444508454908534d\" target=\"_blank\" rel=\"noopener\">[email\u00a0protected]<\/a><\/p>\n<p><noscript><img decoding=\"async\" src=\"https:\/\/a1.api.bbc.co.uk\/hit.xiti\/?s=598346&amp;p=serbian.articles.cednjveldx5o.lat.page&amp;x1=%5Burn%3Abbc%3Aoptimo%3Aasset%3Acednjveldx5o%5D&amp;x4=%5Bsr-latn%5D&amp;x5=%5Bhttps%3A%2F%2Fwww.bbc.com%2Fserbian%2Farticles%2Fcednjveldx5o%2Flat%5D&amp;x7=%5Barticle%5D&amp;x8=%5Bsynd_nojs_ISAPI%5D&amp;x9=%5BStudentski+pohod+ka+Kragujevcu%3A+Tre%C4%87i+dan+pe%C5%A1a%C4%8Denja+iz+Beograda+i+Ni%C5%A1a+%5D&amp;x11=%5B2025-02-10T12%3A48%3A05.903Z%5D&amp;x12=%5B2025-02-13T13%3A40%3A06.097Z%5D&amp;x19=%5Bboom93.com%5D\"\/><\/noscript>\n                        <\/div>\n<p><script async defer src=\"https:\/\/platform.instagram.com\/en_US\/embeds.js\"><\/script><br \/>\n<br \/><a href=\"https:\/\/boom93.rs\/article\/28542\/studentski-pohod-ka-kragujevcu-treci-dan-pesacenja-iz-beograda-i-nisa\" target=\"_blank\" rel=\"noopener\">Source link <\/a><br \/>\n\n Tre\u0107i dan pe\u0161a\u010denja iz Beograda i Ni\u0161a<\/p>\n","protected":false},"excerpt":{"rendered":"<p>Studenti novosadskih i beogradskih fakulteta nastavili su protesteno pe\u0161a\u010denje ka Kragujevcu iz Beograda, a iz Ni\u0161a njihove kolege. Na putu&hellip;<\/p>\n","protected":false},"author":1,"featured_media":2264,"comment_status":"open","ping_status":"open","sticky":false,"template":"","format":"standard","meta":{"footnotes":""},"categories":[1],"tags":[],"class_list":["post-2263","post","type-post","status-publish","format-standard","has-post-thumbnail","hentry","category-oglasi-gadzin-han"],"_links":{"self":[{"href":"https:\/\/oglasi.infooglasi.rs\/oglasi\/oglasigadzinhan\/wp-json\/wp\/v2\/posts\/2263","targetHints":{"allow":["GET"]}}],"collection":[{"href":"https:\/\/oglasi.infooglasi.rs\/oglasi\/oglasigadzinhan\/wp-json\/wp\/v2\/posts"}],"about":[{"href":"https:\/\/oglasi.infooglasi.rs\/oglasi\/oglasigadzinhan\/wp-json\/wp\/v2\/types\/post"}],"author":[{"embeddable":true,"href":"https:\/\/oglasi.infooglasi.rs\/oglasi\/oglasigadzinhan\/wp-json\/wp\/v2\/users\/1"}],"replies":[{"embeddable":true,"href":"https:\/\/oglasi.infooglasi.rs\/oglasi\/oglasigadzinhan\/wp-json\/wp\/v2\/comments?post=2263"}],"version-history":[{"count":0,"href":"https:\/\/oglasi.infooglasi.rs\/oglasi\/oglasigadzinhan\/wp-json\/wp\/v2\/posts\/2263\/revisions"}],"wp:featuredmedia":[{"embeddable":true,"href":"https:\/\/oglasi.infooglasi.rs\/oglasi\/oglasigadzinhan\/wp-json\/wp\/v2\/media\/2264"}],"wp:attachment":[{"href":"https:\/\/oglasi.infooglasi.rs\/oglasi\/oglasigadzinhan\/wp-json\/wp\/v2\/media?parent=2263"}],"wp:term":[{"taxonomy":"category","embeddable":true,"href":"https:\/\/oglasi.infooglasi.rs\/oglasi\/oglasigadzinhan\/wp-json\/wp\/v2\/categories?post=2263"},{"taxonomy":"post_tag","embeddable":true,"href":"https:\/\/oglasi.infooglasi.rs\/oglasi\/oglasigadzinhan\/wp-json\/wp\/v2\/tags?post=2263"}],"curies":[{"name":"wp","href":"https:\/\/api.w.org\/{rel}","templated":true}]}}