{"id":2265,"date":"2025-02-15T23:02:47","date_gmt":"2025-02-15T22:02:47","guid":{"rendered":"https:\/\/oglasi.infooglasi.rs\/oglasi\/oglasigadzinhan\/srecemo-se-na-sretenje-deklaracija-o-vojvodini-usvojena-aklamacijom-pobedila-je-srbija-propala-im-je-obojena-revolucija-tv-zona-plus-oglasi-gadzin-han\/"},"modified":"2025-02-15T23:02:47","modified_gmt":"2025-02-15T22:02:47","slug":"srecemo-se-na-sretenje-deklaracija-o-vojvodini-usvojena-aklamacijom-pobedila-je-srbija-propala-im-je-obojena-revolucija-tv-zona-plus-oglasi-gadzin-han","status":"publish","type":"post","link":"https:\/\/oglasi.infooglasi.rs\/oglasi\/oglasigadzinhan\/srecemo-se-na-sretenje-deklaracija-o-vojvodini-usvojena-aklamacijom-pobedila-je-srbija-propala-im-je-obojena-revolucija-tv-zona-plus-oglasi-gadzin-han\/","title":{"rendered":"&#8220;Sre\u0107emo se na Sretenje&#8221;: Deklaracija o Vojvodini usvojena aklamacijom, &#8220;Pobedila je Srbija, propala im je obojena revolucija&#8221; &#8211; TV ZONA PLUS &#8211; OGLASI GAD\u017dIN HAN"},"content":{"rendered":"<p><\/p>\n<div itemprop=\"articleBody\">\n<!-- ARTICAL CONTENT --><\/p>\n<p><img loading=\"lazy\" decoding=\"async\" class=\"size-medium wp-image-266931 alignleft\" src=\"http:\/\/tvzonaplus.rs\/wp-content\/uploads\/2025\/02\/recemo-se-na-Sretenje-2-300x169.jpg\" alt=\"\" width=\"300\" height=\"169\" srcset=\"https:\/\/tvzonaplus.rs\/wp-content\/uploads\/2025\/02\/recemo-se-na-Sretenje-2-300x169.jpg 300w, https:\/\/tvzonaplus.rs\/wp-content\/uploads\/2025\/02\/recemo-se-na-Sretenje-2-1024x576.jpg 1024w, https:\/\/tvzonaplus.rs\/wp-content\/uploads\/2025\/02\/recemo-se-na-Sretenje-2-768x432.jpg 768w, https:\/\/tvzonaplus.rs\/wp-content\/uploads\/2025\/02\/recemo-se-na-Sretenje-2-1536x864.jpg 1536w, https:\/\/tvzonaplus.rs\/wp-content\/uploads\/2025\/02\/recemo-se-na-Sretenje-2-400x225.jpg 400w, https:\/\/tvzonaplus.rs\/wp-content\/uploads\/2025\/02\/recemo-se-na-Sretenje-2.jpg 1920w\" sizes=\"auto, (max-width: 300px) 100vw, 300px\"\/>Povodom obele\u017eavanja Dana dr\u017eavnosti Srbije, u Sremskoj Mitrovici odr\u017ean je veliki skup pod nazivom \u201cSre\u0107emo se na Sretenje\u201d.<\/p>\n<p>Zastra\u0161uju\u0107i je napad na na\u0161u zemlju, ogromnim sredstvima, ali propala im je obojena revolucija, pobedila je Srbija, rekao je predsednik Srbije i ponovio poziv studentima na dijalog.<\/p>\n<p>Pozivam jo\u0161 jednom studente da razmisle o svojoj budu\u0107nosti, moje poverenje u njih je mnogo ve\u0107e nego u one koji su ih na ovo naterali, proglasite pobedu, dobili ste sve zahteve ispunjene, vratite se u klupe, ovoj zemlji je potrebno znanje, rekao je Vu\u010di\u0107.<\/p>\n<p>Na skupu u Sremskoj Mitrovici, na poziv predsednika Vu\u010di\u0107a, usvojena deklaracija o Vojvodini.<\/p>\n<h4>Vu\u010di\u0107: Srbija ugro\u017eena spolja, a poma\u017eu mnogi izutra i manipuli\u0161u decom<\/h4>\n<div id=\"attachment_266936\" style=\"width: 310px\" class=\"wp-caption alignleft\"><img loading=\"lazy\" decoding=\"async\" aria-describedby=\"caption-attachment-266936\" class=\"size-medium wp-image-266936\" src=\"http:\/\/tvzonaplus.rs\/wp-content\/uploads\/2025\/02\/Aleksandar-Vucic-Srecemo-se-na-Sretenje-1-300x200.jpg\" alt=\"\" width=\"300\" height=\"200\" srcset=\"https:\/\/tvzonaplus.rs\/wp-content\/uploads\/2025\/02\/Aleksandar-Vucic-Srecemo-se-na-Sretenje-1-300x200.jpg 300w, https:\/\/tvzonaplus.rs\/wp-content\/uploads\/2025\/02\/Aleksandar-Vucic-Srecemo-se-na-Sretenje-1-1024x683.jpg 1024w, https:\/\/tvzonaplus.rs\/wp-content\/uploads\/2025\/02\/Aleksandar-Vucic-Srecemo-se-na-Sretenje-1-768x512.jpg 768w, https:\/\/tvzonaplus.rs\/wp-content\/uploads\/2025\/02\/Aleksandar-Vucic-Srecemo-se-na-Sretenje-1-1536x1024.jpg 1536w, https:\/\/tvzonaplus.rs\/wp-content\/uploads\/2025\/02\/Aleksandar-Vucic-Srecemo-se-na-Sretenje-1-2048x1365.jpg 2048w, https:\/\/tvzonaplus.rs\/wp-content\/uploads\/2025\/02\/Aleksandar-Vucic-Srecemo-se-na-Sretenje-1-360x240.jpg 360w, https:\/\/tvzonaplus.rs\/wp-content\/uploads\/2025\/02\/Aleksandar-Vucic-Srecemo-se-na-Sretenje-1-210x140.jpg 210w, https:\/\/tvzonaplus.rs\/wp-content\/uploads\/2025\/02\/Aleksandar-Vucic-Srecemo-se-na-Sretenje-1-400x267.jpg 400w\" sizes=\"auto, (max-width: 300px) 100vw, 300px\"\/><\/p>\n<p id=\"caption-attachment-266936\" class=\"wp-caption-text\">Sremska Mitrovica, 15. februara 2025 -P FOTO TANJUG\/ SAVA RADOVANOVI\u00c6\/bs<\/p>\n<\/div>\n<p>Predsednik Aleksandar Vu\u010di\u0107 poru\u010dio je danas na skupu povodom obele\u017eavanja Dana dr\u017eavnosti da se nepregledna reka ljudi okupila <a href=\"https:\/\/tvzonaplus.rs\/vucic-stigao-u-sremsku-mitrovicu-ocekujem-120-000-ljudi-srbija-usvaja-deklaraciju-o-vojvodini\/\" target=\"_blank\" rel=\"noopener\">u Sremskoj Mitrovici<\/a> ne da bi branili bilo \u010diju vlast ve\u0107 zato \u0161to je Srbija ugro\u017eena spolja, a da im u tome poma\u017eu i mnogi iznutra koji bi da manipuli\u0161u decom u politi\u010dke svrhe.<\/p>\n<p>On je zahvalio ljudima koji su do\u0161li \u0161to su uz svoju Srbiju, kao i \u0161to su zabrinuti za svoju zemlju, a nisu upla\u0161eni, jer dobro znaju \u0161ta \u0161tite, \u0161ta \u010duvaju i \u0161ta moramo da branimo.<\/p>\n<p>\u201cNismo se mi ovde skupili da \u010duvamo vlast bilo \u010diju. Nismo se mi ovde skupili da \u010duvamo ne\u010diju fotelju. Nismo do\u0161li ni da govorimo o tome koliko ne \u017eele izbore, referendume ili bilo \u0161ta gde se narod pita. Do\u0161li smo zato \u0161to znamo da nam je Srbija ugro\u017eena. Do\u0161li smo i okupili smo se zato \u0161to znamo da je spolja napadnuta, a da je poma\u017eu i mnogi iznutra koji bi da manipuli\u0161u na\u0161om decom, da ih zloupotrebljavaju u najpokvarenije politi\u010dke svrhe i osvoje ne\u0161to \u0161to im narod na izborima nije dao\u201d, rekao je Vu\u010di\u0107.<\/p>\n<p>Naglasio je da nije onima spolja koji su sve organizovali protiv Srbije cilj da sru\u0161e Vu\u010di\u0107a i dovedu nekog drugog, ve\u0107 da im je cilj da sru\u0161e Srbiju.<\/p>\n<p>\u201cZato \u0161to oni ho\u0107e da Srbija ne bude ekonomski napredna. Oni ho\u0107e da Srbija bude slaba u regionu. Oni ho\u0107e da Srbija ne mo\u017ee i ne sme da pomogne Republici Srpskoj. Oni ho\u0107e Srbiju koja \u0107e da kle\u010di i izvinjava se i za zlo\u010dine koje su nad njenim narodom po\u010dinili.<\/p>\n<p>Nemojte, ljudi, da vas podse\u0107am da smo do pre 12 godina izvinjavali se Hrvatima za Oluju. Kao da smo mi proterali 250.000 Hrvata, a ne obrnuto. Mi smo do pre 12 godina izvinjavali se Albancima \u0161to poku\u0161avaju da otmu deo na\u0161e teritorije i deo na\u0161e zemlje. Te stvari ste vi svojom voljom, dragi narode, promenili. Vi ste rekli da Srbija mo\u017ee i mora druga\u010dije da se pona\u0161a. Da Srbija mora druga\u010dije da se upravlja\u201d, rekao je Vu\u010di\u0107.<\/p>\n<p>Naglasio je da je pre 12 godina prose\u010dna plata u Srbiji bila 330 evra, dok je danas prose\u010dna plata u Srbiji 930 evra.<\/p>\n<div id=\"attachment_266937\" style=\"width: 310px\" class=\"wp-caption alignright\"><img loading=\"lazy\" decoding=\"async\" aria-describedby=\"caption-attachment-266937\" class=\"size-medium wp-image-266937\" src=\"http:\/\/tvzonaplus.rs\/wp-content\/uploads\/2025\/02\/Srecemo-se-na-Sretenje-2-300x169.jpg\" alt=\"\" width=\"300\" height=\"169\" srcset=\"https:\/\/tvzonaplus.rs\/wp-content\/uploads\/2025\/02\/Srecemo-se-na-Sretenje-2-300x169.jpg 300w, https:\/\/tvzonaplus.rs\/wp-content\/uploads\/2025\/02\/Srecemo-se-na-Sretenje-2-1024x576.jpg 1024w, https:\/\/tvzonaplus.rs\/wp-content\/uploads\/2025\/02\/Srecemo-se-na-Sretenje-2-768x432.jpg 768w, https:\/\/tvzonaplus.rs\/wp-content\/uploads\/2025\/02\/Srecemo-se-na-Sretenje-2-1536x864.jpg 1536w, https:\/\/tvzonaplus.rs\/wp-content\/uploads\/2025\/02\/Srecemo-se-na-Sretenje-2-400x225.jpg 400w, https:\/\/tvzonaplus.rs\/wp-content\/uploads\/2025\/02\/Srecemo-se-na-Sretenje-2.jpg 1920w\" sizes=\"auto, (max-width: 300px) 100vw, 300px\"\/><\/p>\n<p id=\"caption-attachment-266937\" class=\"wp-caption-text\">Sremska Mitrovica, 15. februara 2025 \u2013 FOTO TANJUG\/ TANJUG VIDEO\/bs<\/p>\n<\/div>\n<p>\u201cTri puta vi\u0161e nego \u0161to je bilo tada. Danas imamo 1.800.000 zaposlenih. Danas formalno imamo 2.350.000 zaposlenih, iako nas je manje. Zbog toga \u0161to dece imamo sve manje, pre svega. Vi\u0161e od pola miliona ljudi danas ima posao vi\u0161e u odnosu na to \u0161to smo imali pre samo 12 godina. Srbija se promenila. Izgradili smo puteve, pruge, nau\u010dno-tehnolo\u0161ke parkove. Uradili smo mnogo toga u me\u0111uvremenu. A onda je do\u0161lo vreme za njihov poku\u0161aj da Srbiju sru\u0161e\u201d, rekao je Vu\u010di\u0107.<\/p>\n<p>Dodao je da se pitao koja je argumentacija, odakle toliki gnev, bes kod nekih ljudi.<\/p>\n<p>\u201cA onda sam \u010ditaju\u0107i ud\u017ebenike o obojenim revolucijama kako se proizvode u svetu, dobro razumeo, ne treba mi da krivimo te koji danas i sa mnogo gneva, mnogo besa i mnogo mr\u017enje govore o nama, posebno o meni. Na\u0161 je posao da svim tim ljudima pru\u017eimo ruku. Da poku\u0161amo da razgovaramo sa njima. Da poku\u0161amo da ukrstimo argumente. I koliko god da odbijaju da ih \u010duju, koliko god ne budu \u017eeleli ili ne \u017eele da razgovaraju sa nama, da mi i dalje tra\u017eimo da razgovaramo sa njima. Da im taj dijalog i razgovor nudimo uvek\u201d, poru\u010dio je Vu\u010di\u0107.<\/p>\n<p>Ne zato \u0161to smo slabi i ne zato \u0161to smo mi manjinska Srbija jer je jasno koja je ve\u0107inska, a koja je manjinska Srbija, ve\u0107 zato \u0161to smo deo istog naroda i iste zemlje, istakao je Vu\u010di\u0107.<\/p>\n<p>Dodao je da moramo da \u017eivimo zajedno i da \u0107emo \u017eiveti uvek zajedno.<\/p>\n<p>\u201cI ja sam siguran da i oni vole Srbiju onoliko koliko i mi volimo. Ne vole Srbiju oni koji su to organizovali. Ne vole Srbiju oni koji su ulo\u017eili tri milijarde u ru\u0161enje Srbije. Ne vole oni Srbiju, oni \u017eele da Srbija bude mala. Ne samo po svojoj teritoriji, po svojoj veli\u010dini. Oni \u017eele da Srbija bude ekonomski slaba. Oni \u017eele da Srbiju mogu da gaze onako kako su gazili od 2000. do 2012. I da bude ekonomski neuspe\u0161na kao \u0161to je bilo i pre tog perioda. E to je ono \u0161to je danas na ispitu\u201d, istakao je Vu\u010di\u0107.<\/p>\n<h2>Vu\u010di\u0107: Tri razloga za obojenu revoluciju, ho\u0107e Srbiju da uni\u0161te, da bude slaba<\/h2>\n<p><img loading=\"lazy\" decoding=\"async\" class=\"size-medium wp-image-266933 alignleft\" src=\"http:\/\/tvzonaplus.rs\/wp-content\/uploads\/2025\/02\/recemo-se-na-Sretenje-4-300x169.jpg\" alt=\"\" width=\"300\" height=\"169\" srcset=\"https:\/\/tvzonaplus.rs\/wp-content\/uploads\/2025\/02\/recemo-se-na-Sretenje-4-300x169.jpg 300w, https:\/\/tvzonaplus.rs\/wp-content\/uploads\/2025\/02\/recemo-se-na-Sretenje-4-1024x576.jpg 1024w, https:\/\/tvzonaplus.rs\/wp-content\/uploads\/2025\/02\/recemo-se-na-Sretenje-4-768x432.jpg 768w, https:\/\/tvzonaplus.rs\/wp-content\/uploads\/2025\/02\/recemo-se-na-Sretenje-4-1536x864.jpg 1536w, https:\/\/tvzonaplus.rs\/wp-content\/uploads\/2025\/02\/recemo-se-na-Sretenje-4-400x225.jpg 400w, https:\/\/tvzonaplus.rs\/wp-content\/uploads\/2025\/02\/recemo-se-na-Sretenje-4.jpg 1920w\" sizes=\"auto, (max-width: 300px) 100vw, 300px\"\/>Vu\u010di\u0107 je rekao da su tri razloga za poku\u0161aj obojene revolucije kojom \u017eele spolja da uni\u0161te Srbiju kako bi bila nemo\u0107na, slabija od svih, a to su AP Kosovo i Metohija, Vojvodina i smanjivanje ekonomske snage zemlje.<\/p>\n<p>Vu\u010di\u0107 je obra\u0107aju\u0107i se na skupu u Sremskoj Mitrovici \u201cSre\u0107emo se na Sretenje\u201d, koji se odr\u017eava povodom Dana dr\u017eavnosti poru\u010dio da je pred nama ispit zrelosti na kojem \u0107e se videti da li smo kao dr\u017eava dovoljno svesni da moramo da sa\u010duvamo svoju \u0161ansu za budu\u0107nost ili ne i da li dovoljno dobro razumemo kojim putem Srbija mora da ide.<\/p>\n<p>Kada je re\u010d o prvom razlogu za obojenu revoluciju \u2013 AP Kosovo i Metohija, Vu\u010di\u0107 je naglasio da Srbija nije pristala na kapitulaciju.<\/p>\n<p>\u201cSrbija Kosovo i Metohiju do\u017eivljava kao deo svoje teritorije, kao deo Srbije i tako \u0107e uvek biti\u201d, istakao je Vu\u010di\u0107 zahvaliv\u0161i se predstavnicima Srpske liste i ljudima sa AP KiM koji su danas u Sremskoj Mitrovici.<\/p>\n<p>Kada je re\u010d o poku\u0161ajima da se smanji ekonomska snaga Srbije, kako je rekao Vu\u010di\u0107, \u017eele da vrate poslu\u0161nike na vlast kojima \u0107e govoriti \u0161ta da rade i \u0161ta da \u010dine.<\/p>\n<p>Podsetio je da se do pre 12 ili 15 godina u Beogradu sednica vlade odr\u017eavala kada bi u ameri\u010dkoj ambasadi odobrili dnevni red.<\/p>\n<p>Naglasio je da danas ne smeju ni iz jedne ambasade, ni iz jedne zemlje na svetu, ne smeju ni da pomisle da pitaju za dnevni red u bilo kojoj instituciji u Srbiji.<\/p>\n<p>\u201cCilj je da Srbija bude nemo\u0107na, da Srbija bude slabija od svih. Uvek su ja\u010dali sve oko nas i tra\u017eili da Srbija bude slabija. I nemojte da pomislite da je bez razloga ovo re\u010deno i za\u0161to je va\u017ena narodna Deklaracija o Vojvodini. To je tre\u0107i razlog za poku\u0161aj obojene revolucije\u201d, naglasio je Vu\u010di\u0107.<\/p>\n<p>U tom smislu podsetio je na razdru\u017eivanje SR Jugoslavije i dodao da su tada\u0161nji predstavnici vlasti u Srbiji znali da \u0107e ta zemlja biti uni\u0161tena, odnosno da \u0107e Crna Gora oti\u0107i iz te dr\u017eave.<\/p>\n<div id=\"attachment_266938\" style=\"width: 310px\" class=\"wp-caption alignright\"><img loading=\"lazy\" decoding=\"async\" aria-describedby=\"caption-attachment-266938\" class=\"size-medium wp-image-266938\" src=\"http:\/\/tvzonaplus.rs\/wp-content\/uploads\/2025\/02\/Srecemo-se-na-Sretenje-3-300x169.jpg\" alt=\"\" width=\"300\" height=\"169\" srcset=\"https:\/\/tvzonaplus.rs\/wp-content\/uploads\/2025\/02\/Srecemo-se-na-Sretenje-3-300x169.jpg 300w, https:\/\/tvzonaplus.rs\/wp-content\/uploads\/2025\/02\/Srecemo-se-na-Sretenje-3-1024x576.jpg 1024w, https:\/\/tvzonaplus.rs\/wp-content\/uploads\/2025\/02\/Srecemo-se-na-Sretenje-3-768x432.jpg 768w, https:\/\/tvzonaplus.rs\/wp-content\/uploads\/2025\/02\/Srecemo-se-na-Sretenje-3-1536x864.jpg 1536w, https:\/\/tvzonaplus.rs\/wp-content\/uploads\/2025\/02\/Srecemo-se-na-Sretenje-3-400x225.jpg 400w, https:\/\/tvzonaplus.rs\/wp-content\/uploads\/2025\/02\/Srecemo-se-na-Sretenje-3.jpg 1920w\" sizes=\"auto, (max-width: 300px) 100vw, 300px\"\/><\/p>\n<p id=\"caption-attachment-266938\" class=\"wp-caption-text\">Sremska Mitrovica, 15. februara 2025 \u2013 FOTO TANJUG\/ TANJUG VIDEO\/bs<\/p>\n<\/div>\n<p>\u201cTo im je bio uslov da bi takozvano Kosovo moglo da proglasi nezavisnost. I zato vam danas ka\u017eem, ne mislite valjda da je smisao svih para koje su dali, sve te tri milijarde koje su dali za moje, za va\u0161e ru\u0161enje, pre svega za ru\u0161enje Srbije, u tome da umesto Vu\u010di\u0107a do\u0111e Jovanovi\u0107, Petrovi\u0107 ili bilo ko drugi. Ne, cilj je da ru\u0161e Srbiju\u201d, naglasio je.<\/p>\n<p>Vu\u010di\u0107 ka\u017ee da sada otvoreno govore i uop\u0161te ne kriju da su sa\u010duvali pozivni broj za Vojvodinu \u2013 +384, da govore vojvo\u0111anskim jezikom, da \u0107e stvarati vojvo\u0111ansku naciju.<\/p>\n<p>\u201cTo rade upravo oni koji kolo vode u ovoj obojenoj revoluciji, od Dinka Gruhonji\u0107a, Gorana Je\u0161i\u0107a i njihovih poslu\u0161nika. Samo nemojte da ste naivni jer nikada se ovakve operacije ne pla\u0107aju sa toliko novca ukoliko ne postoji va\u017eniji politi\u010dki cilj. Time \u017eele da u potpunosti uni\u0161te Srbiju, da Srbi i Srbija vi\u0161e nikada ne dignu glavu, jer Srbija je danas ponosna i podignute glave\u201d, kazao je Vu\u010di\u0107<\/p>\n<p>Navode\u0107i da tra\u017ee da Srbija uvede sankcije Rusiji, Vu\u010di\u0107 ka\u017ee da to tra\u017ee ve\u0107 tri godine jer bi oni da vode politiku Srbiju.<\/p>\n<p>\u201cKao predsednik Srbije koji sam pisao zaklju\u010dke Saveta za nacionalnu bezbednost rekao sam: \u2018Srbija je slobodna, nezavisna, suverena zemlja. Mi \u0107emo da uvedemo sankcije kada mi ho\u0107emo, kome mi ho\u0107emo i ne\u0107emo da se sva\u0111amo sa na\u0161im tradicionalnim prijateljima. Ne\u0107emo da uvedemo sankcije Rusiji, ho\u0107emo prijateljstvo sa Kinom, ho\u0107emo da idemo u Evropu, ali morate da nas po\u0161tujete onako i onoliko koliko mi po\u0161tujemo vas\u201d, naglasio je Vu\u010di\u0107.<\/p>\n<p>Prema njegovim re\u010dima, ni\u0161ta drugo Srbija ne tra\u017ei, ali da im se to ne svi\u0111a.<\/p>\n<p>\u201c\u0160to bi da trpe nekog malog u nekoj maloj zemlji da sme da podigne glas, da sme da podigne glavu i da Srbija sme ponosito svakome u regionu da ka\u017ee \u2018da mi smo Srbi i ponosni smo \u0161to smo Srbi. Ni\u0161ta nam ne smeta ko ste.<\/p>\n<p>Volimo Bo\u0161njake, volimo Ma\u0111are, volimo koga god ho\u0107ete u regionu. Sve volimo. Samo nemojte nama da branite da budemo to \u0161to jesmo. Ni\u0161ta drugo ne tra\u017eimo. Samo da dostojanstveno i ponosito mo\u017eemo da nosimo svoje srpsko ime i prezime\u201d, poru\u010dio je Vu\u010di\u0107.<\/p>\n<h4>Usvojena Deklaracija: Vojvodina je Srbija \u2013 Srbija je Vojvodina<\/h4>\n<p>\u201cSve ono \u0161to smo ve\u010daras govorili i sve \u0161to ste mogli da pro\u010ditate kroz jedan istorijski kontekst \u2013 do zaklju\u010dka da je Vojvodina Srbija i Srbija Vojvodina, aklamacijom prihvatite ovde\u201d, poru\u010dio je Vu\u010di\u0107 \u0161to su okupljeni pozdravili aplauzom i uzvicima.<\/p>\n<p>Imamo i mi svoje plenume i to mnogo ve\u0107e nego svi njihovi plenumi zajedno, istakao je Vu\u010di\u0107.<\/p>\n<p>On je zahvalio na\u0161em narodu u Republici Srpskoj i Crnoj Gori.<\/p>\n<p>\u201cVi ste snaga Srbije i vi ste mi sve i vi mi dajete snagu da se borim i bori\u0107u se kako nikada do sada videli niste i kako na\u0161i protivnici ne mogu ni da sanjaju\u201d, poru\u010dio je Vu\u010di\u0107.<\/p>\n<p>U tekstu narodne Deklaracije o Vojvodini navodi se da je Vojvodina neraskidivi deo nacionalnog politi\u010dkog, ustavnog i kulturnog identiteta moderne Srbije i kao \u0161to Srbije nema bez Vojvodine, tako ni Vojvodina ne mo\u017ee postojati izvan Srbije.<\/p>\n<p>Ona sadr\u017ei pet ta\u010daka.<\/p>\n<p>Prva ta\u010dka odnosi se na istorijski razvoj srpske Vojvodine, druga govori o kontinuiranim poku\u0161ajima etatizacije Vojvodine i nametanja ideje o tzv. vojvo\u0111anskoj naciji u kojoj se navodi da je bez istorijske osnove, socijalne, ekonomske i nacionalne opravdanosti, ve\u0161ta\u010dki stvoren vojvo\u0111anski sepratizam, eufemisti\u010dki je determisan kao \u201cautonoma\u0161tvo\u201d.<\/p>\n<p>U tre\u0107oj ta\u010dki govori se o ustavnopravnom polo\u017eaju Vojvodine posle Drugog svetskog rata \u2013 od autonomne pokrajine \u010dija automonija se \u0161iri preko kvazi federalne zajednice do povratka u ustavne okvire standardne politi\u010dko-teritorijalne automonije.<\/p>\n<p>U \u010detvrtoj ta\u010dki opisuje se zaustavljanje separatisti\u010dkih tendencija i vra\u0107anje AP Vojvodine u ustavne okvire (2012-2014).<\/p>\n<p>Tema pete ta\u010dke je Vojvodina kao multikulturalna, multinacionalna i multikofesionalna zajednica zasnovana na ravnopravnosti gra\u0111ana.<\/p>\n<\/p><\/div>\n<p><a href=\"https:\/\/tvzonaplus.rs\/srecemo-se-na-sretenje-deklaracija-o-vojvodini-usvojena-aklamacijom-pobedila-je-srbija-propala-im-je-obojena-revolucija\/\" target=\"_blank\" rel=\"noopener\">Source link <\/a><br \/>\n\n &#8220;Sre\u0107emo se na Sretenje&#8221;: Deklaracija o Vojvodini usvojena aklamacijom, &#8220;Pobedila je Srbija, propala im je obojena revolucija&#8221; &#8211; TV ZONA PLUS<\/p>\n","protected":false},"excerpt":{"rendered":"<p>Povodom obele\u017eavanja Dana dr\u017eavnosti Srbije, u Sremskoj Mitrovici odr\u017ean je veliki skup pod nazivom \u201cSre\u0107emo se na Sretenje\u201d. Zastra\u0161uju\u0107i je&hellip;<\/p>\n","protected":false},"author":1,"featured_media":2266,"comment_status":"open","ping_status":"open","sticky":false,"template":"","format":"standard","meta":{"footnotes":""},"categories":[1],"tags":[],"class_list":["post-2265","post","type-post","status-publish","format-standard","has-post-thumbnail","hentry","category-oglasi-gadzin-han"],"_links":{"self":[{"href":"https:\/\/oglasi.infooglasi.rs\/oglasi\/oglasigadzinhan\/wp-json\/wp\/v2\/posts\/2265","targetHints":{"allow":["GET"]}}],"collection":[{"href":"https:\/\/oglasi.infooglasi.rs\/oglasi\/oglasigadzinhan\/wp-json\/wp\/v2\/posts"}],"about":[{"href":"https:\/\/oglasi.infooglasi.rs\/oglasi\/oglasigadzinhan\/wp-json\/wp\/v2\/types\/post"}],"author":[{"embeddable":true,"href":"https:\/\/oglasi.infooglasi.rs\/oglasi\/oglasigadzinhan\/wp-json\/wp\/v2\/users\/1"}],"replies":[{"embeddable":true,"href":"https:\/\/oglasi.infooglasi.rs\/oglasi\/oglasigadzinhan\/wp-json\/wp\/v2\/comments?post=2265"}],"version-history":[{"count":0,"href":"https:\/\/oglasi.infooglasi.rs\/oglasi\/oglasigadzinhan\/wp-json\/wp\/v2\/posts\/2265\/revisions"}],"wp:featuredmedia":[{"embeddable":true,"href":"https:\/\/oglasi.infooglasi.rs\/oglasi\/oglasigadzinhan\/wp-json\/wp\/v2\/media\/2266"}],"wp:attachment":[{"href":"https:\/\/oglasi.infooglasi.rs\/oglasi\/oglasigadzinhan\/wp-json\/wp\/v2\/media?parent=2265"}],"wp:term":[{"taxonomy":"category","embeddable":true,"href":"https:\/\/oglasi.infooglasi.rs\/oglasi\/oglasigadzinhan\/wp-json\/wp\/v2\/categories?post=2265"},{"taxonomy":"post_tag","embeddable":true,"href":"https:\/\/oglasi.infooglasi.rs\/oglasi\/oglasigadzinhan\/wp-json\/wp\/v2\/tags?post=2265"}],"curies":[{"name":"wp","href":"https:\/\/api.w.org\/{rel}","templated":true}]}}