{"id":2283,"date":"2025-03-25T21:52:03","date_gmt":"2025-03-25T20:52:03","guid":{"rendered":"https:\/\/oglasi.infooglasi.rs\/oglasi\/oglasigadzinhan\/trka-s-vremenom-da-danko-i-jos-cetvorica-decaka-pobede-bolest-koja-im-krade-korake-tv-zona-plus-oglasi-gadzin-han\/"},"modified":"2025-03-25T21:52:03","modified_gmt":"2025-03-25T20:52:03","slug":"trka-s-vremenom-da-danko-i-jos-cetvorica-decaka-pobede-bolest-koja-im-krade-korake-tv-zona-plus-oglasi-gadzin-han","status":"publish","type":"post","link":"https:\/\/oglasi.infooglasi.rs\/oglasi\/oglasigadzinhan\/trka-s-vremenom-da-danko-i-jos-cetvorica-decaka-pobede-bolest-koja-im-krade-korake-tv-zona-plus-oglasi-gadzin-han\/","title":{"rendered":"Trka s vremenom: Da Danko i jo\u0161 \u010detvorica de\u010daka pobede bolest koja im krade korake &#8211; TV ZONA PLUS &#8211; OGLASI GAD\u017dIN HAN"},"content":{"rendered":"<p><\/p>\n<div itemprop=\"articleBody\">\n<!-- ARTICAL CONTENT --><\/p>\n<p>Danko Ran\u0111elovi\u0107, u\u010denik 8.razreda iz Ni\u0161a, koji je oboleo od retke Di\u0161enove mi\u0161i\u0107ne distrofije, za dva dana suo\u010di\u0107e se sa tre\u0107om operacijom nogu. Ova intervencija na desnoj nozi dolazi nakon prethodne operacije na levoj, izvedene pre \u010detiri i po meseca. Iako su ove procedure neophodne da bi mu se olak\u0161alo kretanje, one ne mogu zaustaviti napredovanje bolesti od koje boluje \u2013 Di\u0161enove mi\u0161i\u0107ne distrofije (DMD). Bolest neumoljivo napreduje, a jedina terapija koja bi mogla da zaustavi progresiju ko\u0161ta 1,5 miliona dolara i mora se primiti u inostranstvu.<\/p>\n<p><strong>\u0160ta je Di\u0161enova mi\u0161i\u0107na distrofija?<\/strong><\/p>\n<p>Di\u0161enova mi\u0161i\u0107na distrofija je retka, genetski uslovljena bolest koja dovodi do postepenog propadanja mi\u0161i\u0107nog tkiva. Po\u010dinje u ranom detinjstvu i s vremenom uzrokuje gubitak pokretljivosti, probleme sa disanjem i sr\u010dane komplikacije. Osobe obolele od DMD-a naj\u010de\u0161\u0107e koriste invalidska kolica ve\u0107 u adolescenciji, a bolest progresivno smanjuje kvalitet \u017eivota.<\/p>\n<p>\u201cTo je opaka bolest koja bukvalno krade korake i pokrete, jer svi mi\u0161i\u0107i u organizmu, uklju\u010duju\u0107i i srce, slabije proizvode neophodan protein distrofin \u201c, ka\u017ee Dankov otac, Dalibor Ran\u0111elovi\u0107.<\/p>\n<p><strong><img loading=\"lazy\" decoding=\"async\" class=\"aligncenter wp-image-270655 size-full\" src=\"http:\/\/tvzonaplus.rs\/wp-content\/uploads\/2025\/03\/5-po-5-sa-novom-nadom-u-svet.webp\" alt=\"\" width=\"800\" height=\"566\" srcset=\"https:\/\/tvzonaplus.rs\/wp-content\/uploads\/2025\/03\/5-po-5-sa-novom-nadom-u-svet.webp 800w, https:\/\/tvzonaplus.rs\/wp-content\/uploads\/2025\/03\/5-po-5-sa-novom-nadom-u-svet-300x212.webp 300w, https:\/\/tvzonaplus.rs\/wp-content\/uploads\/2025\/03\/5-po-5-sa-novom-nadom-u-svet-768x543.webp 768w, https:\/\/tvzonaplus.rs\/wp-content\/uploads\/2025\/03\/5-po-5-sa-novom-nadom-u-svet-150x105.webp 150w, https:\/\/tvzonaplus.rs\/wp-content\/uploads\/2025\/03\/5-po-5-sa-novom-nadom-u-svet-90x65.webp 90w, https:\/\/tvzonaplus.rs\/wp-content\/uploads\/2025\/03\/5-po-5-sa-novom-nadom-u-svet-400x283.webp 400w\" sizes=\"auto, (max-width: 800px) 100vw, 800px\"\/>Inovativna terapija koja menja \u017eivot<\/strong><\/p>\n<div id=\"attachment_270657\" style=\"width: 310px\" class=\"wp-caption alignleft\"><img loading=\"lazy\" decoding=\"async\" aria-describedby=\"caption-attachment-270657\" class=\"wp-image-270657 size-medium\" src=\"http:\/\/tvzonaplus.rs\/wp-content\/uploads\/2025\/03\/Marija-i-Dalibor-Randjelovic-300x154.jpg\" alt=\"\" width=\"300\" height=\"154\" srcset=\"https:\/\/tvzonaplus.rs\/wp-content\/uploads\/2025\/03\/Marija-i-Dalibor-Randjelovic-300x154.jpg 300w, https:\/\/tvzonaplus.rs\/wp-content\/uploads\/2025\/03\/Marija-i-Dalibor-Randjelovic-1024x527.jpg 1024w, https:\/\/tvzonaplus.rs\/wp-content\/uploads\/2025\/03\/Marija-i-Dalibor-Randjelovic-768x395.jpg 768w, https:\/\/tvzonaplus.rs\/wp-content\/uploads\/2025\/03\/Marija-i-Dalibor-Randjelovic-400x206.jpg 400w, https:\/\/tvzonaplus.rs\/wp-content\/uploads\/2025\/03\/Marija-i-Dalibor-Randjelovic.jpg 1145w\" sizes=\"auto, (max-width: 300px) 100vw, 300px\"\/><\/p>\n<p id=\"caption-attachment-270657\" class=\"wp-caption-text\">Marija i Dalibor Ran\u0111elovi\u0107 u \u201cOgledalu\u201d TV Zona plus<\/p>\n<\/div>\n<p>Za Dankovog sina i jo\u0161 \u010detiri de\u010daka iz Srbije, koji kao i Danko boluju od DMD sa rekom genskom mutacijom, pro\u0161le godine krenula je trka za prikupljanje novca za inovativnu terapiju.<\/p>\n<p>\u201cCilj te terapije je da organizam po\u010dne da proizvodi distrofin. Slika bi se kroz preokrenula \u2013 razvoj bolesti bi bio zaustavljen i deca bi mogla da imaju sre\u0107nije detinjstvo\u201d, istakao je Ran\u0111elovi\u0107.<\/p>\n<p>Terapija, trenutno nije dostupna u Srbiji, jer je nemogu\u0107e registrovati lek. A istra\u017eivanja u SAD, kako pri\u010da Dankov otac, pokazuje da upravo ta terapija u preko 95% slu\u010dajeva uspeva da zaustavi dalji razvoj bolesti, \u0161to bi zna\u010dilo da bi Danko i jo\u0161 \u010detvoro dece dobili priliku za bolju budu\u0107nost.<\/p>\n<p><strong>Za\u0161to svih petoro dece moraju primiti terapiju istovremeno?<\/strong><\/p>\n<p>Marija Ran\u0111elovi\u0107, Dankova majka, obja\u0161njava da sva petorica obolelih de\u010daka moraju istovremeno da prime terapiju, jer se istovremeno priprema lek za svih petoro.<\/p>\n<p>\u201cPoku\u0161ali smo da pregovaramo da se terapija da prvo starijima, ali to nije mogu\u0107e jer sam proces pripreme zahteva da svih pet de\u010daka budu deo iste procedure. Osim njih, u Srbiji ima jo\u0161 dece obolele od Di\u0161enove distrofije i nadamo se da \u0107emo se izboriti da u budu\u0107nosti terapija bude dostupna svima kojima je potrebna,\u201dka\u017ee Marija Ran\u0111elovi\u0107<\/p>\n<h4><strong>Hitno je!<\/strong><\/h4>\n<p><img loading=\"lazy\" decoding=\"async\" class=\"size-medium wp-image-270656 alignright\" src=\"http:\/\/tvzonaplus.rs\/wp-content\/uploads\/2025\/03\/Dalibor-Randjelovic-300x138.jpg\" alt=\"\" width=\"300\" height=\"138\" srcset=\"https:\/\/tvzonaplus.rs\/wp-content\/uploads\/2025\/03\/Dalibor-Randjelovic-300x138.jpg 300w, https:\/\/tvzonaplus.rs\/wp-content\/uploads\/2025\/03\/Dalibor-Randjelovic-1024x472.jpg 1024w, https:\/\/tvzonaplus.rs\/wp-content\/uploads\/2025\/03\/Dalibor-Randjelovic-768x354.jpg 768w, https:\/\/tvzonaplus.rs\/wp-content\/uploads\/2025\/03\/Dalibor-Randjelovic-400x184.jpg 400w, https:\/\/tvzonaplus.rs\/wp-content\/uploads\/2025\/03\/Dalibor-Randjelovic.jpg 1126w\" sizes=\"auto, (max-width: 300px) 100vw, 300px\"\/>Dankov otac, Dalibor Ran\u0111elovi\u0107, nagla\u0161ava koliko je situacija hitna.<\/p>\n<p>\u201cBukvalno smo u trci, u utakmici s vremenom. Kada budu primili terapiju, progresija bolesti \u0107e biti zaustavljena. Danko je najstariji od te petorice de\u010daka i njemu je zbog toga najte\u017ee. Hitno je i zato apelujem na sve da nam pomognu da skupimo novac i da deca dobiju terapiju.\u201d<\/p>\n<p>Njegova majka, Marija Ran\u0111elovi\u0107, dodaje:<\/p>\n<p>\u201cNe znam da li je bilo te\u017ee kada smo saznali dijagnozu ili ta neizvesnost \u2013 ho\u0107emo li sti\u0107i na vreme? Kada gledate kako dete tone svakog dana, a postoji terapija koju mo\u017ee da primi i iz tog momenta zaustavi progresiju, onda bude svakog dana te\u0161ko. Danko je dete, ali zna o bolesti i optimisti\u010dan je; on se nada da \u0107e primiti tu terapiju.\u201d<\/p>\n<h4><strong>Humanitarni koncert za le\u010denje de\u010daka<\/strong><\/h4>\n<p>Do sada je prikupljeno oko 800.000 dolara, ali je i dalje potrebno jo\u0161 700.000 kako bi se obezbedila terapija za svih pet de\u010daka. Fondacija \u201cJedro\u201d, koju su osnovali roditelji obolele dece, svakodnevno organizuje humanitarne akcije, uklju\u010duju\u0107i koncerte i sportske doga\u0111aje.<\/p>\n<p>U sredu 26. marta u Bitef art teatru u Beogradu \u0107e u saradnji s EKV fondacijom bit odr\u017ean humanitarni koncert \u201cMi mo\u017eemo sve!\u201d, na kojem u\u010destvuju brojne javne li\u010dnosti kako bi pomogle u prikupljanju novca za terapiju.<\/p>\n<p>Na sceni \u0107e se smenjivati poznati peva\u010di, glumci i muzi\u010dari, izvode\u0107i pesme kultnog benda EKV uz pratnju EKV tribute benda.<\/p>\n<p>Sva prikupljena sredstva sa ovog doga\u0111aja namenjena su le\u010denju obolelih de\u010daka.<\/p>\n<p><strong>Kakav je odgovor dr\u017eave?<\/strong><\/p>\n<p><img loading=\"lazy\" decoding=\"async\" class=\"alignleft size-medium wp-image-270658\" src=\"http:\/\/tvzonaplus.rs\/wp-content\/uploads\/2025\/03\/Marija-Randjelovic-300x160.jpg\" alt=\"\" width=\"300\" height=\"160\" srcset=\"https:\/\/tvzonaplus.rs\/wp-content\/uploads\/2025\/03\/Marija-Randjelovic-300x160.jpg 300w, https:\/\/tvzonaplus.rs\/wp-content\/uploads\/2025\/03\/Marija-Randjelovic-768x408.jpg 768w, https:\/\/tvzonaplus.rs\/wp-content\/uploads\/2025\/03\/Marija-Randjelovic-400x213.jpg 400w, https:\/\/tvzonaplus.rs\/wp-content\/uploads\/2025\/03\/Marija-Randjelovic.jpg 989w\" sizes=\"auto, (max-width: 300px) 100vw, 300px\"\/>Roditelji ka\u017eu da su dobili logisti\u010dku podr\u0161ku dr\u017eave, koja \u0107e pratiti zdravstveno stanje dece nakon \u0161to prime terapiju.<\/p>\n<p>Tako\u0111e, dr\u017eava je pokazala interesovanje za dalja istra\u017eivanja i razvoj ove terapije kako bi ona u budu\u0107nosti mogla biti dostupna u Srbiji. Iako postoje odre\u0111ene terapije koje se daju deci sa specifi\u010dnim mutacijama u Beogradu, Danko i njegova grupa nisu kandidati za njih zbog retke mutacije koju imaju. Ova inovativna terapija bi, me\u0111utim, mogla da pomogne svoj deci oboleloj od Di\u0161enove distrofije, nezavisno od vrste mutacije, ka\u017ee Marija Ran\u0111elovi\u0107, Dankova majka..<\/p>\n<h4><strong>Kako mo\u017eete pomo\u0107i?<\/strong><\/h4>\n<p>Gra\u0111ani mogu pomo\u0107i slanjem SMS poruke sa brojem 5 na 3091. Cena poruke je 200 dinara, a procenjuje se da je potrebno oko 400.000 poruka kako bi se skupila neophodna sredstva. Donacije su mogu\u0107e i putem \u017eiro ra\u010duna: 160-6000002005224-26.<\/p>\n<p>Di\u0161enova mi\u0161i\u0107na distrofija ne daje puno vremena, ali uz podr\u0161ku javnosti, Danko i njegovi drugari mogu dobiti priliku za zaustavljanje bolesti i bolji \u017eivot.<\/p>\n<h4>\u201cJedro\u201d za vetar u le\u0111a<\/h4>\n<p>Fondaciju \u201eJedro\u201d osnovale su porodice petorice de\u010daka koji boluju od Di\u0161enove mi\u0161i\u0107ne distrofije sa ciljem da se prikupi 1,5 miliona ameri\u010dkih dolara potrebnih za njihovo le\u010denje.<\/p>\n<p>Humanitarna akcija zapo\u010deta je originalnom pesmom \u201eJedro\u201c na ideju Gorana Vasovi\u0107a, jednog od osniva\u010da Fondacije i peva\u010da grupe Eva Braun. Pesmu je otpevalo 55 poznatih doma\u0107ih muzi\u010dara, glumaca i drugih javnih li\u010dnosti, dok je u snimanju spota u\u010destvovalo njih vi\u0161e od stotinu.<\/p>\n<p><iframe loading=\"lazy\" title=\"55 - JEDRA\" width=\"640\" height=\"360\" src=\"https:\/\/www.youtube.com\/embed\/0VZY4k8xVrk?feature=oembed\" frameborder=\"0\" allow=\"accelerometer; autoplay; clipboard-write; encrypted-media; gyroscope; picture-in-picture; web-share\" referrerpolicy=\"strict-origin-when-cross-origin\" allowfullscreen><\/iframe><\/p>\n<p><img loading=\"lazy\" decoding=\"async\" class=\"aligncenter size-full wp-image-268202\" src=\"http:\/\/tvzonaplus.rs\/wp-content\/uploads\/2025\/02\/BanerSufinansiranja-1.png\" alt=\"\" width=\"664\" height=\"195\" srcset=\"https:\/\/tvzonaplus.rs\/wp-content\/uploads\/2025\/02\/BanerSufinansiranja-1.png 664w, https:\/\/tvzonaplus.rs\/wp-content\/uploads\/2025\/02\/BanerSufinansiranja-1-300x88.png 300w, https:\/\/tvzonaplus.rs\/wp-content\/uploads\/2025\/02\/BanerSufinansiranja-1-400x117.png 400w\" sizes=\"auto, (max-width: 664px) 100vw, 664px\"\/><\/p>\n<\/p><\/div>\n<p><a href=\"https:\/\/tvzonaplus.rs\/trka-s-vremenom-pomozimo-danku-i-jos-cetvorici-decaka-da-pobedi-bolest-koja-im-krade-korake\/\" target=\"_blank\" rel=\"noopener\">Source link <\/a><br \/>\n\n Trka s vremenom: Da Danko i jo\u0161 \u010detvorica de\u010daka pobede bolest koja im krade korake &#8211; TV ZONA PLUS<\/p>\n","protected":false},"excerpt":{"rendered":"<p>Danko Ran\u0111elovi\u0107, u\u010denik 8.razreda iz Ni\u0161a, koji je oboleo od retke Di\u0161enove mi\u0161i\u0107ne distrofije, za dva dana suo\u010di\u0107e se sa&hellip;<\/p>\n","protected":false},"author":1,"featured_media":2285,"comment_status":"open","ping_status":"open","sticky":false,"template":"","format":"standard","meta":{"footnotes":""},"categories":[1],"tags":[],"class_list":["post-2283","post","type-post","status-publish","format-standard","has-post-thumbnail","hentry","category-oglasi-gadzin-han"],"_links":{"self":[{"href":"https:\/\/oglasi.infooglasi.rs\/oglasi\/oglasigadzinhan\/wp-json\/wp\/v2\/posts\/2283","targetHints":{"allow":["GET"]}}],"collection":[{"href":"https:\/\/oglasi.infooglasi.rs\/oglasi\/oglasigadzinhan\/wp-json\/wp\/v2\/posts"}],"about":[{"href":"https:\/\/oglasi.infooglasi.rs\/oglasi\/oglasigadzinhan\/wp-json\/wp\/v2\/types\/post"}],"author":[{"embeddable":true,"href":"https:\/\/oglasi.infooglasi.rs\/oglasi\/oglasigadzinhan\/wp-json\/wp\/v2\/users\/1"}],"replies":[{"embeddable":true,"href":"https:\/\/oglasi.infooglasi.rs\/oglasi\/oglasigadzinhan\/wp-json\/wp\/v2\/comments?post=2283"}],"version-history":[{"count":0,"href":"https:\/\/oglasi.infooglasi.rs\/oglasi\/oglasigadzinhan\/wp-json\/wp\/v2\/posts\/2283\/revisions"}],"wp:featuredmedia":[{"embeddable":true,"href":"https:\/\/oglasi.infooglasi.rs\/oglasi\/oglasigadzinhan\/wp-json\/wp\/v2\/media\/2285"}],"wp:attachment":[{"href":"https:\/\/oglasi.infooglasi.rs\/oglasi\/oglasigadzinhan\/wp-json\/wp\/v2\/media?parent=2283"}],"wp:term":[{"taxonomy":"category","embeddable":true,"href":"https:\/\/oglasi.infooglasi.rs\/oglasi\/oglasigadzinhan\/wp-json\/wp\/v2\/categories?post=2283"},{"taxonomy":"post_tag","embeddable":true,"href":"https:\/\/oglasi.infooglasi.rs\/oglasi\/oglasigadzinhan\/wp-json\/wp\/v2\/tags?post=2283"}],"curies":[{"name":"wp","href":"https:\/\/api.w.org\/{rel}","templated":true}]}}