{"id":2709,"date":"2024-11-11T07:22:12","date_gmt":"2024-11-11T06:22:12","guid":{"rendered":"https:\/\/oglasi.infooglasi.rs\/oglasi\/oglasiknjazevac\/knjazevcanin-pogrebnim-kolima-usmrtio-dvojicu-tuzilastvo-trazi-pet-godina-zatvora-oglasi-knjazevac\/"},"modified":"2024-11-11T07:22:12","modified_gmt":"2024-11-11T06:22:12","slug":"knjazevcanin-pogrebnim-kolima-usmrtio-dvojicu-tuzilastvo-trazi-pet-godina-zatvora-oglasi-knjazevac","status":"publish","type":"post","link":"https:\/\/oglasi.infooglasi.rs\/oglasi\/oglasiknjazevac\/knjazevcanin-pogrebnim-kolima-usmrtio-dvojicu-tuzilastvo-trazi-pet-godina-zatvora-oglasi-knjazevac\/","title":{"rendered":"Knja\u017eev\u010danin pogrebnim kolima usmrtio dvojicu: Tu\u017eila\u0161tvo tra\u017ei pet godina zatvora &#8211; OGLASI KNJA\u017dEVAC"},"content":{"rendered":"<p><\/p>\n<div>\n<div class=\"td-post-featured-image\"><a href=\"https:\/\/www.glas-zajecara.com\/wp-content\/uploads\/2018\/08\/hronika-2.jpg?x54103\" data-caption=\"\" target=\"_blank\" rel=\"noopener\"><img decoding=\"async\" width=\"696\" height=\"492\" class=\"entry-thumb td-modal-image lazyload\" src=\"data:image\/png;base64,iVBORw0KGgoAAAANSUhEUgAAArgAAAHsAQMAAAAD+UwQAAAABlBMVEUAAAD\/\/\/+l2Z\/dAAAAAXRSTlMAQObYZgAAAAlwSFlzAAAOxAAADsQBlSsOGwAAAEBJREFUeNrtwQENAAAAwqD3T20PBxQAAAAAAAAAAAAAAAAAAAAAAAAAAAAAAAAAAAAAAAAAAAAAAAAAAAAAAPBmqSAAAX4sV+0AAAAASUVORK5CYII=\" alt=\"\" title=\"hronika 2\" data-src=\"https:\/\/www.glas-zajecara.com\/wp-content\/uploads\/2018\/08\/hronika-2-696x492.jpg?x54103\" loading=\"lazy\" data-srcset=\"https:\/\/www.glas-zajecara.com\/wp-content\/uploads\/2018\/08\/hronika-2-696x492.jpg 696w, https:\/\/www.glas-zajecara.com\/wp-content\/uploads\/2018\/08\/hronika-2-300x212.jpg 300w, https:\/\/www.glas-zajecara.com\/wp-content\/uploads\/2018\/08\/hronika-2-768x542.jpg 768w, https:\/\/www.glas-zajecara.com\/wp-content\/uploads\/2018\/08\/hronika-2-100x70.jpg 100w, https:\/\/www.glas-zajecara.com\/wp-content\/uploads\/2018\/08\/hronika-2-595x420.jpg 595w, https:\/\/www.glas-zajecara.com\/wp-content\/uploads\/2018\/08\/hronika-2.jpg 960w\" data-sizes=\"auto\"\/><noscript><img loading=\"lazy\" decoding=\"async\" width=\"696\" height=\"492\" class=\"entry-thumb td-modal-image\" src=\"https:\/\/www.glas-zajecara.com\/wp-content\/uploads\/2018\/08\/hronika-2-696x492.jpg?x54103\" srcset=\"https:\/\/www.glas-zajecara.com\/wp-content\/uploads\/2018\/08\/hronika-2-696x492.jpg 696w, https:\/\/www.glas-zajecara.com\/wp-content\/uploads\/2018\/08\/hronika-2-300x212.jpg 300w, https:\/\/www.glas-zajecara.com\/wp-content\/uploads\/2018\/08\/hronika-2-768x542.jpg 768w, https:\/\/www.glas-zajecara.com\/wp-content\/uploads\/2018\/08\/hronika-2-100x70.jpg 100w, https:\/\/www.glas-zajecara.com\/wp-content\/uploads\/2018\/08\/hronika-2-595x420.jpg 595w, https:\/\/www.glas-zajecara.com\/wp-content\/uploads\/2018\/08\/hronika-2.jpg 960w\" sizes=\"auto, (max-width: 696px) 100vw, 696px\" alt=\"\" title=\"hronika 2\" data-eio=\"l\"\/><\/noscript><\/a><\/div>\n<div class=\"hidden md:w-2\/12 md:block social-share-sticky\">\n<p><em><strong>Su\u0111enje N.J. (39) optu\u017eenom za te\u0161ko delo protiv bezbednosti javnog saobra\u0107aja koje je za posledicu imalo smrt dvojice ljudi, po\u010de\u0107e uskoro jer je Osnovno javno tu\u017eila\u0161tvo u Ni\u0161u protiv ovog Knja\u017eev\u010danina podnelo optu\u017eni predlog.<\/strong><\/em><\/p>\n<\/div>\n<div class=\"w-full md:w-10\/12\">\n<p>\u201eOsnovno javno tu\u017eila\u0161tvo u Ni\u0161u podnelo je optu\u017eni predlog za te\u0161ko delo protiv bezbednosti javnog saobra\u0107aja i predlo\u017eilo da se N.J. oglasi krivim te da mu se izrekne kazna zatvora od najmanje pet godina. Glavni pretres jo\u0161 nije zakazan\u201c, saop\u0161tila je portparol Osnovnog suda u Ni\u0161u sudija Ana Gaji\u0107 Risti\u0107, prenosi\u00a0<a href=\"https:\/\/nova.rs\/vesti\/hronika\/knjazevcanin-pogrebnim-kolima-usmrtio-dvojicu\/\" target=\"_blank\" rel=\"noopener external noreferrer\" data-wpel-link=\"external\"><strong>Nova.rs<\/strong><\/a>.<\/p>\n<p>Nesre\u0107a se dogodila 4. septembra pro\u0161le godine kod sela Vrelo kada je N.J. upravljaju\u0107i kombijem, vlasni\u0161tvo knja\u017eeva\u010dkog pogrebnog preduze\u0107a, kre\u0107u\u0107i se iz pravca Svrljiga ka Ni\u0161u, pre\u0161ao na levu stranu kolovoza i udario u \u201caudi\u201d ni\u0161kih tablica koji mu je dolazio u susret. Tom prilikom na licu mesta poginuo je B.M. koji se nalazio u \u201caudiju\u201d, dok su N.K. (53) sa te\u0161kim telesnim povredama iz slupanog vozila izvla\u010dili vatrogasci. Tre\u0107i putnik u \u201caudiju\u201d N.J. (34) pro\u0161ao je sa lak\u0161im povredama.<\/p>\n<p>N.K. je zadobio politraumatske povrede od kojih je dva dana kasnije preminuo u ni\u0161kom Univerzitetskom klini\u010dkom centru.<\/p>\n<p>Izvor: <a href=\"https:\/\/www.danas.rs\/vesti\/drustvo\/knjazevcanin-pogrebnim-kolima-usmrtio-dvojicu-tuzilastvo-trazi-pet-godina-zatvora\/\" target=\"_blank\" rel=\"noopener\">Danas<\/a><\/p>\n<\/div>\n<div class=\"td-a-rec td-a-rec-id-content_bottom  tdi_32_121 td_block_template_4\">Reklame<br \/>\n<br \/>\n<a href=\"https:\/\/www.facebook.com\/KlikerZajecar\" target=\"_blank\" rel=\"noopener\"><img decoding=\"async\" src=\"data:image\/png;base64,iVBORw0KGgoAAAANSUhEUgAAAtgAAAD6AQAAAACzUw28AAAAAnRSTlMAAHaTzTgAAAAtSURBVHja7cGBAAAAAMOg+VNf4QBVAQAAAAAAAAAAAAAAAAAAAAAAAAAAAPAYWdgAAUa5gd4AAAAASUVORK5CYII=\" data-src=\"https:\/\/www.glas-zajecara.com\/wp-content\/uploads\/2024\/09\/baner-728x250-1.jpg?x54103\" loading=\"lazy\" class=\"lazyload\"\/><noscript><img decoding=\"async\" src=\"https:\/\/www.glas-zajecara.com\/wp-content\/uploads\/2024\/09\/baner-728x250-1.jpg?x54103\" data-eio=\"l\"\/><\/noscript><\/a><br \/>\n<\/div>\n<\/div>\n<p><script type=text\/javascript>!function(f,b,e,v,n,t,s){if(f.fbq)return;n=f.fbq=function(){n.callMethod?\nn.callMethod.apply(n,arguments):n.queue.push(arguments)};if(!f._fbq)f._fbq=n;\nn.push=n;n.loaded=!0;n.version='2.0';n.queue=[];t=b.createElement(e);t.async=!0;\nt.src=v;s=b.getElementsByTagName(e)[0];s.parentNode.insertBefore(t,s)}(window,\ndocument,'script','https:\/\/connect.facebook.net\/en_US\/fbevents.js');<\/script><script>(function (d, s, id) {\n                var js, fjs = d.getElementsByTagName(s)[0];\n                if (d.getElementById(id)) return;\n                js = d.createElement(s);\n                js.id = id;\n                js.src = \"\/\/connect.facebook.net\/en_US\/sdk.js#xfbml=1&version=v2.4&appID=182766229139400\";\n                fjs.parentNode.insertBefore(js, fjs);\n            }(document, 'script', 'facebook-jssdk'));<\/script><br \/>\n<br \/><a href=\"https:\/\/www.glas-zajecara.com\/knjazevcanin-pogrebnim-kolima-usmrtio-dvojicu-tuzilastvo-trazi-pet-godina-zatvora\/\" target=\"_blank\" rel=\"noopener\">Source link <\/a><br \/>\n\n Knja\u017eev\u010danin pogrebnim kolima usmrtio dvojicu: Tu\u017eila\u0161tvo tra\u017ei pet godina zatvora<\/p>\n","protected":false},"excerpt":{"rendered":"<p>Su\u0111enje N.J. (39) optu\u017eenom za te\u0161ko delo protiv bezbednosti javnog saobra\u0107aja koje je za posledicu imalo smrt dvojice ljudi, po\u010de\u0107e&hellip;<\/p>\n","protected":false},"author":1,"featured_media":2556,"comment_status":"open","ping_status":"open","sticky":false,"template":"","format":"standard","meta":{"footnotes":""},"categories":[1],"tags":[],"class_list":["post-2709","post","type-post","status-publish","format-standard","has-post-thumbnail","hentry","category-oglasi-knjazevac"],"_links":{"self":[{"href":"https:\/\/oglasi.infooglasi.rs\/oglasi\/oglasiknjazevac\/wp-json\/wp\/v2\/posts\/2709","targetHints":{"allow":["GET"]}}],"collection":[{"href":"https:\/\/oglasi.infooglasi.rs\/oglasi\/oglasiknjazevac\/wp-json\/wp\/v2\/posts"}],"about":[{"href":"https:\/\/oglasi.infooglasi.rs\/oglasi\/oglasiknjazevac\/wp-json\/wp\/v2\/types\/post"}],"author":[{"embeddable":true,"href":"https:\/\/oglasi.infooglasi.rs\/oglasi\/oglasiknjazevac\/wp-json\/wp\/v2\/users\/1"}],"replies":[{"embeddable":true,"href":"https:\/\/oglasi.infooglasi.rs\/oglasi\/oglasiknjazevac\/wp-json\/wp\/v2\/comments?post=2709"}],"version-history":[{"count":0,"href":"https:\/\/oglasi.infooglasi.rs\/oglasi\/oglasiknjazevac\/wp-json\/wp\/v2\/posts\/2709\/revisions"}],"wp:featuredmedia":[{"embeddable":true,"href":"https:\/\/oglasi.infooglasi.rs\/oglasi\/oglasiknjazevac\/wp-json\/wp\/v2\/media\/2556"}],"wp:attachment":[{"href":"https:\/\/oglasi.infooglasi.rs\/oglasi\/oglasiknjazevac\/wp-json\/wp\/v2\/media?parent=2709"}],"wp:term":[{"taxonomy":"category","embeddable":true,"href":"https:\/\/oglasi.infooglasi.rs\/oglasi\/oglasiknjazevac\/wp-json\/wp\/v2\/categories?post=2709"},{"taxonomy":"post_tag","embeddable":true,"href":"https:\/\/oglasi.infooglasi.rs\/oglasi\/oglasiknjazevac\/wp-json\/wp\/v2\/tags?post=2709"}],"curies":[{"name":"wp","href":"https:\/\/api.w.org\/{rel}","templated":true}]}}