{"id":2774,"date":"2025-06-05T18:22:16","date_gmt":"2025-06-05T16:22:16","guid":{"rendered":"https:\/\/oglasi.infooglasi.rs\/oglasi\/oglasiknjazevac\/biciklisti-iz-knjazevca-docekani-u-zajecaru-za-24-maj-najavljen-veliki-skup-pod-nazivom-sloboda-krece-sa-istoka-oglasi-knjazevac\/"},"modified":"2025-06-05T18:22:16","modified_gmt":"2025-06-05T16:22:16","slug":"biciklisti-iz-knjazevca-docekani-u-zajecaru-za-24-maj-najavljen-veliki-skup-pod-nazivom-sloboda-krece-sa-istoka-oglasi-knjazevac","status":"publish","type":"post","link":"https:\/\/oglasi.infooglasi.rs\/oglasi\/oglasiknjazevac\/biciklisti-iz-knjazevca-docekani-u-zajecaru-za-24-maj-najavljen-veliki-skup-pod-nazivom-sloboda-krece-sa-istoka-oglasi-knjazevac\/","title":{"rendered":"Biciklisti iz Knja\u017eevca do\u010dekani u Zaje\u010daru: Za 24. maj najavljen veliki skup pod nazivom \u201eSloboda kre\u0107e sa istoka\u201d &#8211; OGLASI KNJA\u017dEVAC"},"content":{"rendered":"<p><\/p>\n<div>\n<div class=\"td-post-featured-image\"><a href=\"https:\/\/www.glas-zajecara.com\/wp-content\/uploads\/2025\/04\/knj.jpg?x54103\" data-caption=\"\" target=\"_blank\" rel=\"noopener\"><img decoding=\"async\" width=\"696\" height=\"393\" class=\"entry-thumb td-modal-image lazyload\" src=\"data:image\/png;base64,iVBORw0KGgoAAAANSUhEUgAAArgAAAGJAQMAAABbwNL5AAAABlBMVEUAAAD\/\/\/+l2Z\/dAAAAAXRSTlMAQObYZgAAAAlwSFlzAAAOxAAADsQBlSsOGwAAADhJREFUeNrtwTEBAAAAwqD1T+1pCaAAAAAAAAAAAAAAAAAAAAAAAAAAAAAAAAAAAAAAAAAAAADgBocYAAG2dRfPAAAAAElFTkSuQmCC\" alt=\"\" title=\"knj\" data-src=\"https:\/\/www.glas-zajecara.com\/wp-content\/uploads\/2025\/04\/knj-696x393.jpg?x54103\" loading=\"lazy\" data-srcset=\"https:\/\/www.glas-zajecara.com\/wp-content\/uploads\/2025\/04\/knj-696x393.jpg 696w, https:\/\/www.glas-zajecara.com\/wp-content\/uploads\/2025\/04\/knj-300x170.jpg 300w, https:\/\/www.glas-zajecara.com\/wp-content\/uploads\/2025\/04\/knj-1024x579.jpg 1024w, https:\/\/www.glas-zajecara.com\/wp-content\/uploads\/2025\/04\/knj-768x434.jpg 768w, https:\/\/www.glas-zajecara.com\/wp-content\/uploads\/2025\/04\/knj-1068x604.jpg 1068w, https:\/\/www.glas-zajecara.com\/wp-content\/uploads\/2025\/04\/knj-743x420.jpg 743w, https:\/\/www.glas-zajecara.com\/wp-content\/uploads\/2025\/04\/knj-531x300.jpg 531w, https:\/\/www.glas-zajecara.com\/wp-content\/uploads\/2025\/04\/knj-640x362.jpg 640w, https:\/\/www.glas-zajecara.com\/wp-content\/uploads\/2025\/04\/knj.jpg 1412w\" data-sizes=\"auto\"\/><noscript><img loading=\"lazy\" decoding=\"async\" width=\"696\" height=\"393\" class=\"entry-thumb td-modal-image\" src=\"https:\/\/www.glas-zajecara.com\/wp-content\/uploads\/2025\/04\/knj-696x393.jpg?x54103\" srcset=\"https:\/\/www.glas-zajecara.com\/wp-content\/uploads\/2025\/04\/knj-696x393.jpg 696w, https:\/\/www.glas-zajecara.com\/wp-content\/uploads\/2025\/04\/knj-300x170.jpg 300w, https:\/\/www.glas-zajecara.com\/wp-content\/uploads\/2025\/04\/knj-1024x579.jpg 1024w, https:\/\/www.glas-zajecara.com\/wp-content\/uploads\/2025\/04\/knj-768x434.jpg 768w, https:\/\/www.glas-zajecara.com\/wp-content\/uploads\/2025\/04\/knj-1068x604.jpg 1068w, https:\/\/www.glas-zajecara.com\/wp-content\/uploads\/2025\/04\/knj-743x420.jpg 743w, https:\/\/www.glas-zajecara.com\/wp-content\/uploads\/2025\/04\/knj-531x300.jpg 531w, https:\/\/www.glas-zajecara.com\/wp-content\/uploads\/2025\/04\/knj-640x362.jpg 640w, https:\/\/www.glas-zajecara.com\/wp-content\/uploads\/2025\/04\/knj.jpg 1412w\" sizes=\"auto, (max-width: 696px) 100vw, 696px\" alt=\"\" title=\"knj\" data-eio=\"l\"\/><\/noscript><\/a><\/div>\n<p><em><strong>Kako su i najavili, grupa od vi\u0161e desetina biciklista iz Knja\u017eevca, nakon 14 sati vo\u017enje, do\u0161la je u Zaje\u010dar kako bi pru\u017eili podr\u0161ku studentima u njihovim zahtevima.<\/strong><\/em><\/p>\n<p><img fetchpriority=\"high\" decoding=\"async\" class=\"aligncenter size-full wp-image-111330 lazyload\" src=\"data:image\/png;base64,iVBORw0KGgoAAAANSUhEUgAABVMAAAMmAQAAAADQmSwAAAAAAnRSTlMAAHaTzTgAAACdSURBVHja7cExAQAAAMKg9U9tCj+gAAAAAAAAAAAAAAAAAAAAAAAAAAAAAAAAAAAAAAAAAAAAAAAAAAAAAAAAAAAAAAAAAAAAAAAAAAAAAAAAAAAAAAAAAAAAAAAAAAAAAAAAAAAAAAAAAAAAAAAAAAAAAAAAAAAAAAAAAAAAAAAAAAAAAAAAAAAAAAAAAAAAAAAAAAAAAAAAAAB4GB2mAAGM2XKEAAAAAElFTkSuQmCC\" alt=\"\" width=\"1363\" height=\"806\" data-src=\"https:\/\/www.glas-zajecara.com\/wp-content\/uploads\/2025\/04\/knj1.jpg?x54103\" loading=\"lazy\" data-srcset=\"https:\/\/www.glas-zajecara.com\/wp-content\/uploads\/2025\/04\/knj1.jpg 1363w, https:\/\/www.glas-zajecara.com\/wp-content\/uploads\/2025\/04\/knj1-300x177.jpg 300w, https:\/\/www.glas-zajecara.com\/wp-content\/uploads\/2025\/04\/knj1-1024x606.jpg 1024w, https:\/\/www.glas-zajecara.com\/wp-content\/uploads\/2025\/04\/knj1-768x454.jpg 768w, https:\/\/www.glas-zajecara.com\/wp-content\/uploads\/2025\/04\/knj1-696x412.jpg 696w, https:\/\/www.glas-zajecara.com\/wp-content\/uploads\/2025\/04\/knj1-1068x632.jpg 1068w, https:\/\/www.glas-zajecara.com\/wp-content\/uploads\/2025\/04\/knj1-710x420.jpg 710w, https:\/\/www.glas-zajecara.com\/wp-content\/uploads\/2025\/04\/knj1-507x300.jpg 507w, https:\/\/www.glas-zajecara.com\/wp-content\/uploads\/2025\/04\/knj1-640x378.jpg 640w\" data-sizes=\"auto\"\/><noscript><img fetchpriority=\"high\" decoding=\"async\" class=\"aligncenter size-full wp-image-111330\" src=\"https:\/\/www.glas-zajecara.com\/wp-content\/uploads\/2025\/04\/knj1.jpg?x54103\" alt=\"\" width=\"1363\" height=\"806\" srcset=\"https:\/\/www.glas-zajecara.com\/wp-content\/uploads\/2025\/04\/knj1.jpg 1363w, https:\/\/www.glas-zajecara.com\/wp-content\/uploads\/2025\/04\/knj1-300x177.jpg 300w, https:\/\/www.glas-zajecara.com\/wp-content\/uploads\/2025\/04\/knj1-1024x606.jpg 1024w, https:\/\/www.glas-zajecara.com\/wp-content\/uploads\/2025\/04\/knj1-768x454.jpg 768w, https:\/\/www.glas-zajecara.com\/wp-content\/uploads\/2025\/04\/knj1-696x412.jpg 696w, https:\/\/www.glas-zajecara.com\/wp-content\/uploads\/2025\/04\/knj1-1068x632.jpg 1068w, https:\/\/www.glas-zajecara.com\/wp-content\/uploads\/2025\/04\/knj1-710x420.jpg 710w, https:\/\/www.glas-zajecara.com\/wp-content\/uploads\/2025\/04\/knj1-507x300.jpg 507w, https:\/\/www.glas-zajecara.com\/wp-content\/uploads\/2025\/04\/knj1-640x378.jpg 640w\" sizes=\"(max-width: 1363px) 100vw, 1363px\" data-eio=\"l\"\/><\/noscript><\/p>\n<p>Od Knja\u017eevca do Zaje\u010dara, put od 40 kilometara pre\u0161li su studenti, profesori, kao i mnogi gra\u0111ani Knja\u017eevca.<\/p>\n<p>Neformalna grupa studenata \u201eZaje\u010darci u blokadi\u201d najavila je na do\u010deku biciklista, veliki miting pod sloganom \u201eSloboda kre\u0107e sa istoka\u201d, koji \u0107e biti odr\u017ean 24. maja u Zaje\u010daru, uo\u010di predstoje\u0107ih lokalnih izbora, a gde su pozvani gra\u0111ani iz cele Srbije.<\/p>\n<p><img decoding=\"async\" class=\"aligncenter size-full wp-image-111331 lazyload\" src=\"data:image\/png;base64,iVBORw0KGgoAAAANSUhEUgAABUgAAAMWAQAAAAALrVGyAAAAAnRSTlMAAHaTzTgAAACZSURBVHja7cExAQAAAMKg9U9tDQ+gAAAAAAAAAAAAAAAAAAAAAAAAAAAAAAAAAAAAAAAAAAAAAAAAAAAAAAAAAAAAAAAAAAAAAAAAAAAAAAAAAAAAAAAAAAAAAAAAAAAAAAAAAAAAAAAAAAAAAAAAAAAAAAAAAAAAAAAAAAAAAAAAAAAAAAAAAAAAAAAAAAAAAAAAAAAAAH4MDLoAAaEFyhEAAAAASUVORK5CYII=\" alt=\"\" width=\"1352\" height=\"790\" data-src=\"https:\/\/www.glas-zajecara.com\/wp-content\/uploads\/2025\/04\/knj2.jpg?x54103\" loading=\"lazy\" data-srcset=\"https:\/\/www.glas-zajecara.com\/wp-content\/uploads\/2025\/04\/knj2.jpg 1352w, https:\/\/www.glas-zajecara.com\/wp-content\/uploads\/2025\/04\/knj2-300x175.jpg 300w, https:\/\/www.glas-zajecara.com\/wp-content\/uploads\/2025\/04\/knj2-1024x598.jpg 1024w, https:\/\/www.glas-zajecara.com\/wp-content\/uploads\/2025\/04\/knj2-768x449.jpg 768w, https:\/\/www.glas-zajecara.com\/wp-content\/uploads\/2025\/04\/knj2-696x407.jpg 696w, https:\/\/www.glas-zajecara.com\/wp-content\/uploads\/2025\/04\/knj2-1068x624.jpg 1068w, https:\/\/www.glas-zajecara.com\/wp-content\/uploads\/2025\/04\/knj2-719x420.jpg 719w, https:\/\/www.glas-zajecara.com\/wp-content\/uploads\/2025\/04\/knj2-513x300.jpg 513w, https:\/\/www.glas-zajecara.com\/wp-content\/uploads\/2025\/04\/knj2-640x374.jpg 640w\" data-sizes=\"auto\"\/><noscript><img loading=\"lazy\" decoding=\"async\" class=\"aligncenter size-full wp-image-111331\" src=\"https:\/\/www.glas-zajecara.com\/wp-content\/uploads\/2025\/04\/knj2.jpg?x54103\" alt=\"\" width=\"1352\" height=\"790\" srcset=\"https:\/\/www.glas-zajecara.com\/wp-content\/uploads\/2025\/04\/knj2.jpg 1352w, https:\/\/www.glas-zajecara.com\/wp-content\/uploads\/2025\/04\/knj2-300x175.jpg 300w, https:\/\/www.glas-zajecara.com\/wp-content\/uploads\/2025\/04\/knj2-1024x598.jpg 1024w, https:\/\/www.glas-zajecara.com\/wp-content\/uploads\/2025\/04\/knj2-768x449.jpg 768w, https:\/\/www.glas-zajecara.com\/wp-content\/uploads\/2025\/04\/knj2-696x407.jpg 696w, https:\/\/www.glas-zajecara.com\/wp-content\/uploads\/2025\/04\/knj2-1068x624.jpg 1068w, https:\/\/www.glas-zajecara.com\/wp-content\/uploads\/2025\/04\/knj2-719x420.jpg 719w, https:\/\/www.glas-zajecara.com\/wp-content\/uploads\/2025\/04\/knj2-513x300.jpg 513w, https:\/\/www.glas-zajecara.com\/wp-content\/uploads\/2025\/04\/knj2-640x374.jpg 640w\" sizes=\"auto, (max-width: 1352px) 100vw, 1352px\" data-eio=\"l\"\/><\/noscript><\/p>\n<p>Na skupu u Zaje\u010daru, govorio je i Branislav Mihajlovi\u0107, student iz Zaje\u010dara, koji je i\u0161ao sa studentima biciklom do Strazbura.<\/p>\n<p>Nekoliko aktivista SNS, slikala je u\u010desnike, kao i gra\u0111ane, a omalova\u017eavanje je krenulo jo\u0161 dok je skup trajao, preko stranica koje povezane sa ljudima iz vladaju\u0107e partije.<\/p>\n<div class=\"td-a-rec td-a-rec-id-content_bottom  tdi_32_361 td_block_template_4\"><a href=\"https:\/\/promenazajecar.rs\/&quot;\" target=\"_blank\" rel=\"noopener\"><img decoding=\"async\" src=\"data:image\/png;base64,iVBORw0KGgoAAAANSUhEUgAAAtgAAABgAQAAAAAPrjiZAAAAAnRSTlMAAHaTzTgAAAAfSURBVGje7cExAQAAAMKg9U9tB2+gAAAAAAAAAADgNyKAAAHcngKOAAAAAElFTkSuQmCC\" data-src=\"https:\/\/www.glas-zajecara.com\/wp-content\/uploads\/2025\/04\/baner-728x96-1.jpg?x54103\" loading=\"lazy\" class=\"lazyload\"\/><noscript><img decoding=\"async\" src=\"https:\/\/www.glas-zajecara.com\/wp-content\/uploads\/2025\/04\/baner-728x96-1.jpg?x54103\" data-eio=\"l\"\/><\/noscript><\/a><\/div>\n<\/div>\n<p><script type=text\/javascript>!function(f,b,e,v,n,t,s){if(f.fbq)return;n=f.fbq=function(){n.callMethod?\nn.callMethod.apply(n,arguments):n.queue.push(arguments)};if(!f._fbq)f._fbq=n;\nn.push=n;n.loaded=!0;n.version='2.0';n.queue=[];t=b.createElement(e);t.async=!0;\nt.src=v;s=b.getElementsByTagName(e)[0];s.parentNode.insertBefore(t,s)}(window,\ndocument,'script','https:\/\/connect.facebook.net\/en_US\/fbevents.js');<\/script><script>(function (d, s, id) {\n                var js, fjs = d.getElementsByTagName(s)[0];\n                if (d.getElementById(id)) return;\n                js = d.createElement(s);\n                js.id = id;\n                js.src = \"\/\/connect.facebook.net\/en_US\/sdk.js#xfbml=1&version=v2.4&appID=182766229139400\";\n                fjs.parentNode.insertBefore(js, fjs);\n            }(document, 'script', 'facebook-jssdk'));<\/script><br \/>\n<br \/><a href=\"https:\/\/www.glas-zajecara.com\/biciklisti-iz-knjazevca-docekani-u-zajecaru-za-24-maj-najavljen-veliki-skup-pod-nazivom-sloboda-krece-sa-istoka\/\" target=\"_blank\" rel=\"noopener\">Source link <\/a><br \/>\n\n Biciklisti iz Knja\u017eevca do\u010dekani u Zaje\u010daru: Za 24. maj najavljen veliki skup pod nazivom \u201eSloboda kre\u0107e sa istoka\u201d<\/p>\n","protected":false},"excerpt":{"rendered":"<p>Kako su i najavili, grupa od vi\u0161e desetina biciklista iz Knja\u017eevca, nakon 14 sati vo\u017enje, do\u0161la je u Zaje\u010dar kako&hellip;<\/p>\n","protected":false},"author":1,"featured_media":2775,"comment_status":"open","ping_status":"open","sticky":false,"template":"","format":"standard","meta":{"footnotes":""},"categories":[1],"tags":[],"class_list":["post-2774","post","type-post","status-publish","format-standard","has-post-thumbnail","hentry","category-oglasi-knjazevac"],"_links":{"self":[{"href":"https:\/\/oglasi.infooglasi.rs\/oglasi\/oglasiknjazevac\/wp-json\/wp\/v2\/posts\/2774","targetHints":{"allow":["GET"]}}],"collection":[{"href":"https:\/\/oglasi.infooglasi.rs\/oglasi\/oglasiknjazevac\/wp-json\/wp\/v2\/posts"}],"about":[{"href":"https:\/\/oglasi.infooglasi.rs\/oglasi\/oglasiknjazevac\/wp-json\/wp\/v2\/types\/post"}],"author":[{"embeddable":true,"href":"https:\/\/oglasi.infooglasi.rs\/oglasi\/oglasiknjazevac\/wp-json\/wp\/v2\/users\/1"}],"replies":[{"embeddable":true,"href":"https:\/\/oglasi.infooglasi.rs\/oglasi\/oglasiknjazevac\/wp-json\/wp\/v2\/comments?post=2774"}],"version-history":[{"count":0,"href":"https:\/\/oglasi.infooglasi.rs\/oglasi\/oglasiknjazevac\/wp-json\/wp\/v2\/posts\/2774\/revisions"}],"wp:featuredmedia":[{"embeddable":true,"href":"https:\/\/oglasi.infooglasi.rs\/oglasi\/oglasiknjazevac\/wp-json\/wp\/v2\/media\/2775"}],"wp:attachment":[{"href":"https:\/\/oglasi.infooglasi.rs\/oglasi\/oglasiknjazevac\/wp-json\/wp\/v2\/media?parent=2774"}],"wp:term":[{"taxonomy":"category","embeddable":true,"href":"https:\/\/oglasi.infooglasi.rs\/oglasi\/oglasiknjazevac\/wp-json\/wp\/v2\/categories?post=2774"},{"taxonomy":"post_tag","embeddable":true,"href":"https:\/\/oglasi.infooglasi.rs\/oglasi\/oglasiknjazevac\/wp-json\/wp\/v2\/tags?post=2774"}],"curies":[{"name":"wp","href":"https:\/\/api.w.org\/{rel}","templated":true}]}}