{"id":2520,"date":"2024-01-20T03:03:39","date_gmt":"2024-01-20T02:03:39","guid":{"rendered":"https:\/\/oglasi.infooglasi.rs\/oglasi\/oglasikoceljeva\/oni-prave-zimnicu-za-medalju-ovo-su-drzavni-sampioni-za-ajvar-i-pekmez-oglasi-knjazevac\/"},"modified":"2024-02-27T21:43:38","modified_gmt":"2024-02-27T20:43:38","slug":"oni-prave-zimnicu-za-medalju-ovo-su-drzavni-sampioni-za-ajvar-i-pekmez-oglasi-knjazevac","status":"publish","type":"post","link":"https:\/\/oglasi.infooglasi.rs\/oglasi\/oglasikoceljeva\/oni-prave-zimnicu-za-medalju-ovo-su-drzavni-sampioni-za-ajvar-i-pekmez-oglasi-knjazevac\/","title":{"rendered":"Oni prave ZIMNICU ZA MEDALJU: Ovo su dr\u017eavni \u0161ampioni za AJVAR i PEKMEZ &#8211; OGLASI KOCELJEVA"},"content":{"rendered":"<p><\/p>\n<div>\n<p>A vi gosti, dobro ste nam do\u0161li, u dobri \u010das, za dobro zdravlje i dobro veselje. Slogu i ljubavi neka vam Bog da, sre\u0107e imali, da ste 100 godina \u017eivi i zdravi \u2013 poru\u010dili su de\u010daci i devoj\u010dice sa bine u centru Koceljeve, najavljuju\u0107i po\u010detak osmog Festivala zimnice pra\u0107enog zanimljivim muzi\u010dkim i scenskim programom. <strong>Miholjska jesen i temperatura iznad 20 stepeni i\u0161li su u prilog svima, pa je i izlaga\u010da i publike bilo na pretek.<\/strong><\/p>\n<p><a href=\"https:\/\/pricesadusom.com\/wp-content\/uploads\/2016\/10\/Festival-zimnice-Koceljeva-095_1024x768.jpg\" target=\"_blank\" rel=\"noopener\"><noscript><img loading=\"lazy\" decoding=\"async\" class=\"aligncenter wp-image-5179 size-large\" src=\"https:\/\/pricesadusom.com\/wp-content\/uploads\/2016\/10\/Festival-zimnice-Koceljeva-095_1024x768-1024x768.jpg\" alt=\"festival-zimnice-koceljeva-095_1024x768\" width=\"730\" height=\"548\" srcset=\"https:\/\/pricesadusom.com\/wp-content\/uploads\/2016\/10\/Festival-zimnice-Koceljeva-095_1024x768.jpg 1024w, https:\/\/pricesadusom.com\/wp-content\/uploads\/2016\/10\/Festival-zimnice-Koceljeva-095_1024x768-300x225.jpg 300w, https:\/\/pricesadusom.com\/wp-content\/uploads\/2016\/10\/Festival-zimnice-Koceljeva-095_1024x768-768x576.jpg 768w, https:\/\/pricesadusom.com\/wp-content\/uploads\/2016\/10\/Festival-zimnice-Koceljeva-095_1024x768-356x267.jpg 356w, https:\/\/pricesadusom.com\/wp-content\/uploads\/2016\/10\/Festival-zimnice-Koceljeva-095_1024x768-730x548.jpg 730w\" sizes=\"auto, (max-width: 730px) 100vw, 730px\"\/><\/noscript><img loading=\"lazy\" decoding=\"async\" class=\"lazyload aligncenter wp-image-5179 size-large\" src=\"https:\/\/pricesadusom.com\/wp-content\/uploads\/2016\/10\/Festival-zimnice-Koceljeva-095_1024x768-1024x768.jpg\" alt=\"festival-zimnice-koceljeva-095_1024x768\" width=\"730\" height=\"548\" srcset=\"https:\/\/pricesadusom.com\/wp-content\/uploads\/2016\/10\/Festival-zimnice-Koceljeva-095_1024x768.jpg 1024w, https:\/\/pricesadusom.com\/wp-content\/uploads\/2016\/10\/Festival-zimnice-Koceljeva-095_1024x768-300x225.jpg 300w, https:\/\/pricesadusom.com\/wp-content\/uploads\/2016\/10\/Festival-zimnice-Koceljeva-095_1024x768-768x576.jpg 768w, https:\/\/pricesadusom.com\/wp-content\/uploads\/2016\/10\/Festival-zimnice-Koceljeva-095_1024x768-356x267.jpg 356w, https:\/\/pricesadusom.com\/wp-content\/uploads\/2016\/10\/Festival-zimnice-Koceljeva-095_1024x768-730x548.jpg 730w\" data-sizes=\"(max-width: 730px) 100vw, 730px\"\/><\/a>Vi\u0161e hiljada ljudi \u0161etalo se me\u0111u oko 200 tezgi ne bi li izabrali <strong>ajvar, \u0161arenu salatu, krastav\u010di\u0107e, d\u017eemove, sirupe, slatko<\/strong> i druge specijalitete u teglama i fla\u0161ama, po svojoj meri. Na tablama iznad \u0161tandova smenjivala su se imena gradova i sela iz ovog kraja: \u0160abac, Valjevo, Lajkovac, Donje Crniljevo, Svileuva, Golo\u010delo, Draginje, Mi\u0161i\u0107evo, Dru\u017eeti\u0107, Pambukovica\u2026 <strong>Cene su bile pristojne, pa su mnogi porodi\u010dno do\u0161li iz velikih gradova kako bi kupili ajvar za 400 dinara. \u00a0\u00a0<\/strong><\/p>\n<p><a href=\"https:\/\/pricesadusom.com\/wp-content\/uploads\/2016\/10\/Festival-zimnice-Koceljeva-080_1024x768.jpg\" target=\"_blank\" rel=\"noopener\"><noscript><img loading=\"lazy\" decoding=\"async\" class=\"aligncenter wp-image-5178 size-large\" src=\"https:\/\/pricesadusom.com\/wp-content\/uploads\/2016\/10\/Festival-zimnice-Koceljeva-080_1024x768-1024x768.jpg\" alt=\"festival-zimnice-koceljeva-080_1024x768\" width=\"730\" height=\"548\" srcset=\"https:\/\/pricesadusom.com\/wp-content\/uploads\/2016\/10\/Festival-zimnice-Koceljeva-080_1024x768.jpg 1024w, https:\/\/pricesadusom.com\/wp-content\/uploads\/2016\/10\/Festival-zimnice-Koceljeva-080_1024x768-300x225.jpg 300w, https:\/\/pricesadusom.com\/wp-content\/uploads\/2016\/10\/Festival-zimnice-Koceljeva-080_1024x768-768x576.jpg 768w, https:\/\/pricesadusom.com\/wp-content\/uploads\/2016\/10\/Festival-zimnice-Koceljeva-080_1024x768-356x267.jpg 356w, https:\/\/pricesadusom.com\/wp-content\/uploads\/2016\/10\/Festival-zimnice-Koceljeva-080_1024x768-730x548.jpg 730w\" sizes=\"auto, (max-width: 730px) 100vw, 730px\"\/><\/noscript><img loading=\"lazy\" decoding=\"async\" class=\"lazyload aligncenter wp-image-5178 size-large\" src=\"https:\/\/pricesadusom.com\/wp-content\/uploads\/2016\/10\/Festival-zimnice-Koceljeva-080_1024x768-1024x768.jpg\" alt=\"festival-zimnice-koceljeva-080_1024x768\" width=\"730\" height=\"548\" srcset=\"https:\/\/pricesadusom.com\/wp-content\/uploads\/2016\/10\/Festival-zimnice-Koceljeva-080_1024x768.jpg 1024w, https:\/\/pricesadusom.com\/wp-content\/uploads\/2016\/10\/Festival-zimnice-Koceljeva-080_1024x768-300x225.jpg 300w, https:\/\/pricesadusom.com\/wp-content\/uploads\/2016\/10\/Festival-zimnice-Koceljeva-080_1024x768-768x576.jpg 768w, https:\/\/pricesadusom.com\/wp-content\/uploads\/2016\/10\/Festival-zimnice-Koceljeva-080_1024x768-356x267.jpg 356w, https:\/\/pricesadusom.com\/wp-content\/uploads\/2016\/10\/Festival-zimnice-Koceljeva-080_1024x768-730x548.jpg 730w\" data-sizes=\"(max-width: 730px) 100vw, 730px\"\/><\/a>Kako sam stigao u Koceljevu? Za festival sam odavno \u010duo, ali sam tek ove godine dobio poziv, i to od Marka Momirovi\u0107a iz Svileuve, profesora u Srednjoj \u0161koli u Koceljevi, koji proizvodi rakiju <a href=\"http:\/\/rakijavojvoda.rs\/\" target=\"_blank\" rel=\"noopener noreferrer\">Vojvoda<\/a>. Iako na sajtu BAS-a stoje samo dva polaska dnevno, pre dolaska u ovaj kraj (ako dolazite iz Beograda) <strong>obavezno pozovite autobusku stanicu u Koceljevi<\/strong> kako bi ste se raspitali za ostale prevoznike koji kre\u0107u sa Lastine stanice. Jeste \u010dudno, ali na internetu nema potpunih i objedinjenih informacija o svim prevoznicima. Put od 98 kilometara, preko Vladimiraca, pre\u0161li smo za dva sata.<\/p>\n<figure id=\"attachment_5198\" aria-describedby=\"caption-attachment-5198\" style=\"width: 730px\" class=\"wp-caption aligncenter\"><a href=\"https:\/\/pricesadusom.com\/wp-content\/uploads\/2016\/10\/Festival-zimnice-Koceljeva-248_1024x768.jpg\" target=\"_blank\" rel=\"noopener\"><noscript><img loading=\"lazy\" decoding=\"async\" class=\"wp-image-5198 size-large\" src=\"https:\/\/pricesadusom.com\/wp-content\/uploads\/2016\/10\/Festival-zimnice-Koceljeva-248_1024x768-1024x768.jpg\" alt=\"festival-zimnice-koceljeva-248_1024x768\" width=\"730\" height=\"548\" srcset=\"https:\/\/pricesadusom.com\/wp-content\/uploads\/2016\/10\/Festival-zimnice-Koceljeva-248_1024x768.jpg 1024w, https:\/\/pricesadusom.com\/wp-content\/uploads\/2016\/10\/Festival-zimnice-Koceljeva-248_1024x768-300x225.jpg 300w, https:\/\/pricesadusom.com\/wp-content\/uploads\/2016\/10\/Festival-zimnice-Koceljeva-248_1024x768-768x576.jpg 768w, https:\/\/pricesadusom.com\/wp-content\/uploads\/2016\/10\/Festival-zimnice-Koceljeva-248_1024x768-356x267.jpg 356w, https:\/\/pricesadusom.com\/wp-content\/uploads\/2016\/10\/Festival-zimnice-Koceljeva-248_1024x768-730x548.jpg 730w\" sizes=\"auto, (max-width: 730px) 100vw, 730px\"\/><\/noscript><img loading=\"lazy\" decoding=\"async\" class=\"lazyload wp-image-5198 size-large\" src=\"https:\/\/pricesadusom.com\/wp-content\/uploads\/2016\/10\/Festival-zimnice-Koceljeva-248_1024x768-1024x768.jpg\" alt=\"festival-zimnice-koceljeva-248_1024x768\" width=\"730\" height=\"548\" srcset=\"https:\/\/pricesadusom.com\/wp-content\/uploads\/2016\/10\/Festival-zimnice-Koceljeva-248_1024x768.jpg 1024w, https:\/\/pricesadusom.com\/wp-content\/uploads\/2016\/10\/Festival-zimnice-Koceljeva-248_1024x768-300x225.jpg 300w, https:\/\/pricesadusom.com\/wp-content\/uploads\/2016\/10\/Festival-zimnice-Koceljeva-248_1024x768-768x576.jpg 768w, https:\/\/pricesadusom.com\/wp-content\/uploads\/2016\/10\/Festival-zimnice-Koceljeva-248_1024x768-356x267.jpg 356w, https:\/\/pricesadusom.com\/wp-content\/uploads\/2016\/10\/Festival-zimnice-Koceljeva-248_1024x768-730x548.jpg 730w\" data-sizes=\"(max-width: 730px) 100vw, 730px\"\/><\/a><figcaption id=\"caption-attachment-5198\" class=\"wp-caption-text\">Marko i ja na \u0161tandu rakije Vojvoda<\/figcaption><\/figure>\n<p>Po dolasku, posetio sam srednju \u0161kolu, a zatim oti\u0161ao <strong>u crkvu Svetog Konstantina i Jelene<\/strong>, koja je podignuta 1868. godine. Zabele\u017eeno je da je prvi sve\u0161tenik bio Ljubomir Babovi\u0107, \u010dijim zalaganjem je ovaj sveti hram i podignut.<\/p>\n<p><a href=\"https:\/\/pricesadusom.com\/wp-content\/uploads\/2016\/10\/Festival-zimnice-Koceljeva-228_1024x768.jpg\" target=\"_blank\" rel=\"noopener\"><noscript><img loading=\"lazy\" decoding=\"async\" class=\"aligncenter wp-image-5193 size-large\" src=\"https:\/\/pricesadusom.com\/wp-content\/uploads\/2016\/10\/Festival-zimnice-Koceljeva-228_1024x768-1024x768.jpg\" alt=\"festival-zimnice-koceljeva-228_1024x768\" width=\"730\" height=\"548\" srcset=\"https:\/\/pricesadusom.com\/wp-content\/uploads\/2016\/10\/Festival-zimnice-Koceljeva-228_1024x768.jpg 1024w, https:\/\/pricesadusom.com\/wp-content\/uploads\/2016\/10\/Festival-zimnice-Koceljeva-228_1024x768-300x225.jpg 300w, https:\/\/pricesadusom.com\/wp-content\/uploads\/2016\/10\/Festival-zimnice-Koceljeva-228_1024x768-768x576.jpg 768w, https:\/\/pricesadusom.com\/wp-content\/uploads\/2016\/10\/Festival-zimnice-Koceljeva-228_1024x768-356x267.jpg 356w, https:\/\/pricesadusom.com\/wp-content\/uploads\/2016\/10\/Festival-zimnice-Koceljeva-228_1024x768-730x548.jpg 730w\" sizes=\"auto, (max-width: 730px) 100vw, 730px\"\/><\/noscript><img loading=\"lazy\" decoding=\"async\" class=\"lazyload aligncenter wp-image-5193 size-large\" src=\"https:\/\/pricesadusom.com\/wp-content\/uploads\/2016\/10\/Festival-zimnice-Koceljeva-228_1024x768-1024x768.jpg\" alt=\"festival-zimnice-koceljeva-228_1024x768\" width=\"730\" height=\"548\" srcset=\"https:\/\/pricesadusom.com\/wp-content\/uploads\/2016\/10\/Festival-zimnice-Koceljeva-228_1024x768.jpg 1024w, https:\/\/pricesadusom.com\/wp-content\/uploads\/2016\/10\/Festival-zimnice-Koceljeva-228_1024x768-300x225.jpg 300w, https:\/\/pricesadusom.com\/wp-content\/uploads\/2016\/10\/Festival-zimnice-Koceljeva-228_1024x768-768x576.jpg 768w, https:\/\/pricesadusom.com\/wp-content\/uploads\/2016\/10\/Festival-zimnice-Koceljeva-228_1024x768-356x267.jpg 356w, https:\/\/pricesadusom.com\/wp-content\/uploads\/2016\/10\/Festival-zimnice-Koceljeva-228_1024x768-730x548.jpg 730w\" data-sizes=\"(max-width: 730px) 100vw, 730px\"\/><\/a>U blizini je i <strong>Zavi\u010dajni muzej<\/strong> u kojem mo\u017eete \u010duti pri\u010du o dalekoj istoriji ovog kraja, a pre svega o na\u0161em \u010duvenom knji\u017eevniku Janku Veselinovi\u0107u koji je bio u\u010ditelj u toj nekada\u0161njoj zgradi Male\u00a0\u0161kole iz 19. veka, kao i o Pop Luki Lazarevi\u0107u, sve\u0161teniku i vo\u0111i ustanka u Tamnavi i Boja na Svileuvi 1804. godine. Tu je i sto iz Svileuve na kojem je Janko Veselinovi\u0107 napisao svoje prve pripovetke i brojne fotografije iz njegovog \u017eivota i naslednika.<\/p>\n<p><a href=\"https:\/\/pricesadusom.com\/wp-content\/uploads\/2016\/10\/Festival-zimnice-Koceljeva-159_1024x768.jpg\" target=\"_blank\" rel=\"noopener\"><noscript><img loading=\"lazy\" decoding=\"async\" class=\"aligncenter wp-image-5185 size-large\" src=\"https:\/\/pricesadusom.com\/wp-content\/uploads\/2016\/10\/Festival-zimnice-Koceljeva-159_1024x768-1024x768.jpg\" alt=\"festival-zimnice-koceljeva-159_1024x768\" width=\"730\" height=\"548\" srcset=\"https:\/\/pricesadusom.com\/wp-content\/uploads\/2016\/10\/Festival-zimnice-Koceljeva-159_1024x768.jpg 1024w, https:\/\/pricesadusom.com\/wp-content\/uploads\/2016\/10\/Festival-zimnice-Koceljeva-159_1024x768-300x225.jpg 300w, https:\/\/pricesadusom.com\/wp-content\/uploads\/2016\/10\/Festival-zimnice-Koceljeva-159_1024x768-768x576.jpg 768w, https:\/\/pricesadusom.com\/wp-content\/uploads\/2016\/10\/Festival-zimnice-Koceljeva-159_1024x768-356x267.jpg 356w, https:\/\/pricesadusom.com\/wp-content\/uploads\/2016\/10\/Festival-zimnice-Koceljeva-159_1024x768-730x548.jpg 730w\" sizes=\"auto, (max-width: 730px) 100vw, 730px\"\/><\/noscript><img loading=\"lazy\" decoding=\"async\" class=\"lazyload aligncenter wp-image-5185 size-large\" src=\"https:\/\/pricesadusom.com\/wp-content\/uploads\/2016\/10\/Festival-zimnice-Koceljeva-159_1024x768-1024x768.jpg\" alt=\"festival-zimnice-koceljeva-159_1024x768\" width=\"730\" height=\"548\" srcset=\"https:\/\/pricesadusom.com\/wp-content\/uploads\/2016\/10\/Festival-zimnice-Koceljeva-159_1024x768.jpg 1024w, https:\/\/pricesadusom.com\/wp-content\/uploads\/2016\/10\/Festival-zimnice-Koceljeva-159_1024x768-300x225.jpg 300w, https:\/\/pricesadusom.com\/wp-content\/uploads\/2016\/10\/Festival-zimnice-Koceljeva-159_1024x768-768x576.jpg 768w, https:\/\/pricesadusom.com\/wp-content\/uploads\/2016\/10\/Festival-zimnice-Koceljeva-159_1024x768-356x267.jpg 356w, https:\/\/pricesadusom.com\/wp-content\/uploads\/2016\/10\/Festival-zimnice-Koceljeva-159_1024x768-730x548.jpg 730w\" data-sizes=\"(max-width: 730px) 100vw, 730px\"\/><\/a>Posle turisti\u010dkog obilaska, vratio sam se u ko\u0161nicu de\u0161avanja i popri\u010dao sa nekim od nagra\u0111enih u\u010desnika. <strong>Mileva Vasi\u0107 iz Koceljeve, poznatija kao Jula,<\/strong> po peti put je na tronu najboljih doma\u0107ica koje prave slatki\u0161e, a ove godine dobila je dve nagrade \u2013 <strong>za najbolji d\u017eem od smok\u0432e u kategoriji marmelada i d\u017eemova, i za najbolji sok od zove u kategoriji sirupa<\/strong>. Ova penzionerka koja je nekada radila u fabrici za preradu vo\u0107a i povr\u0107a na Festivalu zimnice u\u010destvuje od prvog izdanja, ve\u0107 osam godina i ka\u017ee da je vi\u0161e nego zadovoljna.<\/p>\n<figure id=\"attachment_5176\" aria-describedby=\"caption-attachment-5176\" style=\"width: 730px\" class=\"wp-caption aligncenter\"><a href=\"https:\/\/pricesadusom.com\/wp-content\/uploads\/2016\/10\/Festival-zimnice-Koceljeva-073_1024x768.jpg\" target=\"_blank\" rel=\"noopener\"><noscript><img loading=\"lazy\" decoding=\"async\" class=\"wp-image-5176 size-large\" src=\"https:\/\/pricesadusom.com\/wp-content\/uploads\/2016\/10\/Festival-zimnice-Koceljeva-073_1024x768-1024x768.jpg\" alt=\"festival-zimnice-koceljeva-073_1024x768\" width=\"730\" height=\"548\" srcset=\"https:\/\/pricesadusom.com\/wp-content\/uploads\/2016\/10\/Festival-zimnice-Koceljeva-073_1024x768.jpg 1024w, https:\/\/pricesadusom.com\/wp-content\/uploads\/2016\/10\/Festival-zimnice-Koceljeva-073_1024x768-300x225.jpg 300w, https:\/\/pricesadusom.com\/wp-content\/uploads\/2016\/10\/Festival-zimnice-Koceljeva-073_1024x768-768x576.jpg 768w, https:\/\/pricesadusom.com\/wp-content\/uploads\/2016\/10\/Festival-zimnice-Koceljeva-073_1024x768-356x267.jpg 356w, https:\/\/pricesadusom.com\/wp-content\/uploads\/2016\/10\/Festival-zimnice-Koceljeva-073_1024x768-730x548.jpg 730w\" sizes=\"auto, (max-width: 730px) 100vw, 730px\"\/><\/noscript><img loading=\"lazy\" decoding=\"async\" class=\"lazyload wp-image-5176 size-large\" src=\"https:\/\/pricesadusom.com\/wp-content\/uploads\/2016\/10\/Festival-zimnice-Koceljeva-073_1024x768-1024x768.jpg\" alt=\"festival-zimnice-koceljeva-073_1024x768\" width=\"730\" height=\"548\" srcset=\"https:\/\/pricesadusom.com\/wp-content\/uploads\/2016\/10\/Festival-zimnice-Koceljeva-073_1024x768.jpg 1024w, https:\/\/pricesadusom.com\/wp-content\/uploads\/2016\/10\/Festival-zimnice-Koceljeva-073_1024x768-300x225.jpg 300w, https:\/\/pricesadusom.com\/wp-content\/uploads\/2016\/10\/Festival-zimnice-Koceljeva-073_1024x768-768x576.jpg 768w, https:\/\/pricesadusom.com\/wp-content\/uploads\/2016\/10\/Festival-zimnice-Koceljeva-073_1024x768-356x267.jpg 356w, https:\/\/pricesadusom.com\/wp-content\/uploads\/2016\/10\/Festival-zimnice-Koceljeva-073_1024x768-730x548.jpg 730w\" data-sizes=\"(max-width: 730px) 100vw, 730px\"\/><\/a><figcaption id=\"caption-attachment-5176\" class=\"wp-caption-text\">Mileva i Gordana \u0161alju svoje proizvode po\u0161tom i autobusom, a izla\u017eu samo jednom godi\u0161nje na Festivalu zimnice u Koceljevi<\/figcaption><\/figure>\n<p>\u2013 Sve \u0161to vidite na ovom stolu sama sam napravila i prethodno uzgajala u svom stakleniku. Sezonu po\u010dinjem u maju, kada <strong>procveta zova<\/strong>, tada pravim sokove, a onda, kako \u0161ta sti\u017ee, prelazim na d\u017eemove, salate i druge slane specijalitete. Probajte moje krastav\u010di\u0107e sa ljutim papri\u010dicama, papriku sa senfom i <strong>ajvar sa zelenim paradajzom<\/strong> \u2013 nudi mi Jula.<\/p>\n<p><a href=\"https:\/\/pricesadusom.com\/wp-content\/uploads\/2016\/10\/Festival-zimnice-Koceljeva-077_1024x768.jpg\" target=\"_blank\" rel=\"noopener\"><noscript><img loading=\"lazy\" decoding=\"async\" class=\"aligncenter wp-image-5177 size-large\" src=\"https:\/\/pricesadusom.com\/wp-content\/uploads\/2016\/10\/Festival-zimnice-Koceljeva-077_1024x768-1024x768.jpg\" alt=\"festival-zimnice-koceljeva-077_1024x768\" width=\"730\" height=\"548\" srcset=\"https:\/\/pricesadusom.com\/wp-content\/uploads\/2016\/10\/Festival-zimnice-Koceljeva-077_1024x768.jpg 1024w, https:\/\/pricesadusom.com\/wp-content\/uploads\/2016\/10\/Festival-zimnice-Koceljeva-077_1024x768-300x225.jpg 300w, https:\/\/pricesadusom.com\/wp-content\/uploads\/2016\/10\/Festival-zimnice-Koceljeva-077_1024x768-768x576.jpg 768w, https:\/\/pricesadusom.com\/wp-content\/uploads\/2016\/10\/Festival-zimnice-Koceljeva-077_1024x768-356x267.jpg 356w, https:\/\/pricesadusom.com\/wp-content\/uploads\/2016\/10\/Festival-zimnice-Koceljeva-077_1024x768-730x548.jpg 730w\" sizes=\"auto, (max-width: 730px) 100vw, 730px\"\/><\/noscript><img loading=\"lazy\" decoding=\"async\" class=\"lazyload aligncenter wp-image-5177 size-large\" src=\"https:\/\/pricesadusom.com\/wp-content\/uploads\/2016\/10\/Festival-zimnice-Koceljeva-077_1024x768-1024x768.jpg\" alt=\"festival-zimnice-koceljeva-077_1024x768\" width=\"730\" height=\"548\" srcset=\"https:\/\/pricesadusom.com\/wp-content\/uploads\/2016\/10\/Festival-zimnice-Koceljeva-077_1024x768.jpg 1024w, https:\/\/pricesadusom.com\/wp-content\/uploads\/2016\/10\/Festival-zimnice-Koceljeva-077_1024x768-300x225.jpg 300w, https:\/\/pricesadusom.com\/wp-content\/uploads\/2016\/10\/Festival-zimnice-Koceljeva-077_1024x768-768x576.jpg 768w, https:\/\/pricesadusom.com\/wp-content\/uploads\/2016\/10\/Festival-zimnice-Koceljeva-077_1024x768-356x267.jpg 356w, https:\/\/pricesadusom.com\/wp-content\/uploads\/2016\/10\/Festival-zimnice-Koceljeva-077_1024x768-730x548.jpg 730w\" data-sizes=\"(max-width: 730px) 100vw, 730px\"\/><\/a>Do nje se sa svojim proizvodima smestila njena sugra\u0111anka i koleginica <strong>Gordana \u0110uri\u0107,<\/strong> penzionerka koja je po\u010dela da sprema zimnicu zbog svog unuka, a onda i da prodaje mu\u0161terijama.<\/p>\n<p>\u2013 <strong>Penzije su nam male, pa smo re\u0161ile da ne\u0161to dodatno radimo.<\/strong> Jula je prva po\u010dela, a ja sam joj se pridru\u017eila kada sam se sa mu\u017eem vratila na selo \u2013 pri\u010da mi.<\/p>\n<p><a href=\"https:\/\/pricesadusom.com\/wp-content\/uploads\/2016\/10\/Festival-zimnice-Koceljeva-205_1024x768.jpg\" target=\"_blank\" rel=\"noopener\"><noscript><img loading=\"lazy\" decoding=\"async\" class=\"aligncenter wp-image-5187 size-large\" src=\"https:\/\/pricesadusom.com\/wp-content\/uploads\/2016\/10\/Festival-zimnice-Koceljeva-205_1024x768-1024x768.jpg\" alt=\"festival-zimnice-koceljeva-205_1024x768\" width=\"730\" height=\"548\" srcset=\"https:\/\/pricesadusom.com\/wp-content\/uploads\/2016\/10\/Festival-zimnice-Koceljeva-205_1024x768.jpg 1024w, https:\/\/pricesadusom.com\/wp-content\/uploads\/2016\/10\/Festival-zimnice-Koceljeva-205_1024x768-300x225.jpg 300w, https:\/\/pricesadusom.com\/wp-content\/uploads\/2016\/10\/Festival-zimnice-Koceljeva-205_1024x768-768x576.jpg 768w, https:\/\/pricesadusom.com\/wp-content\/uploads\/2016\/10\/Festival-zimnice-Koceljeva-205_1024x768-356x267.jpg 356w, https:\/\/pricesadusom.com\/wp-content\/uploads\/2016\/10\/Festival-zimnice-Koceljeva-205_1024x768-730x548.jpg 730w\" sizes=\"auto, (max-width: 730px) 100vw, 730px\"\/><\/noscript><img loading=\"lazy\" decoding=\"async\" class=\"lazyload aligncenter wp-image-5187 size-large\" src=\"https:\/\/pricesadusom.com\/wp-content\/uploads\/2016\/10\/Festival-zimnice-Koceljeva-205_1024x768-1024x768.jpg\" alt=\"festival-zimnice-koceljeva-205_1024x768\" width=\"730\" height=\"548\" srcset=\"https:\/\/pricesadusom.com\/wp-content\/uploads\/2016\/10\/Festival-zimnice-Koceljeva-205_1024x768.jpg 1024w, https:\/\/pricesadusom.com\/wp-content\/uploads\/2016\/10\/Festival-zimnice-Koceljeva-205_1024x768-300x225.jpg 300w, https:\/\/pricesadusom.com\/wp-content\/uploads\/2016\/10\/Festival-zimnice-Koceljeva-205_1024x768-768x576.jpg 768w, https:\/\/pricesadusom.com\/wp-content\/uploads\/2016\/10\/Festival-zimnice-Koceljeva-205_1024x768-356x267.jpg 356w, https:\/\/pricesadusom.com\/wp-content\/uploads\/2016\/10\/Festival-zimnice-Koceljeva-205_1024x768-730x548.jpg 730w\" data-sizes=\"(max-width: 730px) 100vw, 730px\"\/><\/a>Jula dodaje da je <strong>slatko od ru\u017ee<\/strong> veoma tra\u017eeno.<\/p>\n<p>\u2013 Kilogram \u0161e\u0107era se u\u0161pinuje sa dve \u010da\u0161e vode, <strong>doda se 350 grama latica crvene ru\u017ee<\/strong>, jedna kesica limuntusa i sve se kuva zajedno. Taj stari recept mi je ostao od bake, ba\u0161 kao i ru\u017ee u dvori\u0161tu. Pravim i sirup od ru\u017ee, od zove, vi\u0161nje, maline, koprive\u2026<\/p>\n<figure id=\"attachment_5195\" aria-describedby=\"caption-attachment-5195\" style=\"width: 730px\" class=\"wp-caption aligncenter\"><a href=\"https:\/\/pricesadusom.com\/wp-content\/uploads\/2016\/10\/Festival-zimnice-Koceljeva-235_1024x768.jpg\" target=\"_blank\" rel=\"noopener\"><noscript><img loading=\"lazy\" decoding=\"async\" class=\"wp-image-5195 size-large\" src=\"https:\/\/pricesadusom.com\/wp-content\/uploads\/2016\/10\/Festival-zimnice-Koceljeva-235_1024x768-1024x768.jpg\" alt=\"festival-zimnice-koceljeva-235_1024x768\" width=\"730\" height=\"548\" srcset=\"https:\/\/pricesadusom.com\/wp-content\/uploads\/2016\/10\/Festival-zimnice-Koceljeva-235_1024x768.jpg 1024w, https:\/\/pricesadusom.com\/wp-content\/uploads\/2016\/10\/Festival-zimnice-Koceljeva-235_1024x768-300x225.jpg 300w, https:\/\/pricesadusom.com\/wp-content\/uploads\/2016\/10\/Festival-zimnice-Koceljeva-235_1024x768-768x576.jpg 768w, https:\/\/pricesadusom.com\/wp-content\/uploads\/2016\/10\/Festival-zimnice-Koceljeva-235_1024x768-356x267.jpg 356w, https:\/\/pricesadusom.com\/wp-content\/uploads\/2016\/10\/Festival-zimnice-Koceljeva-235_1024x768-730x548.jpg 730w\" sizes=\"auto, (max-width: 730px) 100vw, 730px\"\/><\/noscript><img loading=\"lazy\" decoding=\"async\" class=\"lazyload wp-image-5195 size-large\" src=\"https:\/\/pricesadusom.com\/wp-content\/uploads\/2016\/10\/Festival-zimnice-Koceljeva-235_1024x768-1024x768.jpg\" alt=\"festival-zimnice-koceljeva-235_1024x768\" width=\"730\" height=\"548\" srcset=\"https:\/\/pricesadusom.com\/wp-content\/uploads\/2016\/10\/Festival-zimnice-Koceljeva-235_1024x768.jpg 1024w, https:\/\/pricesadusom.com\/wp-content\/uploads\/2016\/10\/Festival-zimnice-Koceljeva-235_1024x768-300x225.jpg 300w, https:\/\/pricesadusom.com\/wp-content\/uploads\/2016\/10\/Festival-zimnice-Koceljeva-235_1024x768-768x576.jpg 768w, https:\/\/pricesadusom.com\/wp-content\/uploads\/2016\/10\/Festival-zimnice-Koceljeva-235_1024x768-356x267.jpg 356w, https:\/\/pricesadusom.com\/wp-content\/uploads\/2016\/10\/Festival-zimnice-Koceljeva-235_1024x768-730x548.jpg 730w\" data-sizes=\"(max-width: 730px) 100vw, 730px\"\/><\/a><figcaption id=\"caption-attachment-5195\" class=\"wp-caption-text\">Sa Goranom, Mladenom, Nikolom i Stevanom bile su i Ena Vasi\u0107 i Tijana Robaj\u010devi\u0107<\/figcaption><\/figure>\n<p>U susednom nizu proizvo\u0111a\u010da gu\u017eva na \u0161tandu <strong>Poljoprivrednog gazdinstva Gazda Agrarko.<\/strong> Tri brata Goran Bogi\u0107evi\u0107 i Mladen i Nikola Robaj\u010devi\u0107 sa prijateljem Stevanom \u0160piri\u0107em re\u0161ili su pre \u010detiri godine da u Svileuvi po\u010dnu da prave zimnicu bez konzervansa. <strong>Ove godine osvojili su tre\u0107e mesto za d\u017eem od \u0161ljiva.<\/strong><\/p>\n<figure id=\"attachment_5194\" aria-describedby=\"caption-attachment-5194\" style=\"width: 730px\" class=\"wp-caption aligncenter\"><a href=\"https:\/\/pricesadusom.com\/wp-content\/uploads\/2016\/10\/Festival-zimnice-Koceljeva-232_1024x768.jpg\" target=\"_blank\" rel=\"noopener\"><noscript><img loading=\"lazy\" decoding=\"async\" class=\"wp-image-5194 size-large\" src=\"https:\/\/pricesadusom.com\/wp-content\/uploads\/2016\/10\/Festival-zimnice-Koceljeva-232_1024x768-1024x768.jpg\" alt=\"festival-zimnice-koceljeva-232_1024x768\" width=\"730\" height=\"548\" srcset=\"https:\/\/pricesadusom.com\/wp-content\/uploads\/2016\/10\/Festival-zimnice-Koceljeva-232_1024x768.jpg 1024w, https:\/\/pricesadusom.com\/wp-content\/uploads\/2016\/10\/Festival-zimnice-Koceljeva-232_1024x768-300x225.jpg 300w, https:\/\/pricesadusom.com\/wp-content\/uploads\/2016\/10\/Festival-zimnice-Koceljeva-232_1024x768-768x576.jpg 768w, https:\/\/pricesadusom.com\/wp-content\/uploads\/2016\/10\/Festival-zimnice-Koceljeva-232_1024x768-356x267.jpg 356w, https:\/\/pricesadusom.com\/wp-content\/uploads\/2016\/10\/Festival-zimnice-Koceljeva-232_1024x768-730x548.jpg 730w\" sizes=\"auto, (max-width: 730px) 100vw, 730px\"\/><\/noscript><img loading=\"lazy\" decoding=\"async\" class=\"lazyload wp-image-5194 size-large\" src=\"https:\/\/pricesadusom.com\/wp-content\/uploads\/2016\/10\/Festival-zimnice-Koceljeva-232_1024x768-1024x768.jpg\" alt=\"festival-zimnice-koceljeva-232_1024x768\" width=\"730\" height=\"548\" srcset=\"https:\/\/pricesadusom.com\/wp-content\/uploads\/2016\/10\/Festival-zimnice-Koceljeva-232_1024x768.jpg 1024w, https:\/\/pricesadusom.com\/wp-content\/uploads\/2016\/10\/Festival-zimnice-Koceljeva-232_1024x768-300x225.jpg 300w, https:\/\/pricesadusom.com\/wp-content\/uploads\/2016\/10\/Festival-zimnice-Koceljeva-232_1024x768-768x576.jpg 768w, https:\/\/pricesadusom.com\/wp-content\/uploads\/2016\/10\/Festival-zimnice-Koceljeva-232_1024x768-356x267.jpg 356w, https:\/\/pricesadusom.com\/wp-content\/uploads\/2016\/10\/Festival-zimnice-Koceljeva-232_1024x768-730x548.jpg 730w\" data-sizes=\"(max-width: 730px) 100vw, 730px\"\/><\/a><figcaption id=\"caption-attachment-5194\" class=\"wp-caption-text\">Meni se najvi\u0161e dopao d\u017eem od \u0161ljiva sa rumom i cimetom<\/figcaption><\/figure>\n<p>\u2013 Imamo devet hektara zemlje na kojoj uzgajamo kajsiju, \u0161ljivu, papriku, paradajz\u2026 Blagi i ljuti ajvar, peckana paprika, d\u017eem od \u0161ljiva sa cimetom i rumom, slatko od dunja i oraha neki su od na\u0161ih proizvoda. Uskoro \u0107emo u Beogradu predstaviti <strong>d\u017eem od dinje, slatko od tikvica i slatko od zelenog paradajza<\/strong> \u2013 ispri\u010dao mi je Goran, koji, kao i bra\u0107a, \u017eivi u Beogradu, a vikende i sezonu provodi u selu. Stevan stanuje u \u010curugu i proizvodi med.<\/p>\n<p>Od dima iz kotli\u0107a na\u010di\u010dkanih u glavnoj ulici nisam uspeo da prebrojim koliko se ekipa takmi\u010dilo u kuvanju gula\u0161a, ali sam saznao da je oboren rekord i da je bilo oko 200. Kako svako vidi ono \u0161to \u017eeli, <strong>ja sam zapazio jedini tim iz Francuske,<\/strong> koji je nastupao pod imenom Batala\u017e. <strong>Dejan Joksimovi\u0107,<\/strong> \u010dije poreklo vodi iz ovog kraja, a koji \u017eivi i radi kao tapetar u okolini Pariza, do\u0161ao je u Koceljevu sa svojim kolegama <strong>Paskalom i Didijeom<\/strong>. Selo njegovih predaka zove se <strong>Batalage,<\/strong> a Dejan je napravio igru re\u010di, pa ga je \u201epreveo\u201c na francuski jezik i napisao onako kako se tamo \u010dita \u2013<strong> Batala\u017e. \u00a0\u00a0\u00a0<\/strong><\/p>\n<figure id=\"attachment_5190\" aria-describedby=\"caption-attachment-5190\" style=\"width: 730px\" class=\"wp-caption aligncenter\"><a href=\"https:\/\/pricesadusom.com\/wp-content\/uploads\/2016\/10\/Festival-zimnice-Koceljeva-221_1024x768.jpg\" target=\"_blank\" rel=\"noopener\"><noscript><img loading=\"lazy\" decoding=\"async\" class=\"wp-image-5190 size-large\" src=\"https:\/\/pricesadusom.com\/wp-content\/uploads\/2016\/10\/Festival-zimnice-Koceljeva-221_1024x768-1024x768.jpg\" alt=\"festival-zimnice-koceljeva-221_1024x768\" width=\"730\" height=\"548\" srcset=\"https:\/\/pricesadusom.com\/wp-content\/uploads\/2016\/10\/Festival-zimnice-Koceljeva-221_1024x768.jpg 1024w, https:\/\/pricesadusom.com\/wp-content\/uploads\/2016\/10\/Festival-zimnice-Koceljeva-221_1024x768-300x225.jpg 300w, https:\/\/pricesadusom.com\/wp-content\/uploads\/2016\/10\/Festival-zimnice-Koceljeva-221_1024x768-768x576.jpg 768w, https:\/\/pricesadusom.com\/wp-content\/uploads\/2016\/10\/Festival-zimnice-Koceljeva-221_1024x768-356x267.jpg 356w, https:\/\/pricesadusom.com\/wp-content\/uploads\/2016\/10\/Festival-zimnice-Koceljeva-221_1024x768-730x548.jpg 730w\" sizes=\"auto, (max-width: 730px) 100vw, 730px\"\/><\/noscript><img loading=\"lazy\" decoding=\"async\" class=\"lazyload wp-image-5190 size-large\" src=\"https:\/\/pricesadusom.com\/wp-content\/uploads\/2016\/10\/Festival-zimnice-Koceljeva-221_1024x768-1024x768.jpg\" alt=\"festival-zimnice-koceljeva-221_1024x768\" width=\"730\" height=\"548\" srcset=\"https:\/\/pricesadusom.com\/wp-content\/uploads\/2016\/10\/Festival-zimnice-Koceljeva-221_1024x768.jpg 1024w, https:\/\/pricesadusom.com\/wp-content\/uploads\/2016\/10\/Festival-zimnice-Koceljeva-221_1024x768-300x225.jpg 300w, https:\/\/pricesadusom.com\/wp-content\/uploads\/2016\/10\/Festival-zimnice-Koceljeva-221_1024x768-768x576.jpg 768w, https:\/\/pricesadusom.com\/wp-content\/uploads\/2016\/10\/Festival-zimnice-Koceljeva-221_1024x768-356x267.jpg 356w, https:\/\/pricesadusom.com\/wp-content\/uploads\/2016\/10\/Festival-zimnice-Koceljeva-221_1024x768-730x548.jpg 730w\" data-sizes=\"(max-width: 730px) 100vw, 730px\"\/><\/a><figcaption id=\"caption-attachment-5190\" class=\"wp-caption-text\">Bonjour! \u2013 sa Paskalom i Didijeom pri\u010dao sam na francuskom jeziku<\/figcaption><\/figure>\n<p>\u2013 Do\u0161li smo na vikend samo zbog festivala. Moje kolege su se odu\u0161evile jer nisu znale da smo ovako prijatni i opu\u0161teni \u2013 otkrio mi je Dejan.<\/p>\n<div id=\"gallery-4\" class=\"gallery galleryid-5175 gallery-columns-2 gallery-size-large\">\n<figure class=\"gallery-item\">\n<div class=\"gallery-icon landscape\"> <a href=\"https:\/\/pricesadusom.com\/oni-prave-zimnicu-za-medalju-ovo-su-drzavni-sampioni-za-ajvar-i-pekmez\/festival-zimnice-koceljeva-226_1024x768\/\" target=\"_blank\" rel=\"noopener\"><noscript><img loading=\"lazy\" decoding=\"async\" width=\"580\" height=\"435\" src=\"https:\/\/pricesadusom.com\/wp-content\/uploads\/2016\/10\/Festival-zimnice-Koceljeva-226_1024x768-1024x768.jpg\" class=\"attachment-large size-large\" alt=\"\" aria-describedby=\"gallery-4-5192\" srcset=\"https:\/\/pricesadusom.com\/wp-content\/uploads\/2016\/10\/Festival-zimnice-Koceljeva-226_1024x768.jpg 1024w, https:\/\/pricesadusom.com\/wp-content\/uploads\/2016\/10\/Festival-zimnice-Koceljeva-226_1024x768-300x225.jpg 300w, https:\/\/pricesadusom.com\/wp-content\/uploads\/2016\/10\/Festival-zimnice-Koceljeva-226_1024x768-768x576.jpg 768w, https:\/\/pricesadusom.com\/wp-content\/uploads\/2016\/10\/Festival-zimnice-Koceljeva-226_1024x768-356x267.jpg 356w, https:\/\/pricesadusom.com\/wp-content\/uploads\/2016\/10\/Festival-zimnice-Koceljeva-226_1024x768-730x548.jpg 730w\" sizes=\"auto, (max-width: 580px) 100vw, 580px\"\/><\/noscript><img loading=\"lazy\" decoding=\"async\" width=\"580\" height=\"435\" src=\"https:\/\/pricesadusom.com\/wp-content\/uploads\/2016\/10\/Festival-zimnice-Koceljeva-226_1024x768-1024x768.jpg\" class=\"lazyload attachment-large size-large\" alt=\"\" aria-describedby=\"gallery-4-5192\" srcset=\"https:\/\/pricesadusom.com\/wp-content\/uploads\/2016\/10\/Festival-zimnice-Koceljeva-226_1024x768.jpg 1024w, https:\/\/pricesadusom.com\/wp-content\/uploads\/2016\/10\/Festival-zimnice-Koceljeva-226_1024x768-300x225.jpg 300w, https:\/\/pricesadusom.com\/wp-content\/uploads\/2016\/10\/Festival-zimnice-Koceljeva-226_1024x768-768x576.jpg 768w, https:\/\/pricesadusom.com\/wp-content\/uploads\/2016\/10\/Festival-zimnice-Koceljeva-226_1024x768-356x267.jpg 356w, https:\/\/pricesadusom.com\/wp-content\/uploads\/2016\/10\/Festival-zimnice-Koceljeva-226_1024x768-730x548.jpg 730w\" data-sizes=\"(max-width: 580px) 100vw, 580px\"\/><\/a><\/div><figcaption class=\"wp-caption-text gallery-caption\" id=\"gallery-4-5192\"> Dejan sa prijateljima iz Francuske<\/figcaption><\/figure>\n<figure class=\"gallery-item\">\n<div class=\"gallery-icon landscape\"> <a href=\"https:\/\/pricesadusom.com\/oni-prave-zimnicu-za-medalju-ovo-su-drzavni-sampioni-za-ajvar-i-pekmez\/festival-zimnice-koceljeva-222_1024x768\/\" target=\"_blank\" rel=\"noopener\"><noscript><img loading=\"lazy\" decoding=\"async\" width=\"580\" height=\"435\" src=\"https:\/\/pricesadusom.com\/wp-content\/uploads\/2016\/10\/Festival-zimnice-Koceljeva-222_1024x768-1024x768.jpg\" class=\"attachment-large size-large\" alt=\"\" aria-describedby=\"gallery-4-5191\" srcset=\"https:\/\/pricesadusom.com\/wp-content\/uploads\/2016\/10\/Festival-zimnice-Koceljeva-222_1024x768.jpg 1024w, https:\/\/pricesadusom.com\/wp-content\/uploads\/2016\/10\/Festival-zimnice-Koceljeva-222_1024x768-300x225.jpg 300w, https:\/\/pricesadusom.com\/wp-content\/uploads\/2016\/10\/Festival-zimnice-Koceljeva-222_1024x768-768x576.jpg 768w, https:\/\/pricesadusom.com\/wp-content\/uploads\/2016\/10\/Festival-zimnice-Koceljeva-222_1024x768-356x267.jpg 356w, https:\/\/pricesadusom.com\/wp-content\/uploads\/2016\/10\/Festival-zimnice-Koceljeva-222_1024x768-730x548.jpg 730w\" sizes=\"auto, (max-width: 580px) 100vw, 580px\"\/><\/noscript><img loading=\"lazy\" decoding=\"async\" width=\"580\" height=\"435\" src=\"https:\/\/pricesadusom.com\/wp-content\/uploads\/2016\/10\/Festival-zimnice-Koceljeva-222_1024x768-1024x768.jpg\" class=\"lazyload attachment-large size-large\" alt=\"\" aria-describedby=\"gallery-4-5191\" srcset=\"https:\/\/pricesadusom.com\/wp-content\/uploads\/2016\/10\/Festival-zimnice-Koceljeva-222_1024x768.jpg 1024w, https:\/\/pricesadusom.com\/wp-content\/uploads\/2016\/10\/Festival-zimnice-Koceljeva-222_1024x768-300x225.jpg 300w, https:\/\/pricesadusom.com\/wp-content\/uploads\/2016\/10\/Festival-zimnice-Koceljeva-222_1024x768-768x576.jpg 768w, https:\/\/pricesadusom.com\/wp-content\/uploads\/2016\/10\/Festival-zimnice-Koceljeva-222_1024x768-356x267.jpg 356w, https:\/\/pricesadusom.com\/wp-content\/uploads\/2016\/10\/Festival-zimnice-Koceljeva-222_1024x768-730x548.jpg 730w\" data-sizes=\"(max-width: 580px) 100vw, 580px\"\/><\/a><\/div><figcaption class=\"wp-caption-text gallery-caption\" id=\"gallery-4-5191\"> Batalage \u2013 Batala\u017e<\/figcaption><\/figure>\n<\/div>\n<p>\u2013 Danas spremamo <strong>francuski gula\u0161.<\/strong> Doneli smo francusko crveno vino burgonj i sino\u0107 smo potopili govedinu u pac. <strong>Doda\u0107emo i dve kockice \u010dokolade, da izvuku kiselinu<\/strong>. Navratite za tri sata da probate \u2013 rekao mi je Paskal, koji je ponovio da je prijatno iznena\u0111en gotoljubivo\u0161\u0107u na\u0161eg naroda. Njegov kolega Didije je kazao da je Srbija lepa zemlja i pokazao mi \u0161ajka\u010du koju je kupio na pijaci.<\/p>\n<p><a href=\"https:\/\/pricesadusom.com\/wp-content\/uploads\/2016\/10\/Festival-zimnice-Koceljeva-162_1024x768.jpg\" target=\"_blank\" rel=\"noopener\"><noscript><img loading=\"lazy\" decoding=\"async\" class=\"aligncenter wp-image-5186 size-large\" src=\"https:\/\/pricesadusom.com\/wp-content\/uploads\/2016\/10\/Festival-zimnice-Koceljeva-162_1024x768-1024x768.jpg\" alt=\"festival-zimnice-koceljeva-162_1024x768\" width=\"730\" height=\"548\" srcset=\"https:\/\/pricesadusom.com\/wp-content\/uploads\/2016\/10\/Festival-zimnice-Koceljeva-162_1024x768.jpg 1024w, https:\/\/pricesadusom.com\/wp-content\/uploads\/2016\/10\/Festival-zimnice-Koceljeva-162_1024x768-300x225.jpg 300w, https:\/\/pricesadusom.com\/wp-content\/uploads\/2016\/10\/Festival-zimnice-Koceljeva-162_1024x768-768x576.jpg 768w, https:\/\/pricesadusom.com\/wp-content\/uploads\/2016\/10\/Festival-zimnice-Koceljeva-162_1024x768-356x267.jpg 356w, https:\/\/pricesadusom.com\/wp-content\/uploads\/2016\/10\/Festival-zimnice-Koceljeva-162_1024x768-730x548.jpg 730w\" sizes=\"auto, (max-width: 730px) 100vw, 730px\"\/><\/noscript><img loading=\"lazy\" decoding=\"async\" class=\"lazyload aligncenter wp-image-5186 size-large\" src=\"https:\/\/pricesadusom.com\/wp-content\/uploads\/2016\/10\/Festival-zimnice-Koceljeva-162_1024x768-1024x768.jpg\" alt=\"festival-zimnice-koceljeva-162_1024x768\" width=\"730\" height=\"548\" srcset=\"https:\/\/pricesadusom.com\/wp-content\/uploads\/2016\/10\/Festival-zimnice-Koceljeva-162_1024x768.jpg 1024w, https:\/\/pricesadusom.com\/wp-content\/uploads\/2016\/10\/Festival-zimnice-Koceljeva-162_1024x768-300x225.jpg 300w, https:\/\/pricesadusom.com\/wp-content\/uploads\/2016\/10\/Festival-zimnice-Koceljeva-162_1024x768-768x576.jpg 768w, https:\/\/pricesadusom.com\/wp-content\/uploads\/2016\/10\/Festival-zimnice-Koceljeva-162_1024x768-356x267.jpg 356w, https:\/\/pricesadusom.com\/wp-content\/uploads\/2016\/10\/Festival-zimnice-Koceljeva-162_1024x768-730x548.jpg 730w\" data-sizes=\"(max-width: 730px) 100vw, 730px\"\/><\/a>Drugog dana festivala tako\u0111e je pripremljen program na bini, a za kraj \u2013 koncert peva\u010da narodne muzike Marinka Rokvi\u0107a i vatromet. Festival je svake godine sve ve\u0107i, <strong>prve godine je bilo 34 izlaga\u010da, a ove godine broj je stigao do 192.<\/strong> Po\u0161to su moji roditelji ve\u0107 pripremili ajvar, ja sam kupio teglu rena, kobasicu i vuneni prsluk sa Zlatibora, pojeo svadbarski kupus i otr\u010dao na poslednji autobus za Beograd.<\/p>\n<p><a href=\"https:\/\/pricesadusom.com\/wp-content\/uploads\/2016\/10\/Festival-zimnice-Koceljeva-151_576x768.jpg\" target=\"_blank\" rel=\"noopener\"><noscript><img loading=\"lazy\" decoding=\"async\" class=\"aligncenter wp-image-5184 size-full\" src=\"https:\/\/pricesadusom.com\/wp-content\/uploads\/2016\/10\/Festival-zimnice-Koceljeva-151_576x768.jpg\" alt=\"festival-zimnice-koceljeva-151_576x768\" width=\"576\" height=\"768\" srcset=\"https:\/\/pricesadusom.com\/wp-content\/uploads\/2016\/10\/Festival-zimnice-Koceljeva-151_576x768.jpg 576w, https:\/\/pricesadusom.com\/wp-content\/uploads\/2016\/10\/Festival-zimnice-Koceljeva-151_576x768-225x300.jpg 225w\" sizes=\"auto, (max-width: 576px) 100vw, 576px\"\/><\/noscript><img loading=\"lazy\" decoding=\"async\" class=\"lazyload aligncenter wp-image-5184 size-full\" src=\"https:\/\/pricesadusom.com\/wp-content\/uploads\/2016\/10\/Festival-zimnice-Koceljeva-151_576x768.jpg\" alt=\"festival-zimnice-koceljeva-151_576x768\" width=\"576\" height=\"768\" srcset=\"https:\/\/pricesadusom.com\/wp-content\/uploads\/2016\/10\/Festival-zimnice-Koceljeva-151_576x768.jpg 576w, https:\/\/pricesadusom.com\/wp-content\/uploads\/2016\/10\/Festival-zimnice-Koceljeva-151_576x768-225x300.jpg 225w\" data-sizes=\"(max-width: 576px) 100vw, 576px\"\/><\/a><\/p>\n<p>Tekst i fotografije: <em>Nenad Blagojevi\u0107 (sva autorska prava za\u0161ti\u0107ena, a prenos teksta dozvoljen uz vezu ka <a href=\"https:\/\/pricesadusom.com\/\" target=\"_blank\" rel=\"noopener noreferrer\">www.pricesadusom.com<\/a>, skladu sa<a href=\"https:\/\/pricesadusom.com\/pravila-koriscenja-i-uslovi-oglasavanja\/\" target=\"_blank\" rel=\"noopener noreferrer\"> Pravilima kori\u0161\u0107enja i uslovima ogla\u0161avanja<\/a>)<\/em><\/p>\n<\/div>\n<p><a href=\"https:\/\/pricesadusom.com\/oni-prave-zimnicu-za-medalju-ovo-su-drzavni-sampioni-za-ajvar-i-pekmez\/\" target=\"_blank\" rel=\"noopener\">Source link <\/a><br \/>\n\n Oni prave ZIMNICU ZA MEDALJU: Ovo su dr\u017eavni \u0161ampioni za AJVAR i PEKMEZ<\/p>\n","protected":false},"excerpt":{"rendered":"<p>A vi gosti, dobro ste nam do\u0161li, u dobri \u010das, za dobro zdravlje i dobro veselje. Slogu i ljubavi neka&hellip;<\/p>\n","protected":false},"author":1,"featured_media":2521,"comment_status":"open","ping_status":"open","sticky":false,"template":"","format":"standard","meta":{"footnotes":""},"categories":[1],"tags":[],"class_list":["post-2520","post","type-post","status-publish","format-standard","has-post-thumbnail","hentry","category-oglasi-koceljeva"],"_links":{"self":[{"href":"https:\/\/oglasi.infooglasi.rs\/oglasi\/oglasikoceljeva\/wp-json\/wp\/v2\/posts\/2520","targetHints":{"allow":["GET"]}}],"collection":[{"href":"https:\/\/oglasi.infooglasi.rs\/oglasi\/oglasikoceljeva\/wp-json\/wp\/v2\/posts"}],"about":[{"href":"https:\/\/oglasi.infooglasi.rs\/oglasi\/oglasikoceljeva\/wp-json\/wp\/v2\/types\/post"}],"author":[{"embeddable":true,"href":"https:\/\/oglasi.infooglasi.rs\/oglasi\/oglasikoceljeva\/wp-json\/wp\/v2\/users\/1"}],"replies":[{"embeddable":true,"href":"https:\/\/oglasi.infooglasi.rs\/oglasi\/oglasikoceljeva\/wp-json\/wp\/v2\/comments?post=2520"}],"version-history":[{"count":1,"href":"https:\/\/oglasi.infooglasi.rs\/oglasi\/oglasikoceljeva\/wp-json\/wp\/v2\/posts\/2520\/revisions"}],"predecessor-version":[{"id":2574,"href":"https:\/\/oglasi.infooglasi.rs\/oglasi\/oglasikoceljeva\/wp-json\/wp\/v2\/posts\/2520\/revisions\/2574"}],"wp:featuredmedia":[{"embeddable":true,"href":"https:\/\/oglasi.infooglasi.rs\/oglasi\/oglasikoceljeva\/wp-json\/wp\/v2\/media\/2521"}],"wp:attachment":[{"href":"https:\/\/oglasi.infooglasi.rs\/oglasi\/oglasikoceljeva\/wp-json\/wp\/v2\/media?parent=2520"}],"wp:term":[{"taxonomy":"category","embeddable":true,"href":"https:\/\/oglasi.infooglasi.rs\/oglasi\/oglasikoceljeva\/wp-json\/wp\/v2\/categories?post=2520"},{"taxonomy":"post_tag","embeddable":true,"href":"https:\/\/oglasi.infooglasi.rs\/oglasi\/oglasikoceljeva\/wp-json\/wp\/v2\/tags?post=2520"}],"curies":[{"name":"wp","href":"https:\/\/api.w.org\/{rel}","templated":true}]}}