{"id":2847,"date":"2025-06-22T18:26:48","date_gmt":"2025-06-22T16:26:48","guid":{"rendered":"https:\/\/oglasi.infooglasi.rs\/oglasi\/oglasikosjeric\/aleksandar-vucic-progovorio-o-izborima-u-zajecaru-i-kosjericu-pa-poslao-poruku-studentima-u-blokadi-oglasi-kosjeric\/"},"modified":"2025-06-22T18:26:48","modified_gmt":"2025-06-22T16:26:48","slug":"aleksandar-vucic-progovorio-o-izborima-u-zajecaru-i-kosjericu-pa-poslao-poruku-studentima-u-blokadi-oglasi-kosjeric","status":"publish","type":"post","link":"https:\/\/oglasi.infooglasi.rs\/oglasi\/oglasikosjeric\/aleksandar-vucic-progovorio-o-izborima-u-zajecaru-i-kosjericu-pa-poslao-poruku-studentima-u-blokadi-oglasi-kosjeric\/","title":{"rendered":"Aleksandar Vu\u010di\u0107 progovorio o izborima u Zaje\u010daru i Kosjeri\u0107u pa poslao poruku studentima u blokadi &#8211; OGLASI KOSJERI\u0106"},"content":{"rendered":"<p><\/p>\n<div>\n<p>Prvo \u017eelim gra\u0111anima Srbije da ka\u017eem da je za mene ogromno zadovoljstvo da govorim o izbornim rezultatima. Postignuti su u najte\u017eim uslovima. U uslovima jezive atmosfere lin\u010da koji su kreirali RTS, N1 i Nova S. \u017deljeli su i tra\u017eili u svakom trenutku poziv na nasilje. Pravdaju\u0107i ili \u0107ute\u0107i o nasilju na ulicama Srbije. Rezultatima u Kosjeri\u0107u sam zadovoljan, rekao je Vu\u010di\u0107.<\/p>\n<h2 class=\"wp-block-heading\">\u201cPobijedi\u0107emo ubjedljivije\u201d<\/h2>\n<p>\u2013 Ho\u0107ete da ponavljamo izbore? Pobijedi\u0107emo ubjedljivije. Ali morate da imate uvijek jednu stvar, kad ve\u0107 izmi\u0161ljate i kad se ve\u0107 trudite da postavljate blokadarska pitanja i njihove glavne organizacije Crta, \u017eelim da vam odgovorim na to. Crta je deo blokadarske obojene revolucije, kao i RTS. Ili \u0107ete vi da govorite? Izvolite, govorite. Pa ne, ali nije obra\u0107anje na konferenciji za novinare, nego je prosto intervju, pa zato pitam. Izvolite. Ne, evo, imam sljede\u0107e pitanje. Kada je rije\u010d o tim rezultatima\u2026 Dakle, u <strong>Zaje\u010daru <\/strong>je tolika razlika da mo\u017ee da bude samo ve\u0107a \u2013 rekao je <strong>Vu\u010di\u0107<\/strong>.<\/p>\n<h2 class=\"wp-block-heading\">\u201cPare dolaze spolja\u201d<\/h2>\n<p>\u2013 Samo ve\u0107e, nikako manje, uprkos jezivom nasilju u kojem su ljudi bili izlo\u017eeni, batinanju novinara, posebno \u017eena, \u0161ikaniranju ljudi, dovo\u0111enju batina\u0161a iz svih krajeva Srbije. Ovog puta, za divno \u010dudo, niko nije \u017eelio da vidi crne d\u017eipove, niko nije \u017eelio da vidi nekakve bajkere, nekakve la\u017ene veterane i mnoge druge koji su \u0161ikanirali obi\u010dno narod. Ako ja samo mogu da vam zamolim da me pustite, da makar dvije re\u010denice zavr\u0161im. Po\u0161tovani gledaoci, sada vidite za\u0161to su obojene revolucije, iako se trudim da budem pristojan, da ni jednu lo\u0161u rije\u010d ne ka\u017eem i ne\u0107u do kraja. Poku\u0161avaju da me isprovociraju i u tome ne\u0107e uspjeti. Tako vam to izgleda kada vam s polja preuzmu sve institucije i pri tome kukaju o tome i pri\u010daju o tome kako se bore za institucije. Dakle, rije\u010d je o blokaderskoj organizaciji koja je najvi\u0161e para dobila spolja, da bi provodila obojenu revoluciju, kao i RTS. Tu su samo pojedina lica dobijala malo za to. Uz sve to, oni su sve ovo pre\u0107utkivali i pravili se da ne vide \u2013 rekao je <strong>Vu\u010di\u0107<\/strong>.<\/p>\n<h2 class=\"wp-block-heading\">\u201cMi nigdje nikoga nismo tukli\u201d<\/h2>\n<p>\u2013 <strong>Mi nismo imali ni jedan crni d\u017eip, nigdje. Mi nigdje nismo tukli nikoga. <\/strong>Mi nigdje nismo centar grada zauzimali. Mi nismo progla\u0161avali pobjedu poslije navodnih 30 odsto prebrojanih glasova. Lagali su vas, po\u0161tovani gra\u0111ani, i to. Lagali su, da vam objasnim prosto za\u0161to. Zato \u0161to ne brojite prvo velika bira\u010dka mjesta. Prvo se izbroje mala bira\u010dka mjesta. Ni na jednom malom bira\u010dkom mjestu u Zaje\u010daru blokaderi nisu pobijedili. Ni na jednom. Slovima i brojem. Nula. Dakle, oni nigde i nikako i ni jednog trenutka nisu mogli da do\u0111u do zaklju\u010dka da su pobijedili. Lagali su, zato \u0161to su smatrali da je dovoljan pritisak sama objava da ka\u017eu da su pobijedili i u Kosjeri\u0107u i u Zaje\u010daru, da \u0107e svi da pobegnu, da se sklone i da ne broje glasove. Ono \u0161to ljudi u Srbiji treba da znaju, zbog la\u017ei na kojima insistira ova televizija i neke druge televizije, morate znati jednu stvar. Ni jedan prigovor, ni jedan opozicioni posmatra\u010d u Zaje\u010daru, ih je bilo ko kusih pasa. Ni jedan prigovor nisu podnijeli ni na jedan jedini zvani\u010dni zapisnik. Imali ste 69 zapisnika u Zaje\u010daru, 29 zapisnika u <strong>Kosjeri\u0107u<\/strong>. I ni na jedan ne postoji nikakva primjedba ni jednog \u010dlana bira\u010dkog odbora. Dakle, ni jednog \u010dlana bira\u010dkog odbora. \u010cista pobjeda kao suza, samo \u0161to \u0107e biti mnogo ubjedljivija svaki sljede\u0107i put \u2013 rekao je <a href=\"https:\/\/srpskainfo.com\/pretraga\/?query=vucic\" target=\"_blank\" rel=\"noopener\">Vu\u010di\u0107<\/a>.<\/p>\n<h2 class=\"wp-block-heading\">\u201cNarod ne\u0107e da glasa za nasilje\u201d<\/h2>\n<p>\u2013 Narod ne\u0107e da glasa za siled\u017eijistvo i nasilje. Raspisa\u0107emo izbore kao nadle\u017eni dr\u017eavni organ po\u0161to sam tada bio nenadle\u017ena predmetna institucija. Sprdali su se sa dr\u017eavom, sprdali su se sa mnom i to je dobro. Zato su izgubili i zato \u0107e svaki put izgubiti. I poku\u0161avali su da u me\u0111uvremenu objasne poteze koje je nemogu\u0107e objasniti i \u017eelim gra\u0111anima da uka\u017eem na jednu stvar koja se u Srbiji nije doga\u0111ala u prethodnih 30 godina. Ne 30, Boga mi 35 \u2013 rekao je Vu\u010di\u0107.<\/p>\n<h2 class=\"wp-block-heading\">\u201cNemojte da vam je univerzitet maska i \u0161tit\u201d<\/h2>\n<p>\u2013 Neodgovorni, neozbiljni ljudi, ljudi koji su se zaigrali u nadi da \u0107e oni upravljati dr\u017eavom bez izborne volje gra\u0111ana, ili volje gra\u0111ana, \u0161to naravno ne mo\u017ee da se desi. I ja samo molim sve da se vrate u normalan \u017eivot, u normalnu funkcionalizaciju. Pustite studente koji \u017eele da studiraju i da u\u010de. Vi koji ne \u017eelite da studirate, ho\u0107ete da se bavite politikom, ok. Samo nemojte da uzurpirate dr\u017eavnu imovinu, jer to je imovina svih gra\u0111ana Srbije, izme\u0111u ostalih i ovih studenata. Da biste vi napravili politi\u010dke odbore, op\u0161tinske, mjesne odbore i spremali se za izbore. Pa to nikad niko nije uradio. Napravite svoje stranke, udru\u017eenja, kako pokrijete liste, super. Samo iza\u0111ite sa univerziteta. Nemojte da vam je univerzitet maska i neki \u0161tit. Da biste vi to, bo\u017ee, bili neko ko ne smije ni\u0161ta da \u010duje ili dobija kriti\u010dki, ono \u0161to se protiv njega kriti\u010dki ka\u017ee, \u0107e odmah biti napadnuto od nekoga. U istoj politici bavite se \u010distom politikom. Ho\u0107ete da se bavite politikom, to je okej, ali onda morate da dobijete politi\u010dke odgovore. A pustite studente koji \u017eele da studiraju. Onaj snimak sa vladom je bio skandalozan. Nadam se da Fakultet tehni\u010dkih nauka odlu\u010duje da se vrati u nastavu. Svjedo\u010de\u0107i o tome, vidim da su vi profesori shvatili da moraju da rade \u2013 rekao je Vu\u010di\u0107.<\/p>\n<h2 class=\"wp-block-heading\">O projektu \u201cEXPO\u201d<\/h2>\n<p>\u2013 Veoma sam ponosan na Ekspo. Nisam siguran da \u0107emo da zaradimo odmah, ali \u0107emo dugoro\u010dno zaraditi mnogo. Ekspo nam donosi, ve\u0107 je 114 zemalja prijavilo u\u010de\u0161\u0107e na Ekspo. Ali vi, gra\u0111ani Srbije ste, ne\u0107u vi\u0161e re\u0107i, dobro primjetili ko, kako i na kojim osnovama se postavljaju pitanja. I ja sam veoma sre\u0107an zbog toga jer mi to pru\u017ea priliku da odgovorim. 114 zemalja se ve\u0107 prijavilo za Ekspo. Naravno, kada ula\u017eete ne\u0161to, return of investment ili povra\u0107aj investicije nije ni godina, ni dvije, ni pet. Ne mo\u017eete da ulo\u017eite u nacionalni stadion a da vam se to vrati za pet ili deset godina. Nemogu\u0107e je. Ali vi ne mo\u017eete da postojite kao ozbiljna zemlja da nemate ure\u0111eni, da nemate dobar i da nemate ozbiljan nacionalni stadion. Da li \u0107e akvarijum koji \u0107emo da gradimo na U\u0161\u0107u ili delfinarijum koji \u0107emo da gradimo zbog dece sa autizmom, nedaleko od samog Ekspa, da li \u0107e mo\u0107i da se vrate za pet godina, dvije ili tri, te\u0161ko. Ali \u0107e mnoge druge stvari mo\u0107i da se vrate \u2013 rekao je Vu\u010di\u0107.<\/p>\n<p>\u2013 Da donesemo odluku i tu \u0107emo da pitamo gra\u0111ane, to \u0107emo da vas pitamo, po\u0161tovani gra\u0111ani, kojoj grupi, da to vi\u0161e ne budu samo bezbjednosne strukture kao \u0161to je bio slu\u010daj do sada, kojoj grupi, da li medicinskim sestrama, da li na\u0161im nastavnicima, profesorima, bilo kome da omogu\u0107imo na tako elitne lokacije, na tako fantasti\u010dnoj lokaciji da dobiju te stanove po najpogodnijim uslovima. Za nas Ekspo nije samo Beograd. Nije samo taj gra\u0111evinski sajt. Nije za nas samo to \u0161to \u0107e tu da nikne novi dio grada koji \u0107e da bude najekskluzivniji i najbolji. Za nas je Ekspo izgradnja \u017eelezni\u010dke pruge od aerodroma do centra grada. Dakle, preko Batajnice, Zemun polja, Zemuna, Novog Beograda, do centra grada. Dakle, ne\u0107e ljudi vi\u0161e morati da idu samo taksijem i autobusom, ve\u0107 imati prugu. Ta pruga \u0107e i\u0107i u suprotnom smjeru prema Ekspu, i dalje prema Obrenovcu. I to gradimo, ali to je samo jedan dio. Za nas je Ekspo i svi autoputevi \u0161irom Srbije. Ali Me\u0111unarodni biro za izlo\u017ebe ka\u017ee da to nije Ekspo, da je Ekspo samo ovih 1,2 ili 1,3 milijarde. Me\u0111unarodni biro je zainteresovan samo za 1,2 ili 1,3 milijarde. To je ono \u0161to njih interesuje. Ma mene interesuje 12, 15 i vi\u0161e milijardi koje mi ula\u017eemo u Srbiju. Za mene nije Srbija samo Beograd i par\u010de zemlji\u0161ta \u2013 rekao je Vu\u010di\u0107.<\/p>\n<h2 class=\"wp-block-heading\">\u201c95.000 ljudi radi za minimalac\u201d<\/h2>\n<p>\u2013 I svaki uspjeh Srbije oni mrze. Imate znate koliko ljudi znam koji su navijali za Albaniju protiv Srbije, ne bi li rekli, a, Vu\u010di\u0107 je kriv za poraz. Kojima je \u0110or\u0111e Petrovi\u0107 kriv za mnogo toga. A znate li recimo privrednike koji misle da je no\u0107na mora pove\u0107anje minimalca? Vidite, gra\u0111ani, RTS nas upozorava da manje brinemo o siroma\u0161nim gra\u0111anima Srbije. Radiotelevizija Srbije ho\u0107e da vam ka\u017ee da minimalac treba da ostane isti. Dakle, radiotelevizija Srbije se zala\u017ee da siroma\u0161ni ljudi nemaju vi\u0161e minimalca. Ja prihvatam, ovo mi je prvi ozbiljan argument ve\u010deras. Prvi ozbiljan argument ve\u010deras. Ne\u0107e biti ti ljudi otpu\u0161teni sa posla, jer u ovom trenutku imamo svega 95.000 ljudi koji primaju minimalac u ovoj zemlji. Od toga 7.000 u dr\u017eavnoj slu\u017ebi, 88.000 u privatnom sektoru \u2013 rekao je Vu\u010di\u0107.<\/p>\n<h2 class=\"wp-block-heading\">\u201cUvijek se trudimo da podignemo minimalac\u201d<\/h2>\n<p>\u2013 Blokaderi kada govore o pove\u0107anju minimalca, \u017eale poslodavca, a kada je minimalac isti tada \u017eale zaposlene. \u0160ta god da uradite uvijek ste krivi. Mi brinemo da uvijek napravimo najbolju meru. Mi uvijek poma\u017eemo i trudimo se da podi\u017eemo minimalac. Danas imamo manji procenat nezaposlenosti nego mnoge zemlje EU. Recimo u fabrici \u201cStelantis\u201d u Kragujevcu, ove godine \u0107e stotinu hiljada vozila da proizvedu, a potrebno nam je oko 1000 radnika i ne mo\u017eemo da ih prona\u0111emo u na\u0161oj zemlji, da ne uvozimo ljude iz Indije i Turske. Kod nas ne postoji nedostatak posla nego vi\u0161ak zahtjeva za zapo\u0161ljavanjem. Uspije\u0107emo i tu vrstu klime da podstaknemo, da u\u010dimo sve vi\u0161e o ve\u0161ta\u010dkoj inteligenciji, da obavljamo i zanatske radove rekao je Vu\u010di\u0107.<\/p>\n<p>Podsjetimo, Aleksandar Vu\u010di\u0107 je prethodno najavio gostovanje u emisiji \u201cOko\u201d na instagram-stranici \u201cbuducnostsrbijeav\u201d.<\/p>\n<p>Vu\u010di\u0107 je danas u 11.30 \u010dasova u zgradi Generalnog sekretarijata odr\u017eao i sastanak sa predsjednicom parlamenta Federacije Svetog Kristofera i Nevisa Lanein Blan\u0161et, predsjednikom Parlamenta Svete Lucije Klaudiusom Fransisom i ministrom unutra\u0161njih poslova Svete Lucije D\u017eeremajom Norbertom.<\/p>\n<p>                <a style=\"font-weight:bold;&#010;                font-size:14px;margin-bottom:0.6rem;display:block; width:max-content;background-color:#7360F2;color:white;padding:0.6rem;border-radius:5px;cursor:pointer;\" title=\"Viber grupa\" target=\"_blank\" href=\"https:\/\/invite.viber.com\/?g2=AQADj2jdM9Z9glCzKoVL14kr2VhoO%2FPqOu0JB5T7bD3knZHJFKQs4T3Pr1gHQzZv&amp;lang=en\" rel=\"noopener\"><br \/>\n                    Najnovije vijesti Srpskainfo i na Viberu<br \/>\n                <\/a><\/p><\/div>\n<p><script async>\n        !function(f,b,e,v,n,t,s)\n        {if(f.fbq)return;n=f.fbq=function(){n.callMethod?\n            n.callMethod.apply(n,arguments):n.queue.push(arguments)};\n            if(!f._fbq)f._fbq=n;n.push=n;n.loaded=!0;n.version='2.0';\n            n.queue=[];t=b.createElement(e);t.async=!0;\n            t.src=v;s=b.getElementsByTagName(e)[0];\n            s.parentNode.insertBefore(t,s)}(window, document,'script',\n            'https:\/\/connect.facebook.net\/en_US\/fbevents.js');\n        fbq('init', '344652463724127');\n        fbq('track', 'PageView');\n    <\/script><br \/>\n<br \/><a href=\"https:\/\/srpskainfo.com\/narod-nece-da-glasa-za-nasilje-nemojte-se-kriti-iza-univerziteta-vucic-progovorio-o-izborima-u-zajecaru-i-kosjericu-pa-poslao-poruku-studentima-u-blokadi\/\" target=\"_blank\" rel=\"noopener\">Source link <\/a><br \/>\n\n Aleksandar Vu\u010di\u0107 progovorio o izborima u Zaje\u010daru i Kosjeri\u0107u pa poslao poruku studentima u blokadi<\/p>\n","protected":false},"excerpt":{"rendered":"<p>Prvo \u017eelim gra\u0111anima Srbije da ka\u017eem da je za mene ogromno zadovoljstvo da govorim o izbornim rezultatima. Postignuti su u&hellip;<\/p>\n","protected":false},"author":1,"featured_media":2848,"comment_status":"open","ping_status":"open","sticky":false,"template":"","format":"standard","meta":{"footnotes":""},"categories":[1],"tags":[],"class_list":["post-2847","post","type-post","status-publish","format-standard","has-post-thumbnail","hentry","category-oglasi-kosjeric"],"_links":{"self":[{"href":"https:\/\/oglasi.infooglasi.rs\/oglasi\/oglasikosjeric\/wp-json\/wp\/v2\/posts\/2847","targetHints":{"allow":["GET"]}}],"collection":[{"href":"https:\/\/oglasi.infooglasi.rs\/oglasi\/oglasikosjeric\/wp-json\/wp\/v2\/posts"}],"about":[{"href":"https:\/\/oglasi.infooglasi.rs\/oglasi\/oglasikosjeric\/wp-json\/wp\/v2\/types\/post"}],"author":[{"embeddable":true,"href":"https:\/\/oglasi.infooglasi.rs\/oglasi\/oglasikosjeric\/wp-json\/wp\/v2\/users\/1"}],"replies":[{"embeddable":true,"href":"https:\/\/oglasi.infooglasi.rs\/oglasi\/oglasikosjeric\/wp-json\/wp\/v2\/comments?post=2847"}],"version-history":[{"count":0,"href":"https:\/\/oglasi.infooglasi.rs\/oglasi\/oglasikosjeric\/wp-json\/wp\/v2\/posts\/2847\/revisions"}],"wp:featuredmedia":[{"embeddable":true,"href":"https:\/\/oglasi.infooglasi.rs\/oglasi\/oglasikosjeric\/wp-json\/wp\/v2\/media\/2848"}],"wp:attachment":[{"href":"https:\/\/oglasi.infooglasi.rs\/oglasi\/oglasikosjeric\/wp-json\/wp\/v2\/media?parent=2847"}],"wp:term":[{"taxonomy":"category","embeddable":true,"href":"https:\/\/oglasi.infooglasi.rs\/oglasi\/oglasikosjeric\/wp-json\/wp\/v2\/categories?post=2847"},{"taxonomy":"post_tag","embeddable":true,"href":"https:\/\/oglasi.infooglasi.rs\/oglasi\/oglasikosjeric\/wp-json\/wp\/v2\/tags?post=2847"}],"curies":[{"name":"wp","href":"https:\/\/api.w.org\/{rel}","templated":true}]}}