{"id":2577,"date":"2023-10-21T18:04:57","date_gmt":"2023-10-21T16:04:57","guid":{"rendered":"https:\/\/oglasi.infooglasi.rs\/oglasi\/oglasikovin\/magistrala-se-asfaltira-sta-posle-oglasi-kovin\/"},"modified":"2023-10-21T18:04:57","modified_gmt":"2023-10-21T16:04:57","slug":"magistrala-se-asfaltira-sta-posle-oglasi-kovin","status":"publish","type":"post","link":"https:\/\/oglasi.infooglasi.rs\/oglasi\/oglasikovin\/magistrala-se-asfaltira-sta-posle-oglasi-kovin\/","title":{"rendered":"Magistrala se asfaltira, \u0161ta posle? &#8211; OGLASI KOVIN"},"content":{"rendered":"<p><\/p>\n<div>\n<p><strong><a href=\"http:\/\/www.ilovezrenjanin.com\/wp-content\/uploads\/2012\/08\/Asfaltiranje-magistrale1.jpg\" target=\"_blank\" rel=\"noopener\"><img loading=\"lazy\" decoding=\"async\" class=\"alignleft size-medium wp-image-11917\" title=\"Asfaltiranje magistrale\" src=\"http:\/\/www.ilovezrenjanin.com\/wp-content\/uploads\/2012\/08\/Asfaltiranje-magistrale1-225x300.jpg\" alt=\"Asfaltiranje magistrale1\" width=\"225\" height=\"300\"\/><\/a>U okviru aktuelnih radova na rekonstrukciji glavne gradske magistrale, radnici Vojvodina puta \u201cpresvu\u0107i\u201d \u0107e deonicu dugu oko 3 km, od ulice Bogdana Teodosina do mosta kod zgrade SUP-a.<\/strong><\/p>\n<p>To su prvi veliki radovi na magistrali od kada je ona izgra\u0111ena, i za ovu veliku investiciju izdvojeno je 100 miliona dinara ispod kojih se, kao investitor radova potpisuju Putevi Srbije. Kao je nedavno izjavio zamenik gradona\u010delnika \u010cedomir Janji\u0107, nakon zavr\u0161etka magistrale treba razmi\u0161ljati o rekonstrukciji ostalih saobra\u0107ajnica koje su tako\u0111e, kao i zrenjaninska magistrala, u lo\u0161em stanju.<\/p>\n<p>\u2013 U drugoj fazi poku\u0161a\u0107emo da obezbedimo sredstva od dr\u017eave i za nastavak rehabilitacije puta od Zrenjanina do \u201e\u017dabaljskog mosta\u201c, jer ko putuje u Novi Sad zna u kakvom je taj put stanju \u2013 rekao je Janji\u0107.<\/p>\n<p>Asfaltiranje magistrale izvodi se 24h dnevno i o\u010dekuje se da \u0107e rok za zavr\u0161etak, ta\u010dnije \u00a040-tak dana, biti ispo\u0161tovan.<\/p>\n<div class=\"g g-27\">\n<div class=\"g-single a-85\"><a href=\"https:\/\/ilovezrenjanin.com\/vesti-zrenjanin\/magistrala-se-asfaltira-sta-posle-2\/viber:\/\/pa?chatURI=itaxi_bot\" target=\"_blank\" width=\"800\" style=\"paddnig-bottom:30px;\" rel=\"noopener\"><img decoding=\"async\" src=\"https:\/\/ilovezrenjanin.com\/wp-content\/banners\/intext\/itaxi.gif\" alt=\"I Taxi Zrenjanin\"\/><\/a><\/div>\n<\/div>\n<p>Vr\u0161ilac du\u017enosti Direkcije za izgradnju i ure\u0111enje grada, Goran Kravaru\u0161i\u0107 ka\u017ee za na\u0161 portal da je obilaznica oko grada na prvom mestu. \u201cOvde postoji problem vlasni\u0161tva, ta\u010dnije \u00a0\u2013 \u010dim \u201ezemljoradni\u010dka\u201c zemlja promeni vlasni\u0161tvo i postane dr\u017eavna sve \u0107e mo\u0107i da se radi kako treba. Obilaznica bi onada pripala dr\u017eavi a magistrala bi ostala gradu\u201d- smatra Kravaru\u0161i\u0107. Na na\u0161e pitanje \u0161ta je sa devastiranim trotoarima i biciklisti\u010dkom stazom du\u017e magistrale koju svakim danom sve vi\u0161e odi\u017ee korenje drve\u0107a, on je poru\u010dio da \u201esu u toku javne nabavke za odr\u017eavanje trotorara, javnih povr\u0161ina i biciklisti\u010dkih staza\u201c, pa \u0107emo verovati na re\u010d da \u0107e i taj problem biti re\u0161en.<\/p>\n<p><strong><a href=\"http:\/\/www.ilovezrenjanin.com\/wp-content\/uploads\/2012\/08\/Magistrala-Zrenjanin.jpg\" target=\"_blank\" rel=\"noopener\"><img decoding=\"async\" loading=\"lazy\" class=\"alignright\" title=\"Magistrala Zrenjanin\" src=\"http:\/\/www.ilovezrenjanin.com\/wp-content\/uploads\/2012\/08\/Magistrala-Zrenjanin.jpg\" alt=\"Magistrala Zrenjanin\" width=\"252\" height=\"336\"\/><\/a>Veliki projekat bi\u0107e svakako izgradnja Banatske magistrale o kojoj za sada samo pri\u010damo.\u00a0<\/strong> Ta saobra\u0107ajnica bi trebala da bude alternativa autoputa Subotica\u2013Novi Sad\u2013Beograd. Pru\u017eala bi se od Horgo\u0161a i Novog Kne\u017eevca preko Kikinde i Zrenjanina do Pan\u010deva, Kovina i Smedereva i omogu\u0107ila bi ekonomi\u010dnije i br\u017ee povezivanje severa i juga zemlje sa evropskim saobra\u0107ajnim tokovima, uz obila\u017eenje Beograda.<\/p>\n<p><strong>U me\u0111uvremenu, dok \u010dekamo re\u0161avanje problema na saobra\u0107ajnicama i stazama, podsetimo se realnog stanja na magistrali<\/strong><\/p>\n<p><a href=\"http:\/\/www.ilovezrenjanin.com2012\/03\/27\/besplatni-rodeo-na-magistrali\/\" target=\"_blank\">http:\/\/www.ilovezrenjanin.com2012\/03\/27\/besplatni-rodeo-na-magistrali\/<\/a><\/p>\n<div class=\"jeg_ad jeg_ad_article jnews_content_inline_3_ads  \">\n<div class=\"ads-wrapper align-center \">\n<div class=\"ads_shortcode\">\n<div class=\"g g-48\">\n<div class=\"g-single a-317\"><a href=\"https:\/\/mlekoprodukt.com\/\" target=\"_blank\" rel=\"noopener\"><img loading=\"lazy\" decoding=\"async\" src=\"https:\/\/ilovezrenjanin.com\/wp-content\/banners\/sidebar\/Baner_300x150.jpeg\" alt=\"Mlekoprodukt\" width=\"360\" height=\"180\" title=\"Magistrala se asfaltira, \u0161ta posle? 1\"\/><\/a><\/div>\n<\/div>\n<\/div>\n<\/div>\n<\/div>\n<\/div>\n<p><script>!function(f,b,e,v,n,t,s)\n{if(f.fbq)return;n=f.fbq=function(){n.callMethod?\nn.callMethod.apply(n,arguments):n.queue.push(arguments)};\nif(!f._fbq)f._fbq=n;n.push=n;n.loaded=!0;n.version='2.0';\nn.queue=[];t=b.createElement(e);t.async=!0;\nt.src=v;s=b.getElementsByTagName(e)[0];\ns.parentNode.insertBefore(t,s)}(window, document,'script',\n'https:\/\/connect.facebook.net\/en_US\/fbevents.js');\nfbq('init', '1976833772598392');\nfbq('track', 'PageView');<\/script><br \/>\n<br \/><a href=\"https:\/\/ilovezrenjanin.com\/vesti-zrenjanin\/magistrala-se-asfaltira-sta-posle-2\/\" target=\"_blank\" rel=\"noopener\">Source link <\/a><br \/>\n\n Magistrala se asfaltira, \u0161ta posle?<\/p>\n","protected":false},"excerpt":{"rendered":"<p>U okviru aktuelnih radova na rekonstrukciji glavne gradske magistrale, radnici Vojvodina puta \u201cpresvu\u0107i\u201d \u0107e deonicu dugu oko 3 km, od&hellip;<\/p>\n","protected":false},"author":1,"featured_media":2578,"comment_status":"open","ping_status":"open","sticky":false,"template":"","format":"standard","meta":{"footnotes":""},"categories":[1],"tags":[],"class_list":["post-2577","post","type-post","status-publish","format-standard","has-post-thumbnail","hentry","category-oglasi-kovin"],"_links":{"self":[{"href":"https:\/\/oglasi.infooglasi.rs\/oglasi\/oglasikovin\/wp-json\/wp\/v2\/posts\/2577","targetHints":{"allow":["GET"]}}],"collection":[{"href":"https:\/\/oglasi.infooglasi.rs\/oglasi\/oglasikovin\/wp-json\/wp\/v2\/posts"}],"about":[{"href":"https:\/\/oglasi.infooglasi.rs\/oglasi\/oglasikovin\/wp-json\/wp\/v2\/types\/post"}],"author":[{"embeddable":true,"href":"https:\/\/oglasi.infooglasi.rs\/oglasi\/oglasikovin\/wp-json\/wp\/v2\/users\/1"}],"replies":[{"embeddable":true,"href":"https:\/\/oglasi.infooglasi.rs\/oglasi\/oglasikovin\/wp-json\/wp\/v2\/comments?post=2577"}],"version-history":[{"count":0,"href":"https:\/\/oglasi.infooglasi.rs\/oglasi\/oglasikovin\/wp-json\/wp\/v2\/posts\/2577\/revisions"}],"wp:featuredmedia":[{"embeddable":true,"href":"https:\/\/oglasi.infooglasi.rs\/oglasi\/oglasikovin\/wp-json\/wp\/v2\/media\/2578"}],"wp:attachment":[{"href":"https:\/\/oglasi.infooglasi.rs\/oglasi\/oglasikovin\/wp-json\/wp\/v2\/media?parent=2577"}],"wp:term":[{"taxonomy":"category","embeddable":true,"href":"https:\/\/oglasi.infooglasi.rs\/oglasi\/oglasikovin\/wp-json\/wp\/v2\/categories?post=2577"},{"taxonomy":"post_tag","embeddable":true,"href":"https:\/\/oglasi.infooglasi.rs\/oglasi\/oglasikovin\/wp-json\/wp\/v2\/tags?post=2577"}],"curies":[{"name":"wp","href":"https:\/\/api.w.org\/{rel}","templated":true}]}}