{"id":2583,"date":"2023-10-21T18:05:23","date_gmt":"2023-10-21T16:05:23","guid":{"rendered":"https:\/\/oglasi.infooglasi.rs\/oglasi\/oglasikovin\/kovinski-komunalac-je-otisao-u-honduras-oglasi-kovin\/"},"modified":"2023-10-21T18:05:23","modified_gmt":"2023-10-21T16:05:23","slug":"kovinski-komunalac-je-otisao-u-honduras-oglasi-kovin","status":"publish","type":"post","link":"https:\/\/oglasi.infooglasi.rs\/oglasi\/oglasikovin\/kovinski-komunalac-je-otisao-u-honduras-oglasi-kovin\/","title":{"rendered":"\u201eKovinski komunalac\u201d je oti\u0161ao u&#8230; Honduras &#8211; OGLASI KOVIN"},"content":{"rendered":"<p><\/p>\n<div>\n<p>\u0160to bi se reklo, u ovom javnom preduze\u0107u, sve je oti\u0161lo u Honduras, da ne ka\u017eemo u \u201eonu stvar\u201d. Pa je tako saradniku ovih elektronskih novina dojavljeno: kako se jedan radnik skida na ulici. Pokazuje polni organ. Dostavlja\u010d nam pokazuje bele\u0161ku o tzv. sramnom doga\u0111aju. Na javnom mestu. U radno vreme. Potpisuju je tri \u201eo\u010devica\u201d. Prvopotpisani ka\u017ee kako je to slu\u017ebeni dokument. Lepo! Kakav crni slu\u017ebeni papir kad nije zaveden i pe\u010datiran, prime\u0107ujemo. \u201eDaaa\u201d, veli on, \u201eali je u slu\u017ebenoj fascikli\u201d. Navodni egzibicionista je prozvan imenom i prezimenom.<\/p>\n<div id=\"attachment_12063\" style=\"width: 1010px\" class=\"wp-caption aligncenter\"><img aria-describedby=\"caption-attachment-12063\" decoding=\"async\" fetchpriority=\"high\" data-attachment-id=\"12063\" src=\"https:\/\/www.pancevo.city\/kovin-si-ti\/kovinski-komunalac-je-otisao-u-honduras\/attachment\/picture-2390\/\" data-orig-file=\"https:\/\/i0.wp.com\/www.pancevo.city\/wp-content\/uploads\/2018\/03\/Picture-2390.jpg?fit=1000%2C750&amp;ssl=1\" data-orig-size=\"1000,750\" data-comments-opened=\"1\" data-image-meta=\"{&quot;aperture&quot;:&quot;2.8&quot;,&quot;credit&quot;:&quot;&quot;,&quot;camera&quot;:&quot;PENTAX X70&quot;,&quot;caption&quot;:&quot;&quot;,&quot;created_timestamp&quot;:&quot;1521804314&quot;,&quot;copyright&quot;:&quot;&quot;,&quot;focal_length&quot;:&quot;4.6&quot;,&quot;iso&quot;:&quot;250&quot;,&quot;shutter_speed&quot;:&quot;0.016666666666667&quot;,&quot;title&quot;:&quot;&quot;,&quot;orientation&quot;:&quot;1&quot;}\" data-image-title=\"Picture 2390\" data-image-description=\"\" data-image-caption=\"&lt;p&gt;Izjava trojice, slu\u017ebena jer je u slu\u017ebenoj fascikli&lt;\/p&gt;&#10;\" data-medium-file=\"https:\/\/i0.wp.com\/www.pancevo.city\/wp-content\/uploads\/2018\/03\/Picture-2390.jpg?fit=300%2C225&amp;ssl=1\" data-large-file=\"https:\/\/i0.wp.com\/www.pancevo.city\/wp-content\/uploads\/2018\/03\/Picture-2390.jpg?fit=900%2C675&amp;ssl=1\" class=\"size-full wp-image-12063\" alt=\"\" width=\"900\" height=\"675\" srcset=\"https:\/\/i0.wp.com\/www.pancevo.city\/wp-content\/uploads\/2018\/03\/Picture-2390.jpg?w=1000&amp;ssl=1 1000w, https:\/\/i0.wp.com\/www.pancevo.city\/wp-content\/uploads\/2018\/03\/Picture-2390.jpg?resize=300%2C225&amp;ssl=1 300w, https:\/\/i0.wp.com\/www.pancevo.city\/wp-content\/uploads\/2018\/03\/Picture-2390.jpg?resize=768%2C576&amp;ssl=1 768w\" sizes=\"(max-width: 900px) 100vw, 900px\" data-recalc-dims=\"1\"\/><\/p>\n<p id=\"caption-attachment-12063\" class=\"wp-caption-text\">Izjava trojice, slu\u017ebena jer je u slu\u017ebenoj fascikli<\/p>\n<\/div>\n<p>Upoznajemo osumnji\u010denog Du\u0161ana Milojkova sa tekstom izjave. Zapanjen je. Dodaje kako je to jo\u0161 jedna brutalna izmi\u0161ljotina protiv njega. D\u017eabe mu. Osvanula je na fejsbuku. Oka\u010dila je na svom profilu samozvana Jovanka Orleanka. Pa koja je to sad kovinska Jean D\u2019Arc. Mustra u ovoj benignoj pri\u010di. \u0110avo \u0107e ga znati. \u201eJuna\u010dki\u201d, onako anonimno, objavljuje gradu i svetu, kako se pri\u010da da je Milojkov kao inkasant \u201eKomunalca\u201d \u010dinio nepodop\u0161tine. Be\u017eao kroz prozor pred razjarenim mu\u017eevima, maltretirao bakice\u2026 Pa \u010dak oro\u010dio kod Dafine na svoje ime espap firme. Ajooooj. Pa dobro. Gde su bili di\u010dni \u010duvari ugleda \u201eKovinskog komunalca\u201d da mu stave okove na ruke? Nego, sve se \u010dini da je Jovan\u010dica Orlean\u010dica dobila sendvi\u010d da pljucka u dalj.<\/p>\n<p>Manimo se pri\u010da \u201erekla, kazala\u201d. Hodnici i kancelarije \u201eKovinskog komunalca\u201d su prava minska polja. Neko \u0107e ovde nagaziti na minu. Samo je pitanje vremena kad \u0107e se to desiti. Naprimer, dobro obave\u0161teni ka\u017eu da je \u201eKovinski komunalac\u201d sa ljudstvom i tehnikom u jednom slu\u010daju izvodio radove. Koje je naplatio neko drugi. Posle prvog nastavka pri\u010de o doga\u0111anjima u ovoj firmi, ponovo razgovaramo sa Predragom Stoj\u0161inom, v.d. tehni\u010dkim direktorom. Pitamo ga da li je pro\u010ditao tekst \u201ePredrag Stoj\u0161in kapo ili dobri duh Kovinskog komunalca?\u201d, objavljen na sajtu Pancevo city. \u201eNisam. Niti me zanima\u201d, ka\u017ee sa osmehom. Taj osmeh kao da poru\u010duje \u201evide\u0107e se \u010dija majka crnu vunu prede\u201d. Uz napomenu da je razgovor nezvani\u010dan informi\u0161e nas da je prilikom popisa, svojevremeno kao v.d. direktora preduze\u0107a, otkrio manjak u magacinu. Vredan dva miliona dinara. pa jo\u0161 jedan manjak. Od deset miliona. Tvrdi da se zna ko je za to odgovoran. I da \u0107e polako sve do\u0107i na svoje mesto. \u201ePostoje i papiri, ho\u0107ete da vam poka\u017eem\u201d, pita nas. \u201eNemamo kameru da slikamo\u201d, odgovaramo. Dogovaramo se da se ponovo vidimo slede\u0107e nedelje. Pa da uslikamo \u201ecrno na belo\u201d ko su mutivode u \u201eKomunalcu\u201d. Da gra\u0111ani pro\u010ditaju njihova imena i prezimena. Valjda i da \u201eorgani\u201d zavrnu rukave. Slede\u0107a nedelja je bila i pro\u0161la. Stoj\u0161in nije odgovarao na na\u0161e pozive.<\/p>\n<p>Dok smo sa njim razgovarali, u sobi do direktorske kancelarije, iz nje izlazi Dragoslav Jeremi\u0107, v.d. direktora firme. On je, ustvari, samo papirnati di\u0161a. Stoj\u0161in je \u201ekalif umesto kalifa\u201d. U rodoslovu mu pi\u0161e da je \u010dlan vladaju\u0107e Srpske napredne stranke. Tako pedigriran non\u0161alantno vlada firmom. Ve\u0107ina name\u0161tenika spremna je da mu ljubi stope. Kad ih pitate za\u0161to, gledaju u cipele. Pravi je primer pokornosti i poniznosti, od koje vam pripada muka, pismo \u010detrdesetorice radnika upu\u0107eno Jeremi\u0107u i Stoj\u0161inu. U njemu pi\u0161u kako ne\u0107e da rade sa kolegom Du\u0161anom Milojkovim, jer je tu\u017eio firmu za zlostavljanje. Pitamo prvopotpisanog Ivana Bo\u0161kova, za\u0161to i jednom i drugom. Zar nije dovoljno samo Jeremi\u0107u. On je direktor. On potpisuje firmu. Ali \u201edobri radnici\u201d, kako sebe nazivaju potpisnici pisma, znaju ono \u0161to i vrapci na kovinskim krovovima. Stoj\u0161in je glavnokomanduju\u0107i. Pismo vrvi od ulizivanja, udvori\u0161tva, bagatelisanja ljudskog dostojanstva. Prila\u017eemo ga uz tekst. Neka \u010ditaoci prosude.<\/p>\n<div id=\"attachment_12065\" style=\"width: 1010px\" class=\"wp-caption aligncenter\"><img loading=\"lazy\" aria-describedby=\"caption-attachment-12065\" decoding=\"async\" data-attachment-id=\"12065\" src=\"https:\/\/www.pancevo.city\/kovin-si-ti\/kovinski-komunalac-je-otisao-u-honduras\/attachment\/picture-2383\/\" data-orig-file=\"https:\/\/i0.wp.com\/www.pancevo.city\/wp-content\/uploads\/2018\/03\/Picture-2383.jpg?fit=1000%2C750&amp;ssl=1\" data-orig-size=\"1000,750\" data-comments-opened=\"1\" data-image-meta=\"{&quot;aperture&quot;:&quot;2.8&quot;,&quot;credit&quot;:&quot;&quot;,&quot;camera&quot;:&quot;PENTAX X70&quot;,&quot;caption&quot;:&quot;&quot;,&quot;created_timestamp&quot;:&quot;1521803953&quot;,&quot;copyright&quot;:&quot;&quot;,&quot;focal_length&quot;:&quot;4.6&quot;,&quot;iso&quot;:&quot;200&quot;,&quot;shutter_speed&quot;:&quot;0.016666666666667&quot;,&quot;title&quot;:&quot;&quot;,&quot;orientation&quot;:&quot;1&quot;}\" data-image-title=\"Picture 2383\" data-image-description=\"\" data-image-caption=\"\" data-medium-file=\"https:\/\/i0.wp.com\/www.pancevo.city\/wp-content\/uploads\/2018\/03\/Picture-2383.jpg?fit=300%2C225&amp;ssl=1\" data-large-file=\"https:\/\/i0.wp.com\/www.pancevo.city\/wp-content\/uploads\/2018\/03\/Picture-2383.jpg?fit=900%2C675&amp;ssl=1\" class=\"wp-image-12065 size-full\" alt=\"\" width=\"900\" height=\"675\" srcset=\"https:\/\/i0.wp.com\/www.pancevo.city\/wp-content\/uploads\/2018\/03\/Picture-2383.jpg?w=1000&amp;ssl=1 1000w, https:\/\/i0.wp.com\/www.pancevo.city\/wp-content\/uploads\/2018\/03\/Picture-2383.jpg?resize=300%2C225&amp;ssl=1 300w, https:\/\/i0.wp.com\/www.pancevo.city\/wp-content\/uploads\/2018\/03\/Picture-2383.jpg?resize=768%2C576&amp;ssl=1 768w\" sizes=\"auto, (max-width: 900px) 100vw, 900px\" data-recalc-dims=\"1\"\/><\/p>\n<p id=\"caption-attachment-12065\" class=\"wp-caption-text\">Pismo radnika JP \u201eKovinski komunalac\u201d, manifest udvori\u0161tva 1\/2<\/p>\n<\/div>\n<div id=\"attachment_12064\" style=\"width: 1010px\" class=\"wp-caption aligncenter\"><img loading=\"lazy\" aria-describedby=\"caption-attachment-12064\" decoding=\"async\" data-attachment-id=\"12064\" src=\"https:\/\/www.pancevo.city\/kovin-si-ti\/kovinski-komunalac-je-otisao-u-honduras\/attachment\/picture-2384\/\" data-orig-file=\"https:\/\/i0.wp.com\/www.pancevo.city\/wp-content\/uploads\/2018\/03\/Picture-2384.jpg?fit=1000%2C750&amp;ssl=1\" data-orig-size=\"1000,750\" data-comments-opened=\"1\" data-image-meta=\"{&quot;aperture&quot;:&quot;2.8&quot;,&quot;credit&quot;:&quot;&quot;,&quot;camera&quot;:&quot;PENTAX X70&quot;,&quot;caption&quot;:&quot;&quot;,&quot;created_timestamp&quot;:&quot;1521803962&quot;,&quot;copyright&quot;:&quot;&quot;,&quot;focal_length&quot;:&quot;4.6&quot;,&quot;iso&quot;:&quot;250&quot;,&quot;shutter_speed&quot;:&quot;0.016666666666667&quot;,&quot;title&quot;:&quot;&quot;,&quot;orientation&quot;:&quot;1&quot;}\" data-image-title=\"Picture 2384\" data-image-description=\"\" data-image-caption=\"\" data-medium-file=\"https:\/\/i0.wp.com\/www.pancevo.city\/wp-content\/uploads\/2018\/03\/Picture-2384.jpg?fit=300%2C225&amp;ssl=1\" data-large-file=\"https:\/\/i0.wp.com\/www.pancevo.city\/wp-content\/uploads\/2018\/03\/Picture-2384.jpg?fit=900%2C675&amp;ssl=1\" class=\"wp-image-12064 size-full\" alt=\"\" width=\"900\" height=\"675\" srcset=\"https:\/\/i0.wp.com\/www.pancevo.city\/wp-content\/uploads\/2018\/03\/Picture-2384.jpg?w=1000&amp;ssl=1 1000w, https:\/\/i0.wp.com\/www.pancevo.city\/wp-content\/uploads\/2018\/03\/Picture-2384.jpg?resize=300%2C225&amp;ssl=1 300w, https:\/\/i0.wp.com\/www.pancevo.city\/wp-content\/uploads\/2018\/03\/Picture-2384.jpg?resize=768%2C576&amp;ssl=1 768w\" sizes=\"auto, (max-width: 900px) 100vw, 900px\" data-recalc-dims=\"1\"\/><\/p>\n<p id=\"caption-attachment-12064\" class=\"wp-caption-text\">Pismo radnika JP \u201eKovinski komunalac\u201d, manifest udvori\u0161tva 2\/2<\/p>\n<\/div>\n<p>Bo\u0161kov ka\u017ee kako se Milojkov svuda prikazuje kao \u017ertva. Nije on cve\u0107ka, govori nam i pokazuje sudsku presudu o ka\u017enjavanju Milojkova zato \u0161to ga je \u201evre\u0111ao\u201d. Dobro, proganja ga Stoj\u0161in. A kad se pogleda njegov radni dosije, vide\u0107e se da su ga ka\u017enjavali svi direktori. Za\u0161to? Jer ga mrze. Ne. \u201eZato \u0161to je zaslu\u017eio. I zato ga ne\u0107emo me\u0111u nama\u201d, ka\u017ee ovaj potpisnik pisma koje se zavr\u0161ava sa preporukom da direktorski dvojac najstro\u017ee kazni Milojkova \u201eza alkoholisanost, osionost i bezobrazluk\u2026 Vi znate da smo mi dobri radnici i ne \u017eelimo da nam on kvari VA\u0160E mi\u0161ljenje o nama. Unapred zahvalni radnici JP \u2018Kovinski komunalac\u2019\u201d. Ende.<\/p>\n<div id=\"attachment_12061\" style=\"width: 1010px\" class=\"wp-caption aligncenter\"><img aria-describedby=\"caption-attachment-12061\" decoding=\"async\" loading=\"lazy\" data-attachment-id=\"12061\" src=\"https:\/\/www.pancevo.city\/kovin-si-ti\/kovinski-komunalac-je-otisao-u-honduras\/attachment\/dusan-milojkov\/\" data-orig-file=\"https:\/\/i0.wp.com\/www.pancevo.city\/wp-content\/uploads\/2018\/03\/dusan-milojkov.jpg?fit=1000%2C563&amp;ssl=1\" data-orig-size=\"1000,563\" data-comments-opened=\"1\" data-image-meta=\"{&quot;aperture&quot;:&quot;0&quot;,&quot;credit&quot;:&quot;&quot;,&quot;camera&quot;:&quot;&quot;,&quot;caption&quot;:&quot;&quot;,&quot;created_timestamp&quot;:&quot;0&quot;,&quot;copyright&quot;:&quot;&quot;,&quot;focal_length&quot;:&quot;0&quot;,&quot;iso&quot;:&quot;0&quot;,&quot;shutter_speed&quot;:&quot;0&quot;,&quot;title&quot;:&quot;&quot;,&quot;orientation&quot;:&quot;1&quot;}\" data-image-title=\"dusan milojkov\" data-image-description=\"\" data-image-caption=\"&lt;p&gt;Du\u0161an Milojkov, radnik \u201eKomunalca\u201d i biciklista&lt;\/p&gt;&#10;\" data-medium-file=\"https:\/\/i0.wp.com\/www.pancevo.city\/wp-content\/uploads\/2018\/03\/dusan-milojkov.jpg?fit=300%2C169&amp;ssl=1\" data-large-file=\"https:\/\/i0.wp.com\/www.pancevo.city\/wp-content\/uploads\/2018\/03\/dusan-milojkov.jpg?fit=900%2C507&amp;ssl=1\" class=\"size-full wp-image-12061\" alt=\"\" width=\"900\" height=\"507\" srcset=\"https:\/\/i0.wp.com\/www.pancevo.city\/wp-content\/uploads\/2018\/03\/dusan-milojkov.jpg?w=1000&amp;ssl=1 1000w, https:\/\/i0.wp.com\/www.pancevo.city\/wp-content\/uploads\/2018\/03\/dusan-milojkov.jpg?resize=300%2C169&amp;ssl=1 300w, https:\/\/i0.wp.com\/www.pancevo.city\/wp-content\/uploads\/2018\/03\/dusan-milojkov.jpg?resize=768%2C432&amp;ssl=1 768w\" sizes=\"auto, (max-width: 900px) 100vw, 900px\" data-recalc-dims=\"1\"\/><\/p>\n<p id=\"caption-attachment-12061\" class=\"wp-caption-text\">Du\u0161an Milojkov, radnik \u201eKomunalca\u201d i biciklista<\/p>\n<\/div>\n<p>Pa ko je Du\u0161an Milojkov? \u017ditelj Pan\u010deva. Zaposlen u Kovinu. Za neke u \u201eKomunalcu\u201d \u201eprevarant, lopov, simulant\u201d. Drugi u njemu prepoznaju putopisca i biciklisti\u010dkog globrotera. Autora 15 knjiga. Vrednog hvale jer je okre\u0107u\u0107i pedala pronosio svetom ime Kovina i Srbije. Kao takav dobio je 2016. godine Oktobarsku nagradu grada. On, ba\u0161 kao i ranije pominjani Jovan Buljugi\u0107, \u0161ef slu\u017ebe op\u0161tih i pravnih poslova u \u201eKomunalcu\u201d, nema dvojbu da je Predrag Stoj\u0161in spiritus movens proganjanja \u201eneposlu\u0161nih\u201d. I Milojkov je, ba\u0161 kao i Buljugi\u0107, dobio sudsku satisfakciju posle \u0161ikane Stoj\u0161ina. Vra\u0107en je na posao koji mu je oduzeo usmenom naredbom. Ozloje\u0111en zbog ravnodu\u0161nosti sredine bio je re\u0161en da vrati kovinsko priznanje. Odgovorili su ga, po\u0161to su mu do\u0161li na noge u Pan\u010devo, Sanja Petrovi\u0107, predsednica Op\u0161tine i Zoran Bradanji, predsednik Skup\u0161tine. Milojkov nam ka\u017ee da mo\u017ee da se desi da, ipak, vrati nagradu. Za\u0161to? Zato \u0161to naprednja\u010dka op\u0161tinska vrhu\u0161ka \u0161titi Stoj\u0161ina. O tome je pisao i predsednici op\u0161tine.<\/p>\n<p>I tako je \u201edeponija\u201d iz \u201eKovinskog komunalca\u201d stigla pred vrata prve dame lokalne samouprave. Ho\u0107e li ona uzeti lopatu? Ko \u0107e se na njoj na\u0107i? Ho\u0107e li o doga\u0111anjima u javnom firmi progovoriti odbornici? Ili \u0107e i oni gledati u vrhove svojih cipela?<\/p>\n<\/div>\n<p><a href=\"https:\/\/www.pancevo.city\/kovin-si-ti\/kovinski-komunalac-je-otisao-u-honduras\/\" target=\"_blank\" rel=\"noopener\">Source link <\/a><br \/>\n\n \u201eKovinski komunalac\u201d je oti\u0161ao u&#8230; Honduras<\/p>\n","protected":false},"excerpt":{"rendered":"<p>\u0160to bi se reklo, u ovom javnom preduze\u0107u, sve je oti\u0161lo u Honduras, da ne ka\u017eemo u \u201eonu stvar\u201d. Pa&hellip;<\/p>\n","protected":false},"author":1,"featured_media":2584,"comment_status":"open","ping_status":"open","sticky":false,"template":"","format":"standard","meta":{"footnotes":""},"categories":[1],"tags":[],"class_list":["post-2583","post","type-post","status-publish","format-standard","has-post-thumbnail","hentry","category-oglasi-kovin"],"_links":{"self":[{"href":"https:\/\/oglasi.infooglasi.rs\/oglasi\/oglasikovin\/wp-json\/wp\/v2\/posts\/2583","targetHints":{"allow":["GET"]}}],"collection":[{"href":"https:\/\/oglasi.infooglasi.rs\/oglasi\/oglasikovin\/wp-json\/wp\/v2\/posts"}],"about":[{"href":"https:\/\/oglasi.infooglasi.rs\/oglasi\/oglasikovin\/wp-json\/wp\/v2\/types\/post"}],"author":[{"embeddable":true,"href":"https:\/\/oglasi.infooglasi.rs\/oglasi\/oglasikovin\/wp-json\/wp\/v2\/users\/1"}],"replies":[{"embeddable":true,"href":"https:\/\/oglasi.infooglasi.rs\/oglasi\/oglasikovin\/wp-json\/wp\/v2\/comments?post=2583"}],"version-history":[{"count":0,"href":"https:\/\/oglasi.infooglasi.rs\/oglasi\/oglasikovin\/wp-json\/wp\/v2\/posts\/2583\/revisions"}],"wp:featuredmedia":[{"embeddable":true,"href":"https:\/\/oglasi.infooglasi.rs\/oglasi\/oglasikovin\/wp-json\/wp\/v2\/media\/2584"}],"wp:attachment":[{"href":"https:\/\/oglasi.infooglasi.rs\/oglasi\/oglasikovin\/wp-json\/wp\/v2\/media?parent=2583"}],"wp:term":[{"taxonomy":"category","embeddable":true,"href":"https:\/\/oglasi.infooglasi.rs\/oglasi\/oglasikovin\/wp-json\/wp\/v2\/categories?post=2583"},{"taxonomy":"post_tag","embeddable":true,"href":"https:\/\/oglasi.infooglasi.rs\/oglasi\/oglasikovin\/wp-json\/wp\/v2\/tags?post=2583"}],"curies":[{"name":"wp","href":"https:\/\/api.w.org\/{rel}","templated":true}]}}