{"id":2589,"date":"2023-10-21T18:06:00","date_gmt":"2023-10-21T16:06:00","guid":{"rendered":"https:\/\/oglasi.infooglasi.rs\/oglasi\/oglasikovin\/ko-je-odgovoran-za-divlju-deponiju-u-deliblatu-drustvo-oglasi-kovin\/"},"modified":"2023-10-21T18:06:00","modified_gmt":"2023-10-21T16:06:00","slug":"ko-je-odgovoran-za-divlju-deponiju-u-deliblatu-drustvo-oglasi-kovin","status":"publish","type":"post","link":"https:\/\/oglasi.infooglasi.rs\/oglasi\/oglasikovin\/ko-je-odgovoran-za-divlju-deponiju-u-deliblatu-drustvo-oglasi-kovin\/","title":{"rendered":"Ko je odgovoran za divlju deponiju u Deliblatu? &#8211; Dru\u0161tvo &#8211; OGLASI KOVIN"},"content":{"rendered":"<p><\/p>\n<div>\n<div class=\"font-medium post-intro-content content\">\n<p>Divlja deponije u Deliblatu postoji ve\u0107 godinama a prati je nekontrolisano odlaganje otpada i mrtvih \u017eivotinja, smrad, najezda glodara i pasa lutalica. Me\u0161tani tvrde da nadle\u017eni ne \u010dine ni\u0161ta, a op\u0161tina Kovin da su za takvo stanje krivi upravo stanovnici tog sela.<\/p>\n<\/div>\n<p lang=\"en-US\">Poslednji poku\u0161aj me\u0161tana da re\u0161e ekolo\u0161ki problem u svom mestu jeste peticija, u kojoj su zatra\u017eili hitan inspekcijski nadzor ove deponije. Op\u0161tini je predata 13. maja, a potpisalo ju je 117 stanovnika ovog sela.<\/p>\n<p class=\"western\" lang=\"en-US\">Me\u0161tanka sela Deliblato i potpisnica peticije Larisa Miki\u0107 ka\u017ee za Danas.rs da ve\u0107 nekoliko godina postoji problem sa divljom deponijom u tom mestu.<\/p>\n<p class=\"western\" lang=\"en-US\">\u201cPostoji sumnja da nije na propisanom mestu, odnosno da nije registrovana. Ona se vremenom pro\u0161irila, tu se pored razli\u010ditih materija, nalaze i le\u0161ine \u017eivotinja. Ljudi tu prazne cisterne sa materijama iz septi\u010dkih jama, jer u Deliblatu ne postoji kanalizaciona mre\u017ea\u201d, isti\u010de Miki\u0107.<\/p>\n<p class=\"western\" lang=\"en-US\">Problem pravi i sam polo\u017eaj deponije.<\/p>\n<p class=\"western\" lang=\"en-US\">\u201cDeponija je na uzvi\u0161enju, bre\u017euljku i kada su ki\u0161e otpad i prljav\u0161tina se sliva u nekoliko ulica ljudima u ku\u0107e. Problem je smrad, estetski je problem. Nadle\u017eni nisu ni\u0161ta preuzeli, nisu je ni ogradili, nisu posadili zelenilo koje bi slu\u017eilo kao za\u0161tita, ne postoje kanali za drena\u017eu\u201d, dodaje ona.<\/p>\n<p class=\"western\" lang=\"en-US\">Njene navode demantuje na\u010delnica op\u0161tine Kovin Jelena \u010colakovi\u0107 koja za na\u0161 portal navodi da oni preko komunalne inspekcije vr\u0161e redovnu kontrolu deponija.<\/p>\n<p class=\"western\" lang=\"en-US\">\u201cRedovna sanacija vr\u0161i se u razmaku od dva-tri meseca, pet do \u0161est puta godi\u0161nje. Od po\u010detka 2019. kominalni inspektor op\u0161tinske uprave Kovin izdao je re\u0161enje za sanaciju deliblaske deponije 5. marta\u201d, navodi se u odgovoru \u010colakovi\u0107.<\/p>\n<p class=\"western\" lang=\"en-US\">Ona je istakla da se peticija poklopila sa redovnim nadzorom komunalne inspekcije koji se prema planu i programu obavlja tokom maja, \u201ckomunalni inspektor je izdao jo\u0161 jedno re\u0161enje za sanaciju deponije 15. maja\u201d.<\/p>\n<p class=\"western\" lang=\"en-US\">Larisa Miki\u0107 za Danas.rs tvrdi da vlasti nisu preduzele ni\u0161ta.<\/p>\n<p class=\"western\" lang=\"en-US\">\u201cOni su u obavezi da se time bave jer od 2009. godine postoji plan za sanaciju deponija\u201d, obja\u0161najava ona i dodaje da problem nije samo u tom selu i da ve\u0107ina deponija u kovinskoj op\u0161tini nije ure\u0111ena.<\/p>\n<p class=\"western\" lang=\"en-US\">Da se radi u deponiji koja je \u201enikla\u201c bez dozvole govori i \u010dinjenica da se nalazi u neposrednoj blizini prirodnog rezervata \u201eKraljevac\u201d i izvora vode \u201cBeli izvor\u201d. Voda sa tog izvora neretko se koristi i za pi\u0107e, a njen kvalitet nije proveravan.<\/p>\n<p class=\"western\" lang=\"en-US\">Kako za Danas.rs ka\u017ee potpisnica peticije za sanaciju ove deponije, me\u0161tani su se \u017ealili i ranije a u mesnoj zajednici nije bilo razumevanja za njihove probleme.<\/p>\n<p class=\"western\" lang=\"en-US\">\u201cDelibla\u0107ani sve \u0161to rade rade usmeno. Oni su se usmeno \u017ealili predsedniku mesne zajednice. Jednostavno leti im otpad u blizini ku\u0107a, ljudi donose i bacaju \u017eivotinjske le\u0161eve. Od \u017ealbi nikom ni\u0161ta. Predsednik mesne zajednice je na \u017ealbe gra\u0111ana rekao da nema vremena\u201d, svedo\u010di Miki\u0107.<\/p>\n<p class=\"western\" lang=\"en-US\">Prema re\u010dima na\u010delnice op\u0161tine Kovin, inspektor je na teren iza\u0161ao ve\u0107 narednog dana i konstatovao da je neophodno izvr\u0161iti sanaciju pomenute deponije i da sledi izdavanje re\u0161enja JP \u201cKovinski komunalac\u201d o otklanjanju nedostaka.<\/p>\n<p class=\"western\" lang=\"en-US\">U re\u0161enju se nala\u017ee da to javno komunalno preduze\u0107e u roku od sedam dana, sanira deponiju na kojoj je odlagano sme\u0107e i nadalje istu uredno odr\u017eava i ure\u0111uje, te da se radovi izvode uz obavezno prisustvo predstavnika MZ Deliblato.<\/p>\n<p class=\"western\" lang=\"en-US\">U odgovoru na upite na\u0161eg portala, Jelena \u010colakovi\u0107 navodi da je divlja deponija posledica nesavesnog pona\u0161anja upravo me\u0161tana Deliblata.<\/p>\n<p class=\"western\" lang=\"en-US\">\u201c\u010cinjenica je da je odlaganje raznog sme\u0107a van podru\u010dja predvi\u0111enog za odlaganje otpada posledica nesavesnog pona\u0161anja me\u0161tana Deliblata koji ne odla\u017eu sme\u0107e na na\u010din koji je predvi\u0111en\u201d, isti\u010de ona.<\/p>\n<p class=\"western\" lang=\"en-US\">Iz ove op\u0161tine nagla\u0161avaju da izdvajaju velika finansijska sredstva za re\u0161avanje problema divljih deponija, ali i da je neophodno \u201cpodizanje svesti gra\u0111ana o posledicama koje po \u017eivotnu sredinu ali i zdravlje ljudi izaziva bacanje sme\u0107a i raznih otpadaka pored puteva i na zelenim povr\u0161inama\u201d.<\/p>\n<p class=\"western\" lang=\"en-US\">Kao mogu\u0107e dugoro\u010dno re\u0161enje predlo\u017eili su i formiranje regionalnog Centra za odlaganje otpada u okviru kojeg bi se, kako navode, otpad prikupljen iz vi\u0161e jedinica lokalne samouprave tretirao u postrojenjima i iskori\u0161\u0107avao, a ostatak bi se odlagao na regionalne deponije.<\/p>\n<div class=\"post-disclaimer\">\n<p><strong><em>Pratite nas na na\u0161oj <a href=\"https:\/\/www.facebook.com\/www.danas.rs\" target=\"_blank\" rel=\"noopener external noreferrer\" data-wpel-link=\"external\">Facebook<\/a> i <a href=\"https:\/\/www.instagram.com\/danas.rs\/?hl=en\" target=\"_blank\" rel=\"noopener external noreferrer\" data-wpel-link=\"external\">Instagram<\/a> stranici, ali i na <a href=\"https:\/\/twitter.com\/OnlineDanas\" target=\"_blank\" rel=\"noopener external noreferrer\" data-wpel-link=\"external\">Twitter<\/a> nalogu. Pretplatite se na <a href=\"https:\/\/klub.danas.rs\/\" target=\"_blank\" rel=\"noopener external noreferrer\" data-wpel-link=\"external\">PDF izdanje lista Danas<\/a>.<\/em><\/strong><\/p>\n<\/div>\n<\/div>\n<p><script async src=\"\/\/platform.twitter.com\/widgets.js\" charset=\"utf-8\"><\/script><script async defer src=\"https:\/\/platform.instagram.com\/en_US\/embeds.js\"><\/script><br \/>\n<br \/><a href=\"https:\/\/www.danas.rs\/vesti\/drustvo\/ko-je-odgovoran-za-divlju-deponiju-u-deliblatu\/\" target=\"_blank\" rel=\"noopener\">Source link <\/a><br \/>\n\n Ko je odgovoran za divlju deponiju u Deliblatu? &#8211; Dru\u0161tvo<\/p>\n","protected":false},"excerpt":{"rendered":"<p>Divlja deponije u Deliblatu postoji ve\u0107 godinama a prati je nekontrolisano odlaganje otpada i mrtvih \u017eivotinja, smrad, najezda glodara i&hellip;<\/p>\n","protected":false},"author":1,"featured_media":2590,"comment_status":"open","ping_status":"open","sticky":false,"template":"","format":"standard","meta":{"footnotes":""},"categories":[1],"tags":[],"class_list":["post-2589","post","type-post","status-publish","format-standard","has-post-thumbnail","hentry","category-oglasi-kovin"],"_links":{"self":[{"href":"https:\/\/oglasi.infooglasi.rs\/oglasi\/oglasikovin\/wp-json\/wp\/v2\/posts\/2589","targetHints":{"allow":["GET"]}}],"collection":[{"href":"https:\/\/oglasi.infooglasi.rs\/oglasi\/oglasikovin\/wp-json\/wp\/v2\/posts"}],"about":[{"href":"https:\/\/oglasi.infooglasi.rs\/oglasi\/oglasikovin\/wp-json\/wp\/v2\/types\/post"}],"author":[{"embeddable":true,"href":"https:\/\/oglasi.infooglasi.rs\/oglasi\/oglasikovin\/wp-json\/wp\/v2\/users\/1"}],"replies":[{"embeddable":true,"href":"https:\/\/oglasi.infooglasi.rs\/oglasi\/oglasikovin\/wp-json\/wp\/v2\/comments?post=2589"}],"version-history":[{"count":0,"href":"https:\/\/oglasi.infooglasi.rs\/oglasi\/oglasikovin\/wp-json\/wp\/v2\/posts\/2589\/revisions"}],"wp:featuredmedia":[{"embeddable":true,"href":"https:\/\/oglasi.infooglasi.rs\/oglasi\/oglasikovin\/wp-json\/wp\/v2\/media\/2590"}],"wp:attachment":[{"href":"https:\/\/oglasi.infooglasi.rs\/oglasi\/oglasikovin\/wp-json\/wp\/v2\/media?parent=2589"}],"wp:term":[{"taxonomy":"category","embeddable":true,"href":"https:\/\/oglasi.infooglasi.rs\/oglasi\/oglasikovin\/wp-json\/wp\/v2\/categories?post=2589"},{"taxonomy":"post_tag","embeddable":true,"href":"https:\/\/oglasi.infooglasi.rs\/oglasi\/oglasikovin\/wp-json\/wp\/v2\/tags?post=2589"}],"curies":[{"name":"wp","href":"https:\/\/api.w.org\/{rel}","templated":true}]}}