{"id":3183,"date":"2023-10-22T19:19:02","date_gmt":"2023-10-22T17:19:02","guid":{"rendered":"https:\/\/oglasi.infooglasi.rs\/oglasi\/oglasilajkovac\/matija-beckovic-primio-nagradu-radovan-beli-markovic-u-ime-emira-kusturice-oglasi-lajkovac\/"},"modified":"2023-10-22T19:19:02","modified_gmt":"2023-10-22T17:19:02","slug":"matija-beckovic-primio-nagradu-radovan-beli-markovic-u-ime-emira-kusturice-oglasi-lajkovac","status":"publish","type":"post","link":"https:\/\/oglasi.infooglasi.rs\/oglasi\/oglasilajkovac\/matija-beckovic-primio-nagradu-radovan-beli-markovic-u-ime-emira-kusturice-oglasi-lajkovac\/","title":{"rendered":"Matija Be\u0107kovi\u0107 primio nagradu Radovan Beli Markovi\u0107 u ime Emira Kusturice &#8211; OGLASI LAJKOVAC"},"content":{"rendered":"<p><\/p>\n<div>\n<p>        <!-- image --><\/p>\n<div class=\"td-post-featured-image\"><a href=\"https:\/\/www.rasejanje.info\/wp-content\/uploads\/2023\/10\/biblioteka-radovan-beli-markovic.jpg\" data-caption=\"\" target=\"_blank\" rel=\"noopener\"><img loading=\"lazy\" decoding=\"async\" width=\"640\" height=\"428\" class=\"entry-thumb td-modal-image\" src=\"https:\/\/www.rasejanje.info\/wp-content\/uploads\/2023\/10\/biblioteka-radovan-beli-markovic-640x428.jpg\" srcset=\"https:\/\/www.rasejanje.info\/wp-content\/uploads\/2023\/10\/biblioteka-radovan-beli-markovic-640x428.jpg 640w, https:\/\/www.rasejanje.info\/wp-content\/uploads\/2023\/10\/biblioteka-radovan-beli-markovic-300x201.jpg 300w, https:\/\/www.rasejanje.info\/wp-content\/uploads\/2023\/10\/biblioteka-radovan-beli-markovic-768x514.jpg 768w, https:\/\/www.rasejanje.info\/wp-content\/uploads\/2023\/10\/biblioteka-radovan-beli-markovic-628x420.jpg 628w, https:\/\/www.rasejanje.info\/wp-content\/uploads\/2023\/10\/biblioteka-radovan-beli-markovic-537x360.jpg 537w, https:\/\/www.rasejanje.info\/wp-content\/uploads\/2023\/10\/biblioteka-radovan-beli-markovic-681x455.jpg 681w, https:\/\/www.rasejanje.info\/wp-content\/uploads\/2023\/10\/biblioteka-radovan-beli-markovic.jpg 770w\" sizes=\"auto, (max-width: 640px) 100vw, 640px\" alt=\"\" title=\"biblioteka-radovan-beli-markovic\"\/><\/a><\/div>\n<p>        <!-- content --><\/p>\n<p>U porti manastira Svetog \u0110or\u0111a u selu \u0106elije, kod Lajkovca, rodnom mestu knji\u017eevnika Radovana Belog Markovi\u0107a, ju\u010de je sve\u010dano uru\u010dena nagrada koja nosi ime poznatog srpskog savremenog pisca. Za najbolje prozno delo na srpskom jeziku objavljeno u 2022\/23. godini \u017eiri je proglasio knjigu Emira Kusturice \u201eVidi\u0161 li da ne vidim\u201d u izdanju Srpske knji\u017eevne zadruge. U ime ovogodi\u0161njeg dobitnika, koji je zbog snimanja filma trenutno u Rusiji, priznanje je primio akademik Matija Be\u0107kovi\u0107.<\/p>\n<p>Uru\u010duju\u0107i mu povelju, direktorka lajkova\u010dke Biblioteke Radovan Beli Markovi\u0107 Sne\u017eana \u0160kori\u0107 je podsetila da je biblioteka Belom bila druga ku\u0107a, \u010dija su deca bile knjige, \u010diji su \u017eivot bile neobi\u010dne, \u010dudesne i zadivljuju\u0107e re\u010di, a da je stvaraju\u0107i neumorno \u010detiri decenije, inspirisan mestom svog ro\u0111enja i \u017eivljenja, postao je jedan od najzna\u010dajnijih srpskih prozaista.<\/p>\n<p>Konstatuju\u0107i da sada dve biblioteke ovog kraja nose ime na\u0161ih nedavno preminulih pisaca: lji\u0161ka Milovana Danojli\u0107a, a lajkova\u010dka Belog Markovi\u0107a, akademik Be\u0107kovi\u0107 je rekao:<\/p>\n<p>\u2013 Kada sam\u00a0 prvi put \u010duo da se u \u0106elijama rodio Koder, najzaumniji znalac srpskoga jezika, onda sam lako objasnio odakle ovde i Radovan Beli Markovi\u0107. Izgleda da postoji neki protok jezika ispod zemlje i \u0161ikne na odre\u0111enim mestima kao gejzir, a da je jedno takvo mesto ovo na kojem smo se mi sada okupili. To su kao one bube koje ispredaju konac pa se i same zamotaju i tako nastaju \u0107ilibari. Tako su i te knjige njihove dragulji, \u0107ilibari, koje se ne mogu do kraja odgonetnuti niti razumeti, niti ima potrebe da se to do kraja u\u010dini. Beli je to ispredao neumorno, do poslednjega daha. I to \u010dudo srpskoga jezika, koji spada u najlep\u0161e na svetu, ima i ovakve pisce, za\u010darane tim\u00a0 jezikom, koji dokazuju njegovu dubinu, tajnu i veli\u010dinu.<\/p>\n<p>Emir Kusturica je poslao re\u010di zahvalnosti iz Rusije \u201ezahvaljuju\u0107i svima na priznanju koje nosi ime, kako je ve\u0107 davno prime\u0107eno, najneobi\u010dnijeg pisca na\u0161e srpske savremenosti Radovana Belog Markovi\u0107a\u201d i svojevrsno pismo Radovanu, protkano njegovim proznim stilom i junacima, koje je pro\u010ditao Be\u0107kovi\u0107.<\/p>\n<p>\u2013 Dragi Radovane, plavi satelit koji sam jo\u0161 kao mladi\u0107 u nebesna prostranstva hitnuo, a koji mi se javlja u svim nevoljama i voljama, zalebdeo je i iznad \u0161ina lajkova\u010dke pruge, uzvinute u nebo, Putnikove ciglane i pomesne crkvice, i svih zidanica koje si sagradio, naro\u010dito ponad sudbina tvojih junaka koji \u010desto van sopstvenih duhovnih skrivnica i nisu bili svoji, kao \u0161to se ni mi nemamo i \u201enismo pri sebi\u201d tamo gde \u201e\u017eivot se vu\u010de polako, kao izme\u0111u rovova\u201d. Ipak, zagledanog u tvoje listine \u201espram srozane sve\u0107e\u201d, mislim da me je osvetlila zvezda za kojom je tragao Mihajlo bunard\u017eija, da sam omirisao bagrenje koje se njihalo ponad glave in\u017einira Deve\u010derskog, a da su se pred nogama mojim ukaljale poljane dok sam za sobom hodio, ili prema sebi, dok se u unutra\u0161njosti mojoj odvrtao i \u201eneki sanjala\u010dki gvint\u201d. Ono \u0161to sigurno znam, dragi Radovane, jeste da \u0107emo se zauvek imati \u201eu kraljevskom jeziku srpskom\u201d, u kojem \u0107emo hodati pa\u017eljivo, a opet odva\u017eno, znaju\u0107i kuda smo namerili, kao an\u0111eli na\u0161i po \u017eici \u2013 iznad Drine ili Kolubare, svejedno. U tome je stvar. Stoga, dubok naklon tebi \u2013 za koga se sigurno \u010dulo i pre no \u0161to si bio! \u201eRadovan Beli Markovi\u0107, Zadnja po\u0161ta Nebo\u201d.<\/p>\n<p>\u00a0\u017diri u sastavu dr Sla\u0111ana Ili\u0107, predsednik, dr Vesna Triji\u0107 i master Daren Milivojevi\u0107 jednoglasno se opredelio za knjigu \u201eVidi\u0161 li da ne vidim\u201d Emira Kusturice, objavljenu 2022. godine u Srpskoj knji\u017eevnoj zadruzi.<\/p>\n<p>\u2013 Pripoveda\u010deva priroda, nad kojom smo sve vreme zapitani, kao i visoka umetnost koju nesporno s razlogom uvek povezujemo s njim, umno\u017eavaju fantazmagori\u010dne slike i \u010dvrsto ih povezuju, iako je izme\u0111u njih niz dinami\u010dnih realisti\u010dnih epizoda \u2013 humornih, lirskih, polemi\u010dkih kada je u njihovom sredi\u0161tu \u201ekarakazan\u201d istorije i\/ili savremeni svet i njegovo licemerje\u2026 U knjizi Emira Kusturice, kao i kod Radovana Belog Markovi\u0107a, kako \u010ditaju\u0107i i porede\u0107i zaklju\u010dujemo, an\u0111eli menjaju obli\u010dja i funkcije i ovaj svet \u010dine za\u010dudnim. To isto \u010dine fantasti\u010dki prizori ve\u0107 poznatih knji\u017eevnih junaka srpske i svetske proze, naj\u010de\u0161\u0107e u novim ili pak unekoliko izmenjenim rolama u odnosu na \u201eoriginal\u201d. U sli\u010dnim pozicijama su i pisci koji u njihovim delima postaju junaci. Neki od takvih pisaca junaci su i van sveta knjige, kao \u0161to je to Peter Handke \u2013 ka\u017ee se u zaklju\u010dku obrazlo\u017eenja \u017eirija, koji je pro\u010ditala dr Sla\u0111ana Ili\u0107, autor dva doktorata o prozi Belog Markovi\u0107a.<\/p>\n<p>U ime op\u0161tine Lajkovac, pokrovitelja nagrade, prisutne je pozdravio zamenik predsednika Obrad Milutinovi\u0107. U umetni\u010dkom programu su u\u010destvovali vokalni solista Mila Ristovi\u0107 uz gitarsku pratnju Marka Stojkovi\u0107a i spiker Radmila Novakovi\u0107 \u010ditanjem odlomaka iz knjige \u201eVidi\u0161 li da ne vidim\u201d. Voditelj je bila glumica Angelina Luki\u0107. Knji\u017eevna nagrada Radovan Beli Markovi\u0107 ustanovljena je pro\u0161le godine, nakon smrti poznatog knji\u017eevnika.<\/p>\n<p>Emir Kusturica je drugi dobitnik laskavog priznanja, a prvi je bila Slavica Garonja za roman \u201e\u0160apati Male Vla\u0161ke\u201d. Organizator konkursa je Biblioteka Radovan Beli Markovi\u0107 iz Lajkovca.<\/p>\n<p>Izvor: B. Petrovi\u0107 Kolubarski.rs<\/p>\n<\/p><\/div>\n<p><a href=\"https:\/\/www.rasejanje.info\/2023\/10\/11\/46144\/?utm_source=rss&#038;utm_medium=rss&#038;utm_campaign=46144\" target=\"_blank\" rel=\"noopener\">Source link <\/a><br \/>\n\n Matija Be\u0107kovi\u0107 primio nagradu Radovan Beli Markovi\u0107 u ime Emira Kusturice<\/p>\n","protected":false},"excerpt":{"rendered":"<p>U porti manastira Svetog \u0110or\u0111a u selu \u0106elije, kod Lajkovca, rodnom mestu knji\u017eevnika Radovana Belog Markovi\u0107a, ju\u010de je sve\u010dano uru\u010dena&hellip;<\/p>\n","protected":false},"author":1,"featured_media":3184,"comment_status":"open","ping_status":"open","sticky":false,"template":"","format":"standard","meta":{"footnotes":""},"categories":[1],"tags":[],"class_list":["post-3183","post","type-post","status-publish","format-standard","has-post-thumbnail","hentry","category-oglasi-lajkovac"],"_links":{"self":[{"href":"https:\/\/oglasi.infooglasi.rs\/oglasi\/oglasilajkovac\/wp-json\/wp\/v2\/posts\/3183","targetHints":{"allow":["GET"]}}],"collection":[{"href":"https:\/\/oglasi.infooglasi.rs\/oglasi\/oglasilajkovac\/wp-json\/wp\/v2\/posts"}],"about":[{"href":"https:\/\/oglasi.infooglasi.rs\/oglasi\/oglasilajkovac\/wp-json\/wp\/v2\/types\/post"}],"author":[{"embeddable":true,"href":"https:\/\/oglasi.infooglasi.rs\/oglasi\/oglasilajkovac\/wp-json\/wp\/v2\/users\/1"}],"replies":[{"embeddable":true,"href":"https:\/\/oglasi.infooglasi.rs\/oglasi\/oglasilajkovac\/wp-json\/wp\/v2\/comments?post=3183"}],"version-history":[{"count":0,"href":"https:\/\/oglasi.infooglasi.rs\/oglasi\/oglasilajkovac\/wp-json\/wp\/v2\/posts\/3183\/revisions"}],"wp:featuredmedia":[{"embeddable":true,"href":"https:\/\/oglasi.infooglasi.rs\/oglasi\/oglasilajkovac\/wp-json\/wp\/v2\/media\/3184"}],"wp:attachment":[{"href":"https:\/\/oglasi.infooglasi.rs\/oglasi\/oglasilajkovac\/wp-json\/wp\/v2\/media?parent=3183"}],"wp:term":[{"taxonomy":"category","embeddable":true,"href":"https:\/\/oglasi.infooglasi.rs\/oglasi\/oglasilajkovac\/wp-json\/wp\/v2\/categories?post=3183"},{"taxonomy":"post_tag","embeddable":true,"href":"https:\/\/oglasi.infooglasi.rs\/oglasi\/oglasilajkovac\/wp-json\/wp\/v2\/tags?post=3183"}],"curies":[{"name":"wp","href":"https:\/\/api.w.org\/{rel}","templated":true}]}}