{"id":3187,"date":"2023-11-11T17:57:12","date_gmt":"2023-11-11T16:57:12","guid":{"rendered":"https:\/\/oglasi.infooglasi.rs\/oglasi\/oglasilajkovac\/bezbrizna-zima-za-izbegla-i-raseljena-lica-sa-teritorije-lajkovca-podrinje-info-oglasi-lajkovac\/"},"modified":"2023-11-11T17:57:12","modified_gmt":"2023-11-11T16:57:12","slug":"bezbrizna-zima-za-izbegla-i-raseljena-lica-sa-teritorije-lajkovca-podrinje-info-oglasi-lajkovac","status":"publish","type":"post","link":"https:\/\/oglasi.infooglasi.rs\/oglasi\/oglasilajkovac\/bezbrizna-zima-za-izbegla-i-raseljena-lica-sa-teritorije-lajkovca-podrinje-info-oglasi-lajkovac\/","title":{"rendered":"Bezbri\u017ena zima za izbegla i raseljena lica sa teritorije Lajkovca \u2013 Podrinje Info &#8211; OGLASI LAJKOVAC"},"content":{"rendered":"<p><\/p>\n<div id=\"post-3150\">\n\t\t<!-- .the_title --><br \/>\n\t\t\t\t\t<!-- .meta --><\/p>\n<div class=\"post_thumb\">\n<figure>\n\t\t\t\t\t<img loading=\"lazy\" width=\"500\" height=\"335\" src=\"https:\/\/www.podrinjeinfo.rs\/wp-content\/uploads\/2023\/08\/manastir_bogovaa_20120630_1402657133.jpg.pagespeed.ce_.2L1VS3OX67.jpg\" class=\"attachment-full size-full wp-post-image\" alt=\"Bezbri\u017ena zima za izbegla i raseljena lica sa teritorije Lajkovca\" decoding=\"async\" srcset=\"https:\/\/www.podrinjeinfo.rs\/wp-content\/uploads\/2023\/08\/manastir_bogovaa_20120630_1402657133.jpg.pagespeed.ce_.2L1VS3OX67.jpg 500w, https:\/\/www.podrinjeinfo.rs\/wp-content\/uploads\/2023\/08\/manastir_bogovaa_20120630_1402657133.jpg.pagespeed.ce_.2L1VS3OX67-300x201.jpg 300w\" sizes=\"auto, (max-width: 500px) 100vw, 500px\"\/>\t\t\t\t\t<\/figure>\n<\/p><\/div>\n<div class=\"the_content\">\n<p>Izvor fotografije: http:\/\/www.lajkovac.org.rs\/<\/p>\n<p>Predstavnici op\u0161tine Lajkovac, na \u010delu sa zamenikom predsednika op\u0161tine Obradom Milutinovi\u0107em, ju\u010de su, u Palati Srbija na Novom Beogradu, prisustvovali sve\u010danom uru\u010denju ugovora o dodeli pomo\u0107i, u vidu ogrevnog drveta, izbeglim i raseljenim licima. Komesarijat za izbeglice Republike Srbije donirao je op\u0161tini Lajkovac nov\u010dana sredstva za pomo\u0107 sedam porodica izbeglih i interno raseljenih lica koja imaju boravi\u0161te na teritorije op\u0161tine, \u0161to \u0107e im omogu\u0107iti da spokojno do\u010dekaju predstoje\u0107u zimu.<\/p>\n<p>Realizacije ove pomo\u0107i o\u010dekuje se u narednih \u0161est meseci, odnosno do kraja januara 2024. godine.<\/p>\n<\/p><\/div>\n<p><!-- .the_content --><br \/>\n\t\t\t\t\t\t<!-- .post_tags -->\n\t\t\t\t\t<\/div>\n<p><script>(function(d, s, id) {\n\t\t\tvar js, fjs = d.getElementsByTagName(s)[0];\n\t\t\tif (d.getElementById(id)) return;\n\t\t\tjs = d.createElement(s); js.id = id;\n\t\t\tjs.src=\"https:\/\/connect.facebook.net\/en_US\/sdk.js#xfbml=1&version=v2.11&appId=1158761637505872\";\n\t\t\tfjs.parentNode.insertBefore(js, fjs);\n\t\t}(document, 'script', 'facebook-jssdk'));<\/script><br \/>\n<br \/><a href=\"https:\/\/www.podrinjeinfo.rs\/vesti\/bezbrizna-zima-za-izbegla-i-raseljena-lica-sa-teritorije-lajkovca\/\" target=\"_blank\" rel=\"noopener\">Source link <\/a><br \/>\n\n Bezbri\u017ena zima za izbegla i raseljena lica sa teritorije Lajkovca \u2013 Podrinje Info<\/p>\n","protected":false},"excerpt":{"rendered":"<p>Izvor fotografije: http:\/\/www.lajkovac.org.rs\/ Predstavnici op\u0161tine Lajkovac, na \u010delu sa zamenikom predsednika op\u0161tine Obradom Milutinovi\u0107em, ju\u010de su, u Palati Srbija na&hellip;<\/p>\n","protected":false},"author":1,"featured_media":3188,"comment_status":"open","ping_status":"open","sticky":false,"template":"","format":"standard","meta":{"footnotes":""},"categories":[1],"tags":[],"class_list":["post-3187","post","type-post","status-publish","format-standard","has-post-thumbnail","hentry","category-oglasi-lajkovac"],"_links":{"self":[{"href":"https:\/\/oglasi.infooglasi.rs\/oglasi\/oglasilajkovac\/wp-json\/wp\/v2\/posts\/3187","targetHints":{"allow":["GET"]}}],"collection":[{"href":"https:\/\/oglasi.infooglasi.rs\/oglasi\/oglasilajkovac\/wp-json\/wp\/v2\/posts"}],"about":[{"href":"https:\/\/oglasi.infooglasi.rs\/oglasi\/oglasilajkovac\/wp-json\/wp\/v2\/types\/post"}],"author":[{"embeddable":true,"href":"https:\/\/oglasi.infooglasi.rs\/oglasi\/oglasilajkovac\/wp-json\/wp\/v2\/users\/1"}],"replies":[{"embeddable":true,"href":"https:\/\/oglasi.infooglasi.rs\/oglasi\/oglasilajkovac\/wp-json\/wp\/v2\/comments?post=3187"}],"version-history":[{"count":0,"href":"https:\/\/oglasi.infooglasi.rs\/oglasi\/oglasilajkovac\/wp-json\/wp\/v2\/posts\/3187\/revisions"}],"wp:featuredmedia":[{"embeddable":true,"href":"https:\/\/oglasi.infooglasi.rs\/oglasi\/oglasilajkovac\/wp-json\/wp\/v2\/media\/3188"}],"wp:attachment":[{"href":"https:\/\/oglasi.infooglasi.rs\/oglasi\/oglasilajkovac\/wp-json\/wp\/v2\/media?parent=3187"}],"wp:term":[{"taxonomy":"category","embeddable":true,"href":"https:\/\/oglasi.infooglasi.rs\/oglasi\/oglasilajkovac\/wp-json\/wp\/v2\/categories?post=3187"},{"taxonomy":"post_tag","embeddable":true,"href":"https:\/\/oglasi.infooglasi.rs\/oglasi\/oglasilajkovac\/wp-json\/wp\/v2\/tags?post=3187"}],"curies":[{"name":"wp","href":"https:\/\/api.w.org\/{rel}","templated":true}]}}