{"id":3258,"date":"2024-01-29T04:00:27","date_gmt":"2024-01-29T03:00:27","guid":{"rendered":"https:\/\/oglasi.infooglasi.rs\/oglasi\/oglasilajkovac\/povredjeno-dete-4-u-udesu-u-lajkovcu-prebaceno-u-beograd-konstatovane-mu-teske-povrede-glave-udarna-vest-rs-oglasi-lajkovac\/"},"modified":"2024-01-29T04:00:27","modified_gmt":"2024-01-29T03:00:27","slug":"povredjeno-dete-4-u-udesu-u-lajkovcu-prebaceno-u-beograd-konstatovane-mu-teske-povrede-glave-udarna-vest-rs-oglasi-lajkovac","status":"publish","type":"post","link":"https:\/\/oglasi.infooglasi.rs\/oglasi\/oglasilajkovac\/povredjeno-dete-4-u-udesu-u-lajkovcu-prebaceno-u-beograd-konstatovane-mu-teske-povrede-glave-udarna-vest-rs-oglasi-lajkovac\/","title":{"rendered":"POVRE\u0110ENO DETE (4) U UDESU U LAJKOVCU PREBA\u010cENO U BEOGRAD, KONSTATOVANE MU TE\u0160KE POVREDE GLAVE \u2013 UDARNA VEST . rs &#8211; OGLASI LAJKOVAC"},"content":{"rendered":"<p><\/p>\n<div>\n<p>Dete koje je jutros te\u0161ko povre\u0111eno u saobra\u0107ajnoj nesre\u0107i u Lajkovcu preba\u010deno je u Beograd zbog te\u0161kih povreda glave.<\/p>\n<p>Kako prenosi Kurir, povre\u0111eno dete ima \u010detiri godine i bilo je propisno sme\u0161teno u auto-sedi\u0161te.<\/p>\n<p>Podsetimo, nesre\u0107a se dogodila jutros oko 7 \u010dasova,\u00a0kada je automobil \u201e\u0161koda fabia\u201c, koji je vozio otac de\u010daka D.M. iz lajkova\u010dkog sela Jabu\u010dje\u00a0sleteo u kanal. Povre\u0111eno dete je najpre prevezeno u Urgentni centar valjevske bolnice, gde su mu konstatovane te\u0161ke povrede glave, a potom je prevezeno u Beograd na dalje le\u010denje, dok je otac deteta pro\u0161ao sa lakim povredama.<\/p>\n<p>Nesre\u0107a se dogodila u ulici Boje Markovi\u0107a u Lajkovcu, kada je D.M, iz za sada neutvr\u0111enih razloga, sleteo sa puta u kanal.<\/p>\n<p>Istraga \u0107e utvrditi \u0161ta je dovelo do ove saobra\u0107ajne nesre\u0107e.<\/p>\n<\/p><\/div>\n<p><a href=\"https:\/\/udarnavest.rs\/2021\/12\/20\/povredjeno-dete-4-u-udesu-u-lajkovcu-prebaceno-u-beograd-konstatovane-mu-teske-povrede-glave\/\" target=\"_blank\" rel=\"noopener\">Source link <\/a><br \/>\n\n POVRE\u0110ENO DETE (4) U UDESU U LAJKOVCU PREBA\u010cENO U BEOGRAD, KONSTATOVANE MU TE\u0160KE POVREDE GLAVE \u2013 UDARNA VEST . rs<\/p>\n","protected":false},"excerpt":{"rendered":"<p>Dete koje je jutros te\u0161ko povre\u0111eno u saobra\u0107ajnoj nesre\u0107i u Lajkovcu preba\u010deno je u Beograd zbog te\u0161kih povreda glave. Kako&hellip;<\/p>\n","protected":false},"author":1,"featured_media":0,"comment_status":"open","ping_status":"open","sticky":false,"template":"","format":"standard","meta":{"footnotes":""},"categories":[1],"tags":[],"class_list":["post-3258","post","type-post","status-publish","format-standard","hentry","category-oglasi-lajkovac"],"_links":{"self":[{"href":"https:\/\/oglasi.infooglasi.rs\/oglasi\/oglasilajkovac\/wp-json\/wp\/v2\/posts\/3258","targetHints":{"allow":["GET"]}}],"collection":[{"href":"https:\/\/oglasi.infooglasi.rs\/oglasi\/oglasilajkovac\/wp-json\/wp\/v2\/posts"}],"about":[{"href":"https:\/\/oglasi.infooglasi.rs\/oglasi\/oglasilajkovac\/wp-json\/wp\/v2\/types\/post"}],"author":[{"embeddable":true,"href":"https:\/\/oglasi.infooglasi.rs\/oglasi\/oglasilajkovac\/wp-json\/wp\/v2\/users\/1"}],"replies":[{"embeddable":true,"href":"https:\/\/oglasi.infooglasi.rs\/oglasi\/oglasilajkovac\/wp-json\/wp\/v2\/comments?post=3258"}],"version-history":[{"count":0,"href":"https:\/\/oglasi.infooglasi.rs\/oglasi\/oglasilajkovac\/wp-json\/wp\/v2\/posts\/3258\/revisions"}],"wp:attachment":[{"href":"https:\/\/oglasi.infooglasi.rs\/oglasi\/oglasilajkovac\/wp-json\/wp\/v2\/media?parent=3258"}],"wp:term":[{"taxonomy":"category","embeddable":true,"href":"https:\/\/oglasi.infooglasi.rs\/oglasi\/oglasilajkovac\/wp-json\/wp\/v2\/categories?post=3258"},{"taxonomy":"post_tag","embeddable":true,"href":"https:\/\/oglasi.infooglasi.rs\/oglasi\/oglasilajkovac\/wp-json\/wp\/v2\/tags?post=3258"}],"curies":[{"name":"wp","href":"https:\/\/api.w.org\/{rel}","templated":true}]}}