{"id":3386,"date":"2024-08-12T11:18:47","date_gmt":"2024-08-12T09:18:47","guid":{"rendered":"https:\/\/oglasi.infooglasi.rs\/oglasi\/oglasilajkovac\/neverovatan-podvig-lajkovcana-ficom-stigli-do-turske-bez-ikakvih-problema-presli-skoro-2-000-kilometara-oglasi-lajkovac\/"},"modified":"2024-08-12T11:18:47","modified_gmt":"2024-08-12T09:18:47","slug":"neverovatan-podvig-lajkovcana-ficom-stigli-do-turske-bez-ikakvih-problema-presli-skoro-2-000-kilometara-oglasi-lajkovac","status":"publish","type":"post","link":"https:\/\/oglasi.infooglasi.rs\/oglasi\/oglasilajkovac\/neverovatan-podvig-lajkovcana-ficom-stigli-do-turske-bez-ikakvih-problema-presli-skoro-2-000-kilometara-oglasi-lajkovac\/","title":{"rendered":"NEVEROVATAN PODVIG LAJKOV\u010cANA: Fi\u0107om stigli do Turske bez ikakvih problema, pre\u0161li skoro 2.000 kilometara! &#8211; OGLASI LAJKOVAC"},"content":{"rendered":"<p><\/p>\n<div>\n<p><em><strong>NEOBI\u010cAN \u201cpodvig\u201d izveli su Lajkov\u010dani Nemanja Nestorovi\u0107 (26) i Miroslav Jevti\u0107 (41) \u2013 svojim, bezmalo pola veka starim \u201czastavama 750\u201d, popularnim \u201c<a href=\"https:\/\/serbiantimes.info\/tag\/fica\/\" target=\"_blank\" rel=\"noopener\" title=\"\">fi\u0107ama<\/a>\u201d krenuli su na oko 1.900 kilometara dug put do Alanje u Turskoj.<\/strong><\/em><\/p>\n<p>Bez ijednog problema na odredi\u0161te su stigli za tridesetak sati, a dogodine, ka\u017eu, planiraju novu avanturu \u2013 da \u201cfi\u0107ama\u201d krenu na oko 2.300 kilometara dug put do <a href=\"https:\/\/serbiantimes.info\/tag\/moskva\/\" target=\"_blank\" rel=\"noopener\" title=\"\">Moskve<\/a>. Prose\u010dna brzina od 80 kilometara na \u010das bila je, vele, sasvim dovoljna za sigurnu i udobnu vo\u017enju \u201cfi\u0107om\u201d do Alanje, a usput su privla\u010dili veliku pa\u017enju.<\/p>\n<p>\u2013 \u017deleo sam da se uverim kako je bilo nekada, kada su starije generacije \u201cfi\u0107om\u201d putovale na more, ili u Italiju, u Trst, da kupe farmerke i drugu robu \u2013 ka\u017ee Nemanja Nestorovi\u0107, elektrotehni\u010dar po struci, a trenutno vozi kamion. \u2013 Obi\u0161ao sam mojim \u201c\u017eu\u0107om\u201d na\u0161u prelepu Srbiju i sve zemlje regiona. Ove godine odlu\u010dio sam se da sa svojom devojkom Sne\u017eanom, uputim u <a href=\"https:\/\/serbiantimes.info\/tag\/turska\/\" target=\"_blank\" rel=\"noopener\" title=\"\">Tursku <\/a>na letovanje. Svuda smo bili atrakcija, a naj\u010de\u0161\u0107e pitanje je da li auto ima klimu. Kad smo stigli na parking u Alanju, okupljeni turisti, kad su videli \u201cfi\u0107e\u201d valjevskih registarskih oznaka, odu\u0161evljeno su nam aplaudirali, uz povike \u201cBravo Srbija\u201d.<\/p>\n<h4 class=\"wp-block-heading\"><mark style=\"background-color:rgba(0, 0, 0, 0)\" class=\"has-inline-color has-vivid-red-color\">PRATITE NAS I NA FEJSBUKU:<\/mark><\/h4>\n<p><iframe loading=\"lazy\" src=\"https:\/\/www.facebook.com\/plugins\/post.php?href=https%3A%2F%2Fwww.facebook.com%2Fserbiantimes%2Fposts%2Fpfbid025agAqPyywVaEXhTUwYz1dG2DVNfczAMtxuat8wfEnF9imtYP4i5t4Byr8CB9sS5sl&amp;show_text=true&amp;width=500\" width=\"500\" height=\"250\" style=\"border:none;overflow:hidden\" scrolling=\"no\" frameborder=\"0\" allowfullscreen=\"true\" allow=\"autoplay; clipboard-write; encrypted-media; picture-in-picture; web-share\"><\/iframe><\/p>\n<p>Nemanja ponosno isti\u010de da u kolekciji ima \u0161est \u201cfi\u0107a\u201d. Pre nekoliko godina, \u201c\u017eu\u0107u\u201d je, polovnog, kupio od prvog vlasnika u Prokuplju. Automobil je bio gara\u017eiran, pre\u0161ao je svega 18.000 kilometara. Kada je ulaganje u restauraciju dostiglo 5.000 evra Nemanja je, ka\u017ee kroz smeh, prestao da ra\u010duna tro\u0161kove.<\/p>\n<p>\u2013 Ljubav prema \u201cfi\u0107i\u201d nema cenu \u2013 ka\u017ee Lajkov\u010danin. \u2013 Delove sam nabavljao odasvud, uglavnom po lajkova\u010dkih \u0161upama i gara\u017eama, delom i preko oglasa, sa raznih strana. Trud se, svakako, isplatio. Uverili smo se u pouzdanost \u201cfi\u0107a\u201d i dogodine \u0107emo da se zaputimo za Moskvu.<\/p>\n<h3 class=\"wp-block-heading\">Ne izlazi iz mode<\/h3>\n<p>IAKO je njegova proizvodnja u Kragujevcu prestala 1985. godine, \u201czastava 750\u201d, nekada nacionalni automobil biv\u0161e Jugoslavije, ni danas ne izlazi iz mode i ponosan sam \u0161to tome doprinosim \u2013 ka\u017ee Nemanja. \u2013 Zahvaljuju\u0107i brojnim ljubiteljima, poput Miroslava i mene, \u201cfi\u0107a\u201d i dalje \u017eivi, osvaja drumove ne samo u dr\u017eavama nekada\u0161nje Jugoslavije, ve\u0107 i \u0161irom Evrope.<\/p>\n<p>U avanturi je svojim crvenim \u201cfi\u0107om\u201d u\u010destvovao i Nemanjin kolega, voza\u010d kamiona Miroslav Jevti\u0107 iz \u0106elija kod Lajkovca. Nije se, ka\u017ee, nijednog trenutka premi\u0161ljao kada je \u010duo zamisao da se \u201czastavama 750\u201d krene put Turske\u2026<\/p>\n<p>\u2013 Svi koji su nekada vozili \u201cfi\u0107u\u201d, i danas govore da je to jedinstven automobil i da je veoma pouzdan kada se dobro servisira i pripremi za put \u2013 ka\u017ee Miroslav, koji ima dve \u201czastave 750\u201d. \u2013 Na\u0161e \u201cfi\u0107e\u201d nijednom se nisu \u201cnaka\u0161ljale\u201d. \u010cak i tro\u0161e kao, \u0161to ka\u017eu, upalja\u010di. Na 100 kilometara, Nemanjin potro\u0161i oko pet i po, moj \u201cfi\u0107a\u201d oko \u0161est i po litara benzina.<\/p>\n<h4 class=\"wp-block-heading\"><mark style=\"color: #cf2e2e; background-color: rgba(0,0,0,0)\" class=\"has-inline-color has-vivid-red-color\">PRO\u010cITAJTE VI\u0160E:<\/mark><\/h4>\n<p><strong><a href=\"https:\/\/serbiantimes.info\/u-beogradu-otvoreno-groblje-za-kucne-ljubimce-evo-sta-sve-njihovi-vlasnici-treba-da-znaju\/\" target=\"_blank\" rel=\"noopener\" title=\"\">U BEOGRADU OTVORENO GROBLJE ZA KU\u0106NE LJUBIMCE: Evo \u0161ta sve njihovi vlasnici treba da znaju!<\/a><\/strong><\/p>\n<p><strong><a href=\"https:\/\/serbiantimes.info\/mali-humanitarac-velikog-srca-nikola-6-nije-krenuo-ni-u-skolu-a-vec-prodaje-igracke-za-bolesne-vrsnjake-video\/\" target=\"_blank\" rel=\"noopener\" title=\"\">MALI HUMANITARAC VELIKOG SRCA: Nikola (6) nije krenuo ni u \u0161kolu, a ve\u0107 prodaje igra\u010dke za bolesne vr\u0161njake! (VIDEO)<\/a><\/strong><\/p>\n<p><strong><a href=\"https:\/\/serbiantimes.info\/humani-podvig-mikice-petronijevica-srpski-glumac-na-svetog-iliju-krenuo-na-hodocasce-dugo-600-kilometara\/\" target=\"_blank\" rel=\"noopener\" title=\"\">HUMANI PODVIG MIKICE PETRONIJEVI\u0106A: Srpski glumac na Svetog Iliju krenuo na hodo\u010da\u0161\u0107e dugo 600 kilometara!<\/a><\/strong><\/p>\n<p>Izvor: <a href=\"https:\/\/www.novosti.rs\/reportaze\/vesti\/1396227\/ficama-stigli-turske-jedinstvena-avantura-lajkovcana-nemanje-nestorovica-26-miroslava-jevtica-41\" target=\"_blank\" rel=\"noopener\" title=\"\">Novosti<\/a><br \/>Foto: Privatna arhiva<\/p>\n<\/p><\/div>\n<p><a href=\"https:\/\/serbiantimes.info\/neverovatan-podvig-lajkovcana-ficom-stigli-do-turske-bez-ikakvih-problema-presli-skoro-2-000-kilometara\/\" target=\"_blank\" rel=\"noopener\">Source link <\/a><br \/>\n\n NEVEROVATAN PODVIG LAJKOV\u010cANA: Fi\u0107om stigli do Turske bez ikakvih problema, pre\u0161li skoro 2.000 kilometara!<\/p>\n","protected":false},"excerpt":{"rendered":"<p>NEOBI\u010cAN \u201cpodvig\u201d izveli su Lajkov\u010dani Nemanja Nestorovi\u0107 (26) i Miroslav Jevti\u0107 (41) \u2013 svojim, bezmalo pola veka starim \u201czastavama 750\u201d,&hellip;<\/p>\n","protected":false},"author":1,"featured_media":3387,"comment_status":"open","ping_status":"open","sticky":false,"template":"","format":"standard","meta":{"footnotes":""},"categories":[1],"tags":[],"class_list":["post-3386","post","type-post","status-publish","format-standard","has-post-thumbnail","hentry","category-oglasi-lajkovac"],"_links":{"self":[{"href":"https:\/\/oglasi.infooglasi.rs\/oglasi\/oglasilajkovac\/wp-json\/wp\/v2\/posts\/3386","targetHints":{"allow":["GET"]}}],"collection":[{"href":"https:\/\/oglasi.infooglasi.rs\/oglasi\/oglasilajkovac\/wp-json\/wp\/v2\/posts"}],"about":[{"href":"https:\/\/oglasi.infooglasi.rs\/oglasi\/oglasilajkovac\/wp-json\/wp\/v2\/types\/post"}],"author":[{"embeddable":true,"href":"https:\/\/oglasi.infooglasi.rs\/oglasi\/oglasilajkovac\/wp-json\/wp\/v2\/users\/1"}],"replies":[{"embeddable":true,"href":"https:\/\/oglasi.infooglasi.rs\/oglasi\/oglasilajkovac\/wp-json\/wp\/v2\/comments?post=3386"}],"version-history":[{"count":0,"href":"https:\/\/oglasi.infooglasi.rs\/oglasi\/oglasilajkovac\/wp-json\/wp\/v2\/posts\/3386\/revisions"}],"wp:featuredmedia":[{"embeddable":true,"href":"https:\/\/oglasi.infooglasi.rs\/oglasi\/oglasilajkovac\/wp-json\/wp\/v2\/media\/3387"}],"wp:attachment":[{"href":"https:\/\/oglasi.infooglasi.rs\/oglasi\/oglasilajkovac\/wp-json\/wp\/v2\/media?parent=3386"}],"wp:term":[{"taxonomy":"category","embeddable":true,"href":"https:\/\/oglasi.infooglasi.rs\/oglasi\/oglasilajkovac\/wp-json\/wp\/v2\/categories?post=3386"},{"taxonomy":"post_tag","embeddable":true,"href":"https:\/\/oglasi.infooglasi.rs\/oglasi\/oglasilajkovac\/wp-json\/wp\/v2\/tags?post=3386"}],"curies":[{"name":"wp","href":"https:\/\/api.w.org\/{rel}","templated":true}]}}