{"id":3432,"date":"2023-12-26T19:57:14","date_gmt":"2023-12-26T18:57:14","guid":{"rendered":"https:\/\/oglasi.infooglasi.rs\/oglasi\/oglasiljig\/kosidba-na-rajcu-od-15-do-17-jula-oglasi-ljig\/"},"modified":"2023-12-26T19:57:14","modified_gmt":"2023-12-26T18:57:14","slug":"kosidba-na-rajcu-od-15-do-17-jula-oglasi-ljig","status":"publish","type":"post","link":"https:\/\/oglasi.infooglasi.rs\/oglasi\/oglasiljig\/kosidba-na-rajcu-od-15-do-17-jula-oglasi-ljig\/","title":{"rendered":"Kosidba na Rajcu od 15. do 17. jula &#8211; OGLASI LJIG"},"content":{"rendered":"<p><\/p>\n<p>Ljig \u2013 Nekada\u0161nji narodni obi\u010daj uzajamnog pomaganja na selu prilikom velikih radova leti, koji je u Srbiji potpuno i\u0161\u010dezao,<\/p>\n<div>\n<p>o\u017eivi jedino u julu na planini Rajac, prve nedelje po Petrovdanu. Tada, ve\u0107 pet decenija, u se\u0107anje na mobu, organizuje se Kosidba na Rajcu. Najbolji kosa\u010di iz cele regije nadme\u0107u se za presti\u017enu nagradu \u2013 Zlatnu kosu.<\/p>\n<p>Prvo takmi\u010denje kosa\u010da na Rajcu, ali i veliki narodni va\u0161ar, zbili su se 1892. godine. Tek kasnije, sredinom \u0161ezdesetih godina pro\u0161log veka, javila se ideja da Kosidba na Rajcu postane turisti\u010dka manifestacija.<\/p>\n<p>\u201eU sto\u010darskim krajevima jedan od najva\u017enijih poslova bila je kosidba. U stara vremena letina se sakupljala uz pomo\u0107 moba, kada bi se kosci okupljali jedni kod drugih. Na mobu, ina\u010de, obi\u010dno je dolazila mla\u0111arija, koja se za vreme rada zbli\u017eavala, a posle bogate ve\u010dere, sve se pretvaralo u seosko veselje. Mobe su i \u017eenska prela i posela, na kojima se prelo, plelo i vezlo, uz pesmu, pri\u010du i pouke mla\u0111ima, da svako poka\u017ee ono \u0161to najbolje zna i ume. Mobe su, tako, bile izraz \u017eivota jedne seoske zajednice\u201c, govori Vladimir Ivanovi\u0107, direktor Turisti\u010dke organizacije op\u0161tine Ljig.<\/p>\n<p>Rajac je jedna od najlep\u0161ih u nizu valjevskih planina. Njegove prostrane livade obiluju planinskom travom, koju odavno vi\u0161e niko ru\u010dno ne kosi. Kosidba na Rajcu nije samo takmi\u010denje kosa\u010da, ve\u0107 i jedinstven prikaz srpskih obi\u010daja i tradicije. Od okupljanja kosa\u010da, zdravi\u010dara, truba\u010da, vodono\u0161a, kosa\u010dkog ru\u010dka na travi, pa do predstavljanja rukotvorina i specijaliteta raja\u010dkih doma\u0107ica.<\/p>\n<p>\u201eOvakvi skupovi nisu predstavljali samo zavr\u0161etak ko\u0161enja trave, ve\u0107 i priliku da se sretnu ugledni doma\u0107ini, ugovore poslovi. Mladi momci i devojke imali su priliku da budu vi\u0111eni, a\u0161ikuju, pa i svadbu ugovore. Najmla\u0111ima, to je bio izlet za pam\u0107enje\u201c, podse\u0107a Ivanovi\u0107.<\/p>\n<p>Smotra ima i me\u0111unarodni karakter. Na kosidbi su do sada u\u010destvovali kosci iz Velike Britanije, Islanda, Rumunije, Rusije, Holandije, Ma\u0111arske, Norve\u0161ke\u2026 Svake godine u\u010destvuju najbolji kosci iz Slovenije, BiH, Crne Gore. Zlatnu kosu do sada je najvi\u0161e, \u010dak \u0161est puta, osvajao Milorad Sladojevi\u0107 iz Mrkonji\u0107 Grada.<\/p>\n<p>\u201eSem najboljeg kosca \u2013 kome se meri brzina, \u0161irina, kvalitet, ujedna\u010denost otkosa, bira se i \u0111idija ili kozba\u0161a. To je kosac koji se najlep\u0161e odeva, peva, igra, ima najlep\u0161i stas. Posle kosidbe, na livadi, bi\u0107e prire\u0111en starinski kosa\u010dki ru\u010dak sa specijalitetima i \u0111akonijama iz lji\u0161kog kraja, od kojih su mnogi danas zaboravljeni\u201c, ka\u017ee Vladimir Ivanovi\u0107 koji ima dugogodi\u0161nje iskustvo u organizaciji najzna\u010dajnije lji\u0161ke manifestacije.<\/p>\n<p>Kosidba na Rajcu je 2007.godine od strane tada\u0161njeg Ministarstva turizma i Turisti\u010dke organizacije Srbije progla\u0161ena za najbolju manifestaciju u toj godini u na\u0161oj zemlji. U dane Kosidbe lji\u0161ku planinu poseti nekoliko desetina hiljada turista ne samo iz Srbije, ve\u0107 i iz inostranstva.<\/p>\n<p><img decoding=\"async\" src=\"http:\/\/www.glaszapadnesrbije.rs\/files\/images\/kosidba_na_rajcu_to_ljig.jpg\" alt=\"\"\/><\/p>\n<p>Kosidba na Rajcu; Foto: TO Ljig<\/p>\n<p><strong>PROGRAM KOSIDBE<\/strong><\/p>\n<p>Ovogodi\u0161nja trodnevna manifestacija po\u010dinje u petak, 15.jula. Prvog dana \u0107e, uz uobi\u010dajne va\u0161arske sadr\u017eaje koji \u0107e posetiocima biti na raspolaganju od ranih popodnevnih sati, na letnjoj bini od 21,00 \u010dasova grupa \u201eStari grad\u201c imati svoj koncert.<\/p>\n<p>U subotu u podne je otvaranje Izlo\u017ebe poljoprivredne mehanizacije, pre svega one koja se koristi u brdsko-planinskim predelima, dok su za ve\u010dernje sate predvi\u0111eni koncertni nastupi grupa \u201ePop-hor\u201c i \u201eKalem\u201c i Festival folklornih ansabala.<\/p>\n<p>Centralni doga\u0111aj je u nedelju 17.jula, a po\u010de\u0107e okupljanjem kosa\u010da u 9.00 \u010dasova. Ta\u010dno u 10 \u010du\u0107emo kosa\u010dku zdravicu posle koje \u0107e nastupati peva\u010di, igra\u010di, truba\u010di i drugi u\u010desnici, sve do zvani\u010dnog otvaranja 53. Kosidbe na Rajcu u 11.00 \u010dasova. Po\u0161to \u0111idija kosu otkuje onoliko puta koliko je do tada manifestacija odr\u017eano, kre\u0107e defile kosa\u010da do livade za ko\u0161enje, a pre takmi\u010denja tradicionalno se prire\u0111uje revijalno ko\u0161enje trave. Do po\u010detka takmi\u010denja posetioci \u0107e mo\u0107i da vide demonstraciju rada poljoprivredne mehanizacije.<\/p>\n<p>Takmi\u010darski deo po\u010dinje u 12.30 \u010dasova na platou gde se jo\u0161 od 1970.godine i prve Manifestacije najbolji srpski i evropski majstori ko\u0161enja nadme\u0107u za \u201eZlatnu kosu\u201c.<br \/>Sledi Me\u0111unarodno ekipno takmi\u010denje posle kojeg \u0107e svi kosa\u010di ru\u010dati na otkosima.<\/p>\n<p>Organizator je satnicom predvideo da u 15.30 \u010dasova zvani\u010dno proglasi pobednika ovogodi\u0161nje Kosidbe i najuspe\u0161nijim kosa\u010dima dodeli priznanja, posle \u010dega \u0107e nastupiti Truba\u010dki orkestar \u201eEtno-art\u201c iz Ko\u0161tuni\u0107a.<\/p>\n<p>Trodnevni program zavr\u0161ava se u nedelju uve\u010de koncertom Lene Kova\u010devi\u0107 zakazanim za 20.00 \u010dasova.<\/p>\n<p>\u00a0<\/p>\n<p>GZS<\/p>\n<\/div>\n<p><a href=\"https:\/\/amppress.rs\/index.php\/2022\/07\/11\/kosidba-na-rajcu-od-15-do-17-jula\/\" target=\"_blank\" rel=\"noopener\">Source link <\/a><br \/>\n\n Kosidba na Rajcu od 15. do 17. jula<\/p>\n","protected":false},"excerpt":{"rendered":"<p>Ljig \u2013 Nekada\u0161nji narodni obi\u010daj uzajamnog pomaganja na selu prilikom velikih radova leti, koji je u Srbiji potpuno i\u0161\u010dezao, o\u017eivi&hellip;<\/p>\n","protected":false},"author":1,"featured_media":3433,"comment_status":"open","ping_status":"open","sticky":false,"template":"","format":"standard","meta":{"footnotes":""},"categories":[1],"tags":[],"class_list":["post-3432","post","type-post","status-publish","format-standard","has-post-thumbnail","hentry","category-oglasi-ljig"],"_links":{"self":[{"href":"https:\/\/oglasi.infooglasi.rs\/oglasi\/oglasiljig\/wp-json\/wp\/v2\/posts\/3432","targetHints":{"allow":["GET"]}}],"collection":[{"href":"https:\/\/oglasi.infooglasi.rs\/oglasi\/oglasiljig\/wp-json\/wp\/v2\/posts"}],"about":[{"href":"https:\/\/oglasi.infooglasi.rs\/oglasi\/oglasiljig\/wp-json\/wp\/v2\/types\/post"}],"author":[{"embeddable":true,"href":"https:\/\/oglasi.infooglasi.rs\/oglasi\/oglasiljig\/wp-json\/wp\/v2\/users\/1"}],"replies":[{"embeddable":true,"href":"https:\/\/oglasi.infooglasi.rs\/oglasi\/oglasiljig\/wp-json\/wp\/v2\/comments?post=3432"}],"version-history":[{"count":0,"href":"https:\/\/oglasi.infooglasi.rs\/oglasi\/oglasiljig\/wp-json\/wp\/v2\/posts\/3432\/revisions"}],"wp:featuredmedia":[{"embeddable":true,"href":"https:\/\/oglasi.infooglasi.rs\/oglasi\/oglasiljig\/wp-json\/wp\/v2\/media\/3433"}],"wp:attachment":[{"href":"https:\/\/oglasi.infooglasi.rs\/oglasi\/oglasiljig\/wp-json\/wp\/v2\/media?parent=3432"}],"wp:term":[{"taxonomy":"category","embeddable":true,"href":"https:\/\/oglasi.infooglasi.rs\/oglasi\/oglasiljig\/wp-json\/wp\/v2\/categories?post=3432"},{"taxonomy":"post_tag","embeddable":true,"href":"https:\/\/oglasi.infooglasi.rs\/oglasi\/oglasiljig\/wp-json\/wp\/v2\/tags?post=3432"}],"curies":[{"name":"wp","href":"https:\/\/api.w.org\/{rel}","templated":true}]}}