{"id":3422,"date":"2023-10-23T21:03:31","date_gmt":"2023-10-23T19:03:31","guid":{"rendered":"https:\/\/oglasi.infooglasi.rs\/oglasi\/oglasiljubovija\/odrzane-10-pesnicke-vatre-zlatiborske-oglasi-ljubovija\/"},"modified":"2023-10-23T21:03:31","modified_gmt":"2023-10-23T19:03:31","slug":"odrzane-10-pesnicke-vatre-zlatiborske-oglasi-ljubovija","status":"publish","type":"post","link":"https:\/\/oglasi.infooglasi.rs\/oglasi\/oglasiljubovija\/odrzane-10-pesnicke-vatre-zlatiborske-oglasi-ljubovija\/","title":{"rendered":"Odr\u017eane 10. Pesni\u010dke vatre Zlatiborske &#8211; OGLASI LJUBOVIJA"},"content":{"rendered":"<p><\/p>\n<div>\n<p>Tradicionalnim paljenjem vatre na \u0160umatnom brdu i kazivanjem pesama u Kulturnom centru Zlatibor obele\u017eena je tradicionalna manifestacije \u201ePesni\u010dke vatre Zlatiborske\u201d, susreti pesnika na Zlatiboru koji su ove godine posve\u0107eni 130-oj godi\u0161njici ro\u0111enja Milo\u0161a Crnjanskog, a ovogodi\u0161nji dobitnik Povelje \u201ePesni\u010dkih vatri zlatiborskih\u201d je pesnik Selimir Radulovi\u0107, upravnik Biblioteke Matice srpske u Novom Sadu.<\/p>\n<figure id=\"attachment_3378\" aria-describedby=\"caption-attachment-3378\" style=\"width: 300px\" class=\"wp-caption alignnone\"><img loading=\"lazy\" decoding=\"async\" class=\"size-medium wp-image-3378\" src=\"https:\/\/amppress.rs\/wp-content\/uploads\/2023\/10\/selimir-radulovic-dobitnik-300x169.jpg\" alt=\"FOTO GZS\" width=\"300\" height=\"169\" srcset=\"https:\/\/amppress.rs\/wp-content\/uploads\/2023\/10\/selimir-radulovic-dobitnik-300x169.jpg 300w, https:\/\/amppress.rs\/wp-content\/uploads\/2023\/10\/selimir-radulovic-dobitnik-768x432.jpg 768w, https:\/\/amppress.rs\/wp-content\/uploads\/2023\/10\/selimir-radulovic-dobitnik.jpg 800w\" sizes=\"auto, (max-width: 300px) 100vw, 300px\"\/><figcaption id=\"caption-attachment-3378\" class=\"wp-caption-text\">FOTO GZS<\/figcaption><\/figure>\n<p>Prisustvuju\u0107i paljenju ove specifi\u010dne \u201epesni\u010dke\u201d vatre, predsednik Skup\u0161tine op\u0161tine \u010cajetina Arsen \u0110uri\u0107 je ukazao da se na ovogodi\u0161njim \u201ePesni\u010dkim vatrama zlatiborskim\u201d obele\u017eavaju tri zna\u010dajna jubileja \u2013 10. godina ove manifestacije lepe re\u010di, 130 godina od ro\u0111enja Milo\u0161a Crnjanskog, srpskog knji\u017eevnika, novinara, prevodioca i diplomate i isto toliko od po\u010detka organizovanog bavljenja turizmom na Zlatiboru.<\/p>\n<p>Milan Stamatovi\u0107, predsednik op\u0161tine \u010cajetina, je obra\u0107aju\u0107i se pesnicima i ostalim gostima naglasio da \u201ekao lokalna samouprava puno ula\u017eemo u kulturu i pritom se trudimo da sve ono \u0161to je tradicionalno uklopimo sa onim modernim, da se podsetimo dela na\u0161ih poznatih i priznatih nau\u010dnika i pesnika koji su dali ogroman doprinos da se ne zaboravi na\u0161a kultura, vera, istorija i tradicija. Osim investicija u oblasti razvoja turizma i brojne manifestacije iz oblasti kulture su veoma doprinele pozitivnoj slici o Zlatiboru i kompletnoj op\u0161tini \u010cajetina\u201d, istakao je Stamatovi\u0107 pred publikom u Kulturnom centru Zlatibor.<\/p>\n<p>O pesmama Selimira Radulovi\u0107a je govorio Dragan Stani\u0107, predsednik Matice Srpske, a poeziju ovogodi\u0161njeg dobitnika Povelje su kazivali prvak drame U\u017ei\u010dkog narodnog pozori\u0161ta Slobodan Ljubi\u010di\u0107 i u\u010denica Ugostiteljsko turisti\u010dke \u0161kole iz \u010cajetine Jelena Kova\u010devi\u0107. Posebnu dra\u017e ovim pesni\u010dkim susretima svojim nastupom je dao de\u010diji hor \u201eMla\u0111ani gra\u0111ani\u201d sa Zlatibora.<\/p>\n<p>Zahvaljuju\u0107i se na nagradi, Radulovi\u0107 je podsetio prisutne \u201eda je Crnjanski bio pesnik novog svetskog bola, ali i da nije raskidao veze sa tradicijom\u201d, a svoje izlaganje je zavr\u0161io re\u010dima Ave Justina \u201eda iako \u017eivi u trzajima muke i bola, srpski narod \u017eivi, \u017eive\u0107e i nad\u017eive\u0107e sve to\u201d.<\/p>\n<p>Stihove Milo\u0161a Crnjanskog govorio je dramski i filmski umetnik Lazar Ristovski, a svojim pesmama publiku su pozdravili u\u010desnici Me\u0111unarodnog susreta pisaca Jelena Bujevi\u010d iz Ukrajine, \u010cedomir Vuki\u0107evi\u0107 iz Crne Gore i zavi\u010dajne pesnikinje zlatiborskog kraja Mirjana Rankovi\u0107 Lukovi\u0107 i Marija Vulovi\u0107.<\/p>\n<p>AMPPRESS\/Glas zapadne Srbije<\/p>\n<h3 class=\"awpa-title\">Autor<\/h3>\n<div class=\"wp-post-author-wrap wp-post-author-shortcode  left\">\n<div class=\"awpa-tab-content active\" id=\"1_awpa-tab1\">\n<div class=\"wp-post-author\">\n<div class=\"awpa-img awpa-author-block square\">\n                <a href=\"https:\/\/amppress.rs\/index.php\/author\/eduka\/\" target=\"_blank\" rel=\"noopener\"><img alt=\"\" src=\"https:\/\/secure.gravatar.com\/avatar\/3dc3333f0b21809b9f86b72b0c93c955?s=150&amp;d=mm&amp;r=g\" srcset=\"https:\/\/secure.gravatar.com\/avatar\/3dc3333f0b21809b9f86b72b0c93c955?s=300&amp;d=mm&amp;r=g 2x\" class=\"avatar avatar-150 photo\" height=\"150\" width=\"150\" loading=\"lazy\" decoding=\"async\"\/><\/a><\/p><\/div>\n<\/p><\/div>\n<\/p><\/div>\n<\/p><\/div>\n<nav class=\"navigation post-navigation\" aria-label=\"Continue Reading\">\n<h2 class=\"screen-reader-text\">Continue Reading<\/h2>\n<\/nav><\/div>\n<p><a href=\"https:\/\/amppress.rs\/index.php\/2023\/10\/23\/odrzane-10-pesnicke-vatre-zlatiborske\/\" target=\"_blank\" rel=\"noopener\">Source link <\/a><br \/>\n\n Odr\u017eane 10. Pesni\u010dke vatre Zlatiborske<\/p>\n","protected":false},"excerpt":{"rendered":"<p>Tradicionalnim paljenjem vatre na \u0160umatnom brdu i kazivanjem pesama u Kulturnom centru Zlatibor obele\u017eena je tradicionalna manifestacije \u201ePesni\u010dke vatre Zlatiborske\u201d,&hellip;<\/p>\n","protected":false},"author":1,"featured_media":3423,"comment_status":"open","ping_status":"open","sticky":false,"template":"","format":"standard","meta":{"footnotes":""},"categories":[1],"tags":[],"class_list":["post-3422","post","type-post","status-publish","format-standard","has-post-thumbnail","hentry","category-oglasi-ljubovija"],"_links":{"self":[{"href":"https:\/\/oglasi.infooglasi.rs\/oglasi\/oglasiljubovija\/wp-json\/wp\/v2\/posts\/3422","targetHints":{"allow":["GET"]}}],"collection":[{"href":"https:\/\/oglasi.infooglasi.rs\/oglasi\/oglasiljubovija\/wp-json\/wp\/v2\/posts"}],"about":[{"href":"https:\/\/oglasi.infooglasi.rs\/oglasi\/oglasiljubovija\/wp-json\/wp\/v2\/types\/post"}],"author":[{"embeddable":true,"href":"https:\/\/oglasi.infooglasi.rs\/oglasi\/oglasiljubovija\/wp-json\/wp\/v2\/users\/1"}],"replies":[{"embeddable":true,"href":"https:\/\/oglasi.infooglasi.rs\/oglasi\/oglasiljubovija\/wp-json\/wp\/v2\/comments?post=3422"}],"version-history":[{"count":0,"href":"https:\/\/oglasi.infooglasi.rs\/oglasi\/oglasiljubovija\/wp-json\/wp\/v2\/posts\/3422\/revisions"}],"wp:featuredmedia":[{"embeddable":true,"href":"https:\/\/oglasi.infooglasi.rs\/oglasi\/oglasiljubovija\/wp-json\/wp\/v2\/media\/3423"}],"wp:attachment":[{"href":"https:\/\/oglasi.infooglasi.rs\/oglasi\/oglasiljubovija\/wp-json\/wp\/v2\/media?parent=3422"}],"wp:term":[{"taxonomy":"category","embeddable":true,"href":"https:\/\/oglasi.infooglasi.rs\/oglasi\/oglasiljubovija\/wp-json\/wp\/v2\/categories?post=3422"},{"taxonomy":"post_tag","embeddable":true,"href":"https:\/\/oglasi.infooglasi.rs\/oglasi\/oglasiljubovija\/wp-json\/wp\/v2\/tags?post=3422"}],"curies":[{"name":"wp","href":"https:\/\/api.w.org\/{rel}","templated":true}]}}