{"id":3426,"date":"2023-10-23T21:03:45","date_gmt":"2023-10-23T19:03:45","guid":{"rendered":"https:\/\/oglasi.infooglasi.rs\/oglasi\/oglasiljubovija\/mladi-zrenjaninski-socijalisti-na-regati-u-ljuboviji-oglasi-ljubovija\/"},"modified":"2023-10-23T21:03:45","modified_gmt":"2023-10-23T19:03:45","slug":"mladi-zrenjaninski-socijalisti-na-regati-u-ljuboviji-oglasi-ljubovija","status":"publish","type":"post","link":"https:\/\/oglasi.infooglasi.rs\/oglasi\/oglasiljubovija\/mladi-zrenjaninski-socijalisti-na-regati-u-ljuboviji-oglasi-ljubovija\/","title":{"rendered":"MLADI ZRENJANINSKI SOCIJALISTI NA REGATI U LJUBOVIJI &#8211; OGLASI LJUBOVIJA"},"content":{"rendered":"<p><\/p>\n<div>\n<p><strong>LJUBOVIJA<\/strong> \u2013 Zrenjaninski mladi socijalisti posetili su pro\u0161log vikenda Ljuboviju, gde se odr\u017eavala \u0161esnaesta po redu \u201eDrinska regata Ljubovija 2017\u201c, \u0161to je ujedno i najmasovnija manifestacija koja predstavlja turisti\u010dki brend ove op\u0161tine.<\/p>\n<p>\u00a0<\/p>\n<p><img decoding=\"async\" loading=\"lazy\" class=\"alignnone wp-image-41205 size-full\" src=\"http:\/\/www.zrenjaninski.com\/wp-content\/uploads\/2017\/07\/regata-sps-2.jpg\" alt=\"regata socijalisti\" width=\"900\" height=\"506\" srcset=\"https:\/\/www.zrenjaninski.com\/wp-content\/uploads\/2017\/07\/regata-sps-2.jpg 900w, https:\/\/www.zrenjaninski.com\/wp-content\/uploads\/2017\/07\/regata-sps-2-800x450.jpg 800w\" sizes=\"auto, (max-width: 900px) 100vw, 900px\"\/><\/p>\n<p>\u00a0<\/p>\n<p><strong>Vi\u0161e od 2.000 plovila i preko 20.000 ljudi uputilo se od Roga\u010dice do Ljubovije u prijatnoj atmosferi uz zvuk trube.<\/strong> Ovu manifestaciju pratio je i bogat kulturno \u2013 zabavni program, a na\u0161i sugra\u0111ani vratili su se puni pozitivnih utisaka.<\/p>\n<p>\u00a0<\/p>\n<p><img decoding=\"async\" loading=\"lazy\" class=\"alignnone wp-image-41206 size-full\" src=\"http:\/\/www.zrenjaninski.com\/wp-content\/uploads\/2017\/07\/regata-sps-1.jpg\" alt=\"regata socijalisti\" width=\"900\" height=\"506\" srcset=\"https:\/\/www.zrenjaninski.com\/wp-content\/uploads\/2017\/07\/regata-sps-1.jpg 900w, https:\/\/www.zrenjaninski.com\/wp-content\/uploads\/2017\/07\/regata-sps-1-800x450.jpg 800w\" sizes=\"auto, (max-width: 900px) 100vw, 900px\"\/><\/p>\n<p>\u00a0<\/p>\n<p>\u2013 Saradnja izme\u0111u mladih socijalista i ljudi iz Ljubovije po\u010dela je pre tri godine, kada su na\u0161i sugra\u0111ani odlazili tamo da svojim radom pomognu tamo\u0161njim me\u0161tanima koje su zadesile poplave. Zato u znak zahvalnosti oni svake godine rado do\u010dekuju na\u0161e omladince, a mi njima uzvra\u0107amo gostoprimstvom u Zrenjaninu, na manifestaciji \u201eDani piva\u201c \u2013 <strong>izjavio je Goran Fijat, potpredsednik Gradskog odbora Socijalisti\u010dke partije Srbije u Zrenjaninu i koordinator omladinske mre\u017ee SPS-a.<\/strong><\/p>\n<\/p><\/div>\n<p><a href=\"https:\/\/www.zrenjaninski.com\/politika\/mladi-zrenjaninski-socijalisti-na-regati-u-ljuboviji\/\" target=\"_blank\" rel=\"noopener\">Source link <\/a><br \/>\n\n MLADI ZRENJANINSKI SOCIJALISTI NA REGATI U LJUBOVIJI<\/p>\n","protected":false},"excerpt":{"rendered":"<p>LJUBOVIJA \u2013 Zrenjaninski mladi socijalisti posetili su pro\u0161log vikenda Ljuboviju, gde se odr\u017eavala \u0161esnaesta po redu \u201eDrinska regata Ljubovija 2017\u201c,&hellip;<\/p>\n","protected":false},"author":1,"featured_media":3427,"comment_status":"open","ping_status":"open","sticky":false,"template":"","format":"standard","meta":{"footnotes":""},"categories":[1],"tags":[],"class_list":["post-3426","post","type-post","status-publish","format-standard","has-post-thumbnail","hentry","category-oglasi-ljubovija"],"_links":{"self":[{"href":"https:\/\/oglasi.infooglasi.rs\/oglasi\/oglasiljubovija\/wp-json\/wp\/v2\/posts\/3426","targetHints":{"allow":["GET"]}}],"collection":[{"href":"https:\/\/oglasi.infooglasi.rs\/oglasi\/oglasiljubovija\/wp-json\/wp\/v2\/posts"}],"about":[{"href":"https:\/\/oglasi.infooglasi.rs\/oglasi\/oglasiljubovija\/wp-json\/wp\/v2\/types\/post"}],"author":[{"embeddable":true,"href":"https:\/\/oglasi.infooglasi.rs\/oglasi\/oglasiljubovija\/wp-json\/wp\/v2\/users\/1"}],"replies":[{"embeddable":true,"href":"https:\/\/oglasi.infooglasi.rs\/oglasi\/oglasiljubovija\/wp-json\/wp\/v2\/comments?post=3426"}],"version-history":[{"count":0,"href":"https:\/\/oglasi.infooglasi.rs\/oglasi\/oglasiljubovija\/wp-json\/wp\/v2\/posts\/3426\/revisions"}],"wp:featuredmedia":[{"embeddable":true,"href":"https:\/\/oglasi.infooglasi.rs\/oglasi\/oglasiljubovija\/wp-json\/wp\/v2\/media\/3427"}],"wp:attachment":[{"href":"https:\/\/oglasi.infooglasi.rs\/oglasi\/oglasiljubovija\/wp-json\/wp\/v2\/media?parent=3426"}],"wp:term":[{"taxonomy":"category","embeddable":true,"href":"https:\/\/oglasi.infooglasi.rs\/oglasi\/oglasiljubovija\/wp-json\/wp\/v2\/categories?post=3426"},{"taxonomy":"post_tag","embeddable":true,"href":"https:\/\/oglasi.infooglasi.rs\/oglasi\/oglasiljubovija\/wp-json\/wp\/v2\/tags?post=3426"}],"curies":[{"name":"wp","href":"https:\/\/api.w.org\/{rel}","templated":true}]}}