{"id":3468,"date":"2023-12-05T10:19:24","date_gmt":"2023-12-05T09:19:24","guid":{"rendered":"https:\/\/oglasi.infooglasi.rs\/oglasi\/oglasiljubovija\/ljubovija-jednako-ljubav-zvoncara-oglasi-ljubovija\/"},"modified":"2023-12-05T10:19:24","modified_gmt":"2023-12-05T09:19:24","slug":"ljubovija-jednako-ljubav-zvoncara-oglasi-ljubovija","status":"publish","type":"post","link":"https:\/\/oglasi.infooglasi.rs\/oglasi\/oglasiljubovija\/ljubovija-jednako-ljubav-zvoncara-oglasi-ljubovija\/","title":{"rendered":"Ljubovija jednako ljubav! \u2022 Zvoncara &#8211; OGLASI LJUBOVIJA"},"content":{"rendered":"<p><\/p>\n<div>\n<p><span style=\"font-family: 'Times New Roman', serif;\"><span style=\"font-size: medium;\">Idu dani, idu no\u0107i, \u017eivot brzo prolazi\u2026 <\/span><\/span><\/p>\n<p><span style=\"font-family: 'Times New Roman', serif;\"><span style=\"font-size: medium;\">Pevala je tako Beba Selimovi\u0107, a setih se ove pesme kad sam shvatila da smo ve\u0107 u sred avgusta, i da se pribli\u017eava septembar. S tim rujnim mesecom, ispunjenim najlep\u0161im bojama jeseni, dolaze nam i lepa mtb dru\u017eenja. Ve\u0107 prvi vikend smo u Dulenima, kragujeva\u010dkom selu podno Gledi\u0107kih planina, gde se ove godine po prvi put odr\u017eava mtb maraton, veliki i mali krug. Na\u0161im novim prijateljima \u017eelimo uspe\u0161an po\u010detak ovih lepih sportskih aktivnosti i da im se ispune sve \u017eelje i snovi, da o\u017eive svoje selo i stave ga na mapu turisti\u010dke ponude Srbije. Ima tu puno posla, ali zato ve\u0107 slede\u0107i, drugi vikend u septembru, idemo na Ljubovijsku biciklijadu, kod na\u0161eg doma\u0107ina Mikija. Ljubovijska biciklijada postaje srpski brend zahvaljuju\u0107i Mikiju, u stvari, reklo bi se da je Miki sam po sebi brend i da bi, poput nekih starleta koje su osigurale svoje noge, guzu, grudi, i dobro sve to unov\u010dile, Miki mogao da osigura i za\u0161titi svoje srce, i svoju du\u0161u. <\/span><\/span><\/p>\n<figure id=\"attachment_2014\" aria-describedby=\"caption-attachment-2014\" style=\"width: 1000px\" class=\"wp-caption aligncenter\"><img loading=\"lazy\" decoding=\"async\" class=\"wp-image-2014 size-large\" src=\"https:\/\/www.zvoncara.com\/wp-content\/uploads\/2017\/08\/IMG_3809-1024x768.jpg\" alt=\"Lepotica Drina, u Vrhpolju\" width=\"1000\" height=\"750\" srcset=\"https:\/\/www.zvoncara.com\/wp-content\/uploads\/2017\/08\/IMG_3809-1024x768.jpg 1024w, https:\/\/www.zvoncara.com\/wp-content\/uploads\/2017\/08\/IMG_3809-300x225.jpg 300w, https:\/\/www.zvoncara.com\/wp-content\/uploads\/2017\/08\/IMG_3809-768x576.jpg 768w, https:\/\/www.zvoncara.com\/wp-content\/uploads\/2017\/08\/IMG_3809-400x300.jpg 400w\" sizes=\"auto, (max-width: 1000px) 100vw, 1000px\"\/><figcaption id=\"caption-attachment-2014\" class=\"wp-caption-text\">Lepotica Drina, u Vrhpolju<\/figcaption><\/figure>\n<p><span style=\"font-family: 'Times New Roman', serif;\"><span style=\"font-size: medium;\">Da pro\u0111emo jo\u0161 malo septembrom. Dolazimo i do tre\u0107eg vikenda, datum je 16., i eto nas na Velebitu, na \u017deljkov poziv. \u017deljko Klepi\u0107 je licencirani planinarski vodi\u010d, ali i veliki zaljubljenik u biciklizam. Zato, s njim idemo na Tulove grede. Naredni vikend, 24. septembra 2017., jo\u0161 jedno dru\u017eenje na Gu\u010devu sa Lozni\u010danima. Ponovo \u0107emo vojevati MTBitku iznad oblaka i prisetiti se doga\u0111aja iz Prvog svetskog rata. Jedva \u010dekam. Tamo sam s porodicom. <\/span><\/span><\/p>\n<p><span style=\"font-family: 'Times New Roman', serif;\"><span style=\"font-size: medium;\">Dotle, imamo jo\u0161 posla. Avgust \u0107emo ispratiti u Ose\u010dini, Kroz \u0161ljivike i livade.<\/span><\/span><\/p>\n<p><span style=\"font-family: 'Times New Roman', serif;\"><span style=\"font-size: medium;\">A, sad da se vratimo u Ljuboviju. <\/span><\/span><span style=\"font-family: 'Times New Roman', serif;\"><span style=\"font-size: medium;\">I, rekla bih, Ljubovija jednako ljubav!<\/span><\/span><\/p>\n<figure id=\"attachment_2015\" aria-describedby=\"caption-attachment-2015\" style=\"width: 768px\" class=\"wp-caption aligncenter\"><img loading=\"lazy\" decoding=\"async\" class=\"wp-image-2015 size-large\" src=\"https:\/\/www.zvoncara.com\/wp-content\/uploads\/2017\/08\/IMG_3638-768x1024.jpg\" alt=\"Ljubovija\" width=\"768\" height=\"1024\" srcset=\"https:\/\/www.zvoncara.com\/wp-content\/uploads\/2017\/08\/IMG_3638-768x1024.jpg 768w, https:\/\/www.zvoncara.com\/wp-content\/uploads\/2017\/08\/IMG_3638-225x300.jpg 225w, https:\/\/www.zvoncara.com\/wp-content\/uploads\/2017\/08\/IMG_3638-630x840.jpg 630w, https:\/\/www.zvoncara.com\/wp-content\/uploads\/2017\/08\/IMG_3638-960x1280.jpg 960w\" sizes=\"auto, (max-width: 768px) 100vw, 768px\"\/><figcaption id=\"caption-attachment-2015\" class=\"wp-caption-text\">Ljubovija jednako ljubav<\/figcaption><\/figure>\n<p><span style=\"font-family: 'Times New Roman', serif;\"><span style=\"font-size: medium;\">Bila sam sigurna da sam koju re\u010d o Ljuboviji i po\u010decima njene Biciklijade ve\u0107 ovde pisala. Ispostavilo sam da sam ja to sve ve\u0107 nebrojeno puta ispri\u010dala, prepri\u010dala, \u0161irila dobru energiju kojom odi\u0161e, ali ne i napisala. Da ne bude samo usmeno predanje, evo i neki pisani trag. <\/span><\/span><\/p>\n<figure id=\"attachment_2011\" aria-describedby=\"caption-attachment-2011\" style=\"width: 1000px\" class=\"wp-caption aligncenter\"><img loading=\"lazy\" decoding=\"async\" class=\"wp-image-2011 size-large\" src=\"https:\/\/www.zvoncara.com\/wp-content\/uploads\/2017\/08\/IMG_3589-1024x768.jpg\" alt=\"Drina kod Ljubovije\" width=\"1000\" height=\"750\" srcset=\"https:\/\/www.zvoncara.com\/wp-content\/uploads\/2017\/08\/IMG_3589-1024x768.jpg 1024w, https:\/\/www.zvoncara.com\/wp-content\/uploads\/2017\/08\/IMG_3589-300x225.jpg 300w, https:\/\/www.zvoncara.com\/wp-content\/uploads\/2017\/08\/IMG_3589-768x576.jpg 768w, https:\/\/www.zvoncara.com\/wp-content\/uploads\/2017\/08\/IMG_3589-400x300.jpg 400w\" sizes=\"auto, (max-width: 1000px) 100vw, 1000px\"\/><figcaption id=\"caption-attachment-2011\" class=\"wp-caption-text\">Drina kod Ljubovije<\/figcaption><\/figure>\n<p><span style=\"font-family: 'Times New Roman', serif;\"><span style=\"font-size: medium;\">Zato \u0107u da se vratim u 2011. godinu, kada smo, na poziv na\u0161eg druga Braleta-Sa\u0161e, krenuli put Tare, preko Debelog Brda. Krajnja destinacija za prvi dan vo\u017enje bila je selo Rasti\u0161te iznad Peru\u0107ca. Do tamo nekih 195 km surovog vrelog pedalanja, i obezbe\u0111en sme\u0161taj u \u201ekumovoj brvnari staroj preko 135 godina\u201c. Prvi me put moj Plavi De\u010dko, moj KTM, odveo tako daleko. Ina\u010de, Debelo Brdo je prevoj na planini Povlen, koji povezuje Valjevo i Roga\u010dicu. Poznat je i po tome \u0161to je zimi prili\u010dno rizi\u010dan za vo\u017enju, jer je uglavnom pod smetovima snega. E, sad nije bio sneg, bio je septembar, u\u017easne vru\u0107ine, ali penjanje na Debelo Brdo je zna\u010dilo, otprilike, nekih 16-17 kilometara neprekidnog uspona. U ovom slu\u010daju, s bisagama, tj kompletnom opremom neophodnom za tri dana. Meni je to, u tom trenutku, izgledalo kao nemogu\u0107a misija, i nisam htela da u\u010destvujem u dogovorima oko te vo\u017enje. Ali, onda je krenula prozivka, i to javna. Svemu sam odolevala, do jednog trenutka, tj do jedne opaske mog prijatelja \u010cede. \u201cHajde, \u0161ta \u010deka\u0161, prijavljuj se za Taru\u201d, ja rekoh \u201cNe mogu ja to, to je previ\u0161e te\u0161ko za mene\u201d. A, \u010ceda \u0107e, kao iz topa:<b> <\/b>\u201cKako zna\u0161 da je te\u0161ko, ako nisi ni probala\u201d\u2026 Auuuu\u2026 \u0160ta mi re\u010de\u2026 Pa, \u010ceda je u pravu! Stvarno, kako mi to uvek sve unapred znamo i na taj na\u010din se blokiramo, ostanemo u nekoj prividnoj sigurnosti, u nekim zadatim granicama, i ne poku\u0161avamo da zakora\u010dimo izvan njih\u2026 Re\u010de on tako, a ja jedva do\u010dekah da Goran do\u0111e ku\u0107i, odmah ga namamih u spava\u0107u sobu, i lepo mu natenane objasnila neke stvari\u2026 Mislim, objasnila sam mu da moram da probam, ina\u010de ne\u0107u znati da li sam za neke stvari sposobna ili ne\u2026 Goran ka\u017ee, znao sam ja da ti ne\u0107e\u0161 izdr\u017eati. Hajde sad da vidimo kako \u0107emo to izvesti! Onda sam nau\u010dila jo\u0161 jednu lekciju: Ne pita\u0161 se da li mo\u017ee\u0161, ve\u0107 kako \u0107e\u0161 to da izvede\u0161\u2026 <\/span><\/span><\/p>\n<figure id=\"attachment_2007\" aria-describedby=\"caption-attachment-2007\" style=\"width: 1000px\" class=\"wp-caption aligncenter\"><img loading=\"lazy\" decoding=\"async\" class=\"wp-image-2007 size-large\" src=\"https:\/\/www.zvoncara.com\/wp-content\/uploads\/2017\/08\/P9020833-1024x768.jpg\" alt=\"Bane i ja, na putu za Taru. Usput su mi brali kupine\" width=\"1000\" height=\"750\" srcset=\"https:\/\/www.zvoncara.com\/wp-content\/uploads\/2017\/08\/P9020833-1024x768.jpg 1024w, https:\/\/www.zvoncara.com\/wp-content\/uploads\/2017\/08\/P9020833-300x225.jpg 300w, https:\/\/www.zvoncara.com\/wp-content\/uploads\/2017\/08\/P9020833-768x576.jpg 768w, https:\/\/www.zvoncara.com\/wp-content\/uploads\/2017\/08\/P9020833-400x300.jpg 400w\" sizes=\"auto, (max-width: 1000px) 100vw, 1000px\"\/><figcaption id=\"caption-attachment-2007\" class=\"wp-caption-text\">Bane i ja, deo ekipe, na putu za Taru. Usput su mi brali kupine<\/figcaption><\/figure>\n<p><span style=\"font-family: 'Times New Roman', serif;\"><span style=\"font-size: medium;\">I, tako smo krenuli u jednu potpuno novu i druga\u010diju avanturu. Nas 12. Jedanaest mu\u0161karaca i ja, jedina \u017eena. Pri penjanju na Debelo Brdo, dobro se toga se\u0107am, bilo je raznih zgoda i nezgoda. O\u010dekivala sam da \u0107u biti najslabija karika u lancu, mislili su to i drugi, ali nije ba\u0161 tako bilo. U jednom su nam selu me\u0161tani, sede\u0107i ispred kafane u debeloj hladovini, dovikivali \u201eGde vodite ovu \u017eenu, umre\u0107e vam negde usput\u2026\u201c?! \u0160ta pri\u010daju ovi ljudi, nije to meni ba\u0161 tako te\u0161ko, a, se\u0107am se da sam i svoje prijatelje hrabrila usput i pomagala im da nadja\u010daju krizne trenutke. Kad je Novobeogra\u0111anin Goxy u jednom trenutku, blago onemo\u0107ao, stao pored puta i zauzeo strate\u0161ku poziciju ispod jednog drveta, pitam ga, \u0161ta radi, da ne pretera s pauzom, posle je jo\u0161 te\u017ee nastaviti vo\u017enju, a on ka\u017ee\u201cNe idem ja odavde nikud dok ne stigne autobus\u201c! Kakav autobus, ustaj, idemo svi zajedno, evo gura\u0107emo malo, evo, si\u0107i \u0107u i ja s bicikla, sve \u0107emo mi to savladati\u2026 Poskidali se tako s bajseva, guramo uzbrdo, nakon nekog vremena Goxy odustaje, seda na bicikl, ka\u017ee: \u201eS tobom se ne zna \u0161ta je gore, da li voziti ili gurati\u201c! Ja to shvatila kao kompliment, to mi je u tom trenutku vi\u0161e odgovaralo\u2026 Vozimo, vozimo, i sti\u017eemo do jedne zaravni gde pravimo pauzu, svi se obla\u010de, nije mi jasno za\u0161to, kad je u\u017easno vru\u0107e, ka\u017eu, pa, spu\u0161tamo se\u2026. Gde se, kog \u0111avola, sad spu\u0161tamo\u2026 Tek smo pre 16 kilometara krenuli da se penjemo\u2026 Ka\u017eu, zavr\u0161eno penjanje, sad silazimo prema Bajinoj Ba\u0161ti\u2026 To vam je to Debelo Brdo, pih, koliko ste me njime pla\u0161ili, sad smislite ne\u0161to bolje, ovo smo brdo izravnali\u2026 I, setih se jedne moje poznanice, koja mi je ba\u0161 nadahnuto predvidela da \u0107e mi trebati hitna pomo\u0107 kad se, ako se, popnem na to Debelo Brdo, a jo\u0161 dok se spustim u Bajinu Ba\u0161tu.. Ko \u017eiv, ko mrtav.. Dakle, ne ka\u017eem ja, posle su mi mnogi vratili za to \u0161to sam se narugala penjanju na DeBe, priredili su mi ba\u0161 lepe akcije i destinacije.. Nek im i bude, kad su takvi\u2026<\/span><\/span><\/p>\n<figure id=\"attachment_2008\" aria-describedby=\"caption-attachment-2008\" style=\"width: 1000px\" class=\"wp-caption aligncenter\"><img loading=\"lazy\" decoding=\"async\" class=\"wp-image-2008 size-large\" src=\"https:\/\/www.zvoncara.com\/wp-content\/uploads\/2017\/08\/P9020839-1024x768.jpg\" alt=\"Spustili se s Debelog Brda, sad ravac Bajina Ba\u0161ta, pa Tara\" width=\"1000\" height=\"750\" srcset=\"https:\/\/www.zvoncara.com\/wp-content\/uploads\/2017\/08\/P9020839-1024x768.jpg 1024w, https:\/\/www.zvoncara.com\/wp-content\/uploads\/2017\/08\/P9020839-300x225.jpg 300w, https:\/\/www.zvoncara.com\/wp-content\/uploads\/2017\/08\/P9020839-768x576.jpg 768w, https:\/\/www.zvoncara.com\/wp-content\/uploads\/2017\/08\/P9020839-400x300.jpg 400w\" sizes=\"auto, (max-width: 1000px) 100vw, 1000px\"\/><figcaption id=\"caption-attachment-2008\" class=\"wp-caption-text\">Spustili se s Debelog Brda, sad pravac Bajina Ba\u0161ta, pa Tara<\/figcaption><\/figure>\n<p><span style=\"color: #282828;\"><span style=\"font-family: 'Times New Roman', serif;\"><span style=\"font-size: medium;\">Stigli do Peru\u0107ca, ne mo\u017eemo se odvojiti od sve\u017ee vode i kupanja. Zato smo u Rasti\u0161te i u\u0161li po debelom mraku. Penju\u0107i se do sela, obavijeni mrklim mrakom, prolaze\u0107i kroz brojne, kratke tunele uskim makadamskim puteljkom, i jedva se mimoilaze\u0107i s automobilima, slu\u0161amo huk vode i udi\u0161emo miris \u0161ume. Kona\u010dno do\u0161li i do sela. Umorni, gladni, ali sre\u0107ni. Ja posebno, jer su me uglavnom svi poznanici i familija ispratili na ovaj put s nevericom i lo\u0161im predvi\u0111anjima. Nisu me pokolebali. To \u0161to oni ne\u0161to ne mogu, ne zna\u010di da ne mogu i ja. <\/span><\/span><\/span><\/p>\n<figure id=\"attachment_2005\" aria-describedby=\"caption-attachment-2005\" style=\"width: 1000px\" class=\"wp-caption aligncenter\"><img loading=\"lazy\" decoding=\"async\" class=\"wp-image-2005 size-large\" src=\"https:\/\/www.zvoncara.com\/wp-content\/uploads\/2017\/08\/IMG_0304-1024x768.jpg\" alt=\"Simpati\u010dan detalj iz Rasti\u0161ta, sela na obronku Tare\" width=\"1000\" height=\"750\" srcset=\"https:\/\/www.zvoncara.com\/wp-content\/uploads\/2017\/08\/IMG_0304-1024x768.jpg 1024w, https:\/\/www.zvoncara.com\/wp-content\/uploads\/2017\/08\/IMG_0304-300x225.jpg 300w, https:\/\/www.zvoncara.com\/wp-content\/uploads\/2017\/08\/IMG_0304-768x576.jpg 768w, https:\/\/www.zvoncara.com\/wp-content\/uploads\/2017\/08\/IMG_0304-400x300.jpg 400w\" sizes=\"auto, (max-width: 1000px) 100vw, 1000px\"\/><figcaption id=\"caption-attachment-2005\" class=\"wp-caption-text\">Simpati\u010dan detalj iz Rasti\u0161ta, sela na obronku Tare<\/figcaption><\/figure>\n<figure id=\"attachment_2009\" aria-describedby=\"caption-attachment-2009\" style=\"width: 1000px\" class=\"wp-caption aligncenter\"><img loading=\"lazy\" decoding=\"async\" class=\"wp-image-2009 size-large\" src=\"https:\/\/www.zvoncara.com\/wp-content\/uploads\/2017\/08\/P9020865-1024x768.jpg\" alt=\"Me\u0111u nama je i jedan \u0160panac, mladi\u0107 kojeg smo zvali Federer, jer je ba\u0161 tih dana Novak igrao protiv Federera\" width=\"1000\" height=\"750\" srcset=\"https:\/\/www.zvoncara.com\/wp-content\/uploads\/2017\/08\/P9020865-1024x768.jpg 1024w, https:\/\/www.zvoncara.com\/wp-content\/uploads\/2017\/08\/P9020865-300x225.jpg 300w, https:\/\/www.zvoncara.com\/wp-content\/uploads\/2017\/08\/P9020865-768x576.jpg 768w, https:\/\/www.zvoncara.com\/wp-content\/uploads\/2017\/08\/P9020865-400x300.jpg 400w\" sizes=\"auto, (max-width: 1000px) 100vw, 1000px\"\/><figcaption id=\"caption-attachment-2009\" class=\"wp-caption-text\">Me\u0111u nama je i jedan \u0160panac, mladi\u0107 kojeg smo zvali Federer, jer je ba\u0161 tih dana Novak igrao protiv Federera<\/figcaption><\/figure>\n<figure id=\"attachment_2026\" aria-describedby=\"caption-attachment-2026\" style=\"width: 1000px\" class=\"wp-caption aligncenter\"><img loading=\"lazy\" decoding=\"async\" class=\"wp-image-2026 size-large\" src=\"https:\/\/www.zvoncara.com\/wp-content\/uploads\/2017\/08\/P9020863-1024x768.jpg\" alt=\"U ovu nas je trodnevnu bajk-avanturu poveo na\u0161 prijatelj Aleksandar-Sale, zvani Braale\" width=\"1000\" height=\"750\" srcset=\"https:\/\/www.zvoncara.com\/wp-content\/uploads\/2017\/08\/P9020863-1024x768.jpg 1024w, https:\/\/www.zvoncara.com\/wp-content\/uploads\/2017\/08\/P9020863-300x225.jpg 300w, https:\/\/www.zvoncara.com\/wp-content\/uploads\/2017\/08\/P9020863-768x576.jpg 768w, https:\/\/www.zvoncara.com\/wp-content\/uploads\/2017\/08\/P9020863-400x300.jpg 400w\" sizes=\"auto, (max-width: 1000px) 100vw, 1000px\"\/><figcaption id=\"caption-attachment-2026\" class=\"wp-caption-text\">U ovu nas je trodnevnu bajk-avanturu poveo na\u0161 prijatelj Aleksandar-Sale, zvani Braale<\/figcaption><\/figure>\n<p><span style=\"color: #282828;\"><span style=\"font-family: 'Times New Roman', serif;\"><span style=\"font-size: medium;\">Ujutro se spremamo za nastavak vo\u017enje i dogovaramo se kuda, gde i kako. Bane stidljivo spominje Ljuboviju i \u201enekog\u201c Mikija i \u201eneku\u201c Biciklijadu. Ka\u017ee, upoznao Mikija i imamo poziv da se pridru\u017eimo sve\u010danom defileu kroz grad. Ma, va\u017ei, reko\u0161e skoro svi, a to je otprilike zna\u010dilo\u2026 Pa, to je i zna\u010dilo. Ma, va\u017ei. <\/span><\/span><\/span><\/p>\n<p><span style=\"color: #282828;\"><span style=\"font-family: 'Times New Roman', serif;\"><span style=\"font-size: medium;\">Dan pred nama je izuzetno vreo, usponi asfaltni, jaki, mi natovareni, zadihani, za\u017eareni. Bane nemirno ide od jednog do drugog i poku\u0161ava ne\u0161to da objasni. Izgleda da ga samo Goran i ja slu\u0161amo i shvatamo da nas na nekom ljubovijskom platou na tom uzavrelom subotnjem danu \u010dekaju u\u010desnici Biciklijade, i da ne\u0107e krenuti u sve\u010dani defile dok mi ne do\u0111emo. U me\u0111uvremenu se na\u0161a ekipa dobrano rasturila po brojnim usputnim kafanama, i valjalo je da se prikupimo, oformimo kolonu i po\u017eurimo prema Ljuboviji. Banetu je telefon zvonio svake dve-tri minute, jasno je, Mikija pritiskaju njegovi sugra\u0111ani, nije im jasno gde su ti Beogra\u0111ani, koliko \u0107e jo\u0161 da ih \u010dekaju\u2026. Bane je najstariji me\u0111u nama, posustaje, ne mo\u017ee brzo da vozi, poku\u0161avamo da pomognemo, ne uspeva, na kraju pada dogovor da idemo bez njega, a on \u0107e nas ve\u0107 negde sti\u0107i.. Mene stavljaju na \u010delo kolone, rekoh u jednom trenutku stanite, umivanje, presvla\u010denje u \u010distu majicu, \u010de\u0161ljanje ko \u0161ta ima\u2026 I, hajmo! Izlazimo iz jedne krivine i ugledasmo neverovatan prizor! Plato preplavljen \u017eutom bojom sncokreta, a glavice im, u i\u0161\u010dekivanju, okrenute prema nama. Ipak, nisu bili suncokreti, bila su to deca i ostali me\u0161tani, a preko le\u0111a im preba\u010deni \u017euti fluorescentni prsluci. Na toj vrelini zaista su izgledali poput suncokreta. Taj me je prizor zaista dirnuo, te\u0161ko je bilo poverovati da neko s toliko strpljenja i ljubavi \u010deka svoje goste! Odmah smo prihva\u0107eni kao najro\u0111eniji, ubacili smo se me\u0111u te \u017euta\u0107e, dobili i mi na\u0161e prsluke.<\/span><\/span><\/span><\/p>\n<figure id=\"attachment_2027\" aria-describedby=\"caption-attachment-2027\" style=\"width: 768px\" class=\"wp-caption aligncenter\"><img loading=\"lazy\" decoding=\"async\" class=\"wp-image-2027 size-large\" src=\"https:\/\/www.zvoncara.com\/wp-content\/uploads\/2017\/08\/Miki-u-Donjoj-Tre\u0161njici-768x1024.jpg\" alt=\"\" width=\"768\" height=\"1024\" srcset=\"https:\/\/www.zvoncara.com\/wp-content\/uploads\/2017\/08\/Miki-u-Donjoj-Tre\u0161njici-768x1024.jpg 768w, https:\/\/www.zvoncara.com\/wp-content\/uploads\/2017\/08\/Miki-u-Donjoj-Tre\u0161njici-225x300.jpg 225w, https:\/\/www.zvoncara.com\/wp-content\/uploads\/2017\/08\/Miki-u-Donjoj-Tre\u0161njici-630x840.jpg 630w, https:\/\/www.zvoncara.com\/wp-content\/uploads\/2017\/08\/Miki-u-Donjoj-Tre\u0161njici-960x1280.jpg 960w\" sizes=\"auto, (max-width: 768px) 100vw, 768px\"\/><figcaption id=\"caption-attachment-2027\" class=\"wp-caption-text\">Miki<\/figcaption><\/figure>\n<figure id=\"attachment_2028\" aria-describedby=\"caption-attachment-2028\" style=\"width: 1000px\" class=\"wp-caption aligncenter\"><img loading=\"lazy\" decoding=\"async\" class=\"wp-image-2028 size-large\" src=\"https:\/\/www.zvoncara.com\/wp-content\/uploads\/2017\/08\/IMG_3667-1024x768.jpg\" alt=\"Biciklijada u Ljuboviji\" width=\"1000\" height=\"750\" srcset=\"https:\/\/www.zvoncara.com\/wp-content\/uploads\/2017\/08\/IMG_3667-1024x768.jpg 1024w, https:\/\/www.zvoncara.com\/wp-content\/uploads\/2017\/08\/IMG_3667-300x225.jpg 300w, https:\/\/www.zvoncara.com\/wp-content\/uploads\/2017\/08\/IMG_3667-768x576.jpg 768w, https:\/\/www.zvoncara.com\/wp-content\/uploads\/2017\/08\/IMG_3667-400x300.jpg 400w\" sizes=\"auto, (max-width: 1000px) 100vw, 1000px\"\/><figcaption id=\"caption-attachment-2028\" class=\"wp-caption-text\">Biciklijada u Ljuboviji<\/figcaption><\/figure>\n<figure id=\"attachment_2012\" aria-describedby=\"caption-attachment-2012\" style=\"width: 768px\" class=\"wp-caption aligncenter\"><img loading=\"lazy\" decoding=\"async\" class=\"wp-image-2012 size-large\" src=\"https:\/\/www.zvoncara.com\/wp-content\/uploads\/2017\/08\/IMG_3645-768x1024.jpg\" alt=\"Detalj sa Ljubovijske biciklijade... &quot;Carstvo vidika&quot;\" width=\"768\" height=\"1024\" srcset=\"https:\/\/www.zvoncara.com\/wp-content\/uploads\/2017\/08\/IMG_3645-768x1024.jpg 768w, https:\/\/www.zvoncara.com\/wp-content\/uploads\/2017\/08\/IMG_3645-225x300.jpg 225w, https:\/\/www.zvoncara.com\/wp-content\/uploads\/2017\/08\/IMG_3645-630x840.jpg 630w, https:\/\/www.zvoncara.com\/wp-content\/uploads\/2017\/08\/IMG_3645-960x1280.jpg 960w\" sizes=\"auto, (max-width: 768px) 100vw, 768px\"\/><figcaption id=\"caption-attachment-2012\" class=\"wp-caption-text\">Detalj sa Ljubovijske biciklijade\u2026 \u201cCarstvo vidika\u201d<\/figcaption><\/figure>\n<figure id=\"attachment_2013\" aria-describedby=\"caption-attachment-2013\" style=\"width: 1000px\" class=\"wp-caption aligncenter\"><img loading=\"lazy\" decoding=\"async\" class=\"wp-image-2013 size-large\" src=\"https:\/\/www.zvoncara.com\/wp-content\/uploads\/2017\/08\/IMG_3714-1024x768.jpg\" alt=\"Mikijev brat, i,... Pogledajte kako vozi, malo naopako, zar ne?! Ili je to njemu normalno..\" width=\"1000\" height=\"750\" srcset=\"https:\/\/www.zvoncara.com\/wp-content\/uploads\/2017\/08\/IMG_3714-1024x768.jpg 1024w, https:\/\/www.zvoncara.com\/wp-content\/uploads\/2017\/08\/IMG_3714-300x225.jpg 300w, https:\/\/www.zvoncara.com\/wp-content\/uploads\/2017\/08\/IMG_3714-768x576.jpg 768w, https:\/\/www.zvoncara.com\/wp-content\/uploads\/2017\/08\/IMG_3714-400x300.jpg 400w\" sizes=\"auto, (max-width: 1000px) 100vw, 1000px\"\/><figcaption id=\"caption-attachment-2013\" class=\"wp-caption-text\">Mikijev brat, i,\u2026 Pogledajte kako vozi, malo naopako, zar ne?! Ili je to njemu normalno..<\/figcaption><\/figure>\n<p><span style=\"color: #282828;\"><span style=\"font-family: 'Times New Roman', serif;\"><span style=\"font-size: medium;\"><img loading=\"lazy\" decoding=\"async\" class=\"aligncenter wp-image-8749 size-large\" src=\"https:\/\/www.zvoncara.com\/wp-content\/uploads\/2017\/08\/IMG_0126-2-768x1024.jpg\" alt=\"\" width=\"768\" height=\"1024\" srcset=\"https:\/\/www.zvoncara.com\/wp-content\/uploads\/2017\/08\/IMG_0126-2-768x1024.jpg 768w, https:\/\/www.zvoncara.com\/wp-content\/uploads\/2017\/08\/IMG_0126-2-225x300.jpg 225w, https:\/\/www.zvoncara.com\/wp-content\/uploads\/2017\/08\/IMG_0126-2-630x840.jpg 630w, https:\/\/www.zvoncara.com\/wp-content\/uploads\/2017\/08\/IMG_0126-2-960x1280.jpg 960w, https:\/\/www.zvoncara.com\/wp-content\/uploads\/2017\/08\/IMG_0126-2.jpg 1728w\" sizes=\"auto, (max-width: 768px) 100vw, 768px\"\/>Uglavnom, da ne duljim, upoznali smo tu dosta divnih ljudi, s kojima smo nastavili i kasnije da se dru\u017eimo. A, da ne zaspim na nogama dok smo \u010dekali da zavr\u0161i neka vrsta takmi\u010denja u biciklizmu i raznim biciklisti\u010dkim ve\u0161tinama, pobrinuo se Aleksej, Crnogorac iz Zvornika, vrlo \u0161armantan \u010dovek, srda\u010dan, nasmejan. I od sto i kusur kila. Pa, kako nije va\u017eno koliko ima kila, va\u017eno je, pored takvog \u010doveka sigurno ni ja ne bih mogla da ostanem ni gladna ni \u017eedna! Kao da me \u010duo, uskoro sam u obe ruke dr\u017eala i i\u0107e i pi\u0107e. I razbudila se. Kako i ne bih, kakve je pri\u010de ovaj \u010dovek pri\u010dao! Ina\u010de mu je omiljen hobi ribolov. <\/span><\/span><\/span><\/p>\n<p><span style=\"color: #282828;\"><span style=\"font-family: 'Times New Roman', serif;\"><span style=\"font-size: medium;\">Ve\u010dera u parohijskom domu, spavanje kod gospo\u0111e Milenije, bu\u0111enje uz kavu sa ratlukom i \u010da\u0161icu doma\u0107e. Ba\u0161 doma\u0107inski. <\/span><\/span><\/span><\/p>\n<figure id=\"attachment_2023\" aria-describedby=\"caption-attachment-2023\" style=\"width: 1000px\" class=\"wp-caption aligncenter\"><img loading=\"lazy\" decoding=\"async\" class=\"wp-image-2023 size-large\" src=\"https:\/\/www.zvoncara.com\/wp-content\/uploads\/2017\/08\/P9030886-1024x768.jpg\" alt=\"Bu\u0111enje i kafa s ratlukom i \u010da\u0161icom doma\u0107e kod gazdarice Milenije\" width=\"1000\" height=\"750\" srcset=\"https:\/\/www.zvoncara.com\/wp-content\/uploads\/2017\/08\/P9030886-1024x768.jpg 1024w, https:\/\/www.zvoncara.com\/wp-content\/uploads\/2017\/08\/P9030886-300x225.jpg 300w, https:\/\/www.zvoncara.com\/wp-content\/uploads\/2017\/08\/P9030886-768x576.jpg 768w, https:\/\/www.zvoncara.com\/wp-content\/uploads\/2017\/08\/P9030886-400x300.jpg 400w\" sizes=\"auto, (max-width: 1000px) 100vw, 1000px\"\/><figcaption id=\"caption-attachment-2023\" class=\"wp-caption-text\">Bu\u0111enje i kafa s ratlukom i \u010da\u0161icom doma\u0107e kod gazdarice Milenije<\/figcaption><\/figure>\n<p><span style=\"color: #282828;\"><span style=\"font-family: 'Times New Roman', serif;\"><span style=\"font-size: medium;\"><img loading=\"lazy\" decoding=\"async\" class=\"aligncenter wp-image-2016 size-large\" src=\"https:\/\/www.zvoncara.com\/wp-content\/uploads\/2017\/08\/IMG_0619-1024x768.jpg\" alt=\"\" width=\"1000\" height=\"750\" srcset=\"https:\/\/www.zvoncara.com\/wp-content\/uploads\/2017\/08\/IMG_0619-1024x768.jpg 1024w, https:\/\/www.zvoncara.com\/wp-content\/uploads\/2017\/08\/IMG_0619-300x225.jpg 300w, https:\/\/www.zvoncara.com\/wp-content\/uploads\/2017\/08\/IMG_0619-768x576.jpg 768w, https:\/\/www.zvoncara.com\/wp-content\/uploads\/2017\/08\/IMG_0619-400x300.jpg 400w\" sizes=\"auto, (max-width: 1000px) 100vw, 1000px\"\/>Cela je atmosfera na Biciklijadi bila doma\u0107inska. Alal vera, ljudi, zato za mene LJUBOVIJA, zaista, JESTE JEDNAKO LJUBAV!\u00a0<\/span><\/span><\/span><\/p>\n<p><span style=\"color: #282828;\"><span style=\"font-family: 'Times New Roman', serif;\"><span style=\"font-size: medium;\"><img loading=\"lazy\" decoding=\"async\" class=\"aligncenter wp-image-2010 size-large\" src=\"https:\/\/www.zvoncara.com\/wp-content\/uploads\/2017\/08\/P9020880-768x1024.jpg\" alt=\"\" width=\"768\" height=\"1024\" srcset=\"https:\/\/www.zvoncara.com\/wp-content\/uploads\/2017\/08\/P9020880-768x1024.jpg 768w, https:\/\/www.zvoncara.com\/wp-content\/uploads\/2017\/08\/P9020880-225x300.jpg 225w, https:\/\/www.zvoncara.com\/wp-content\/uploads\/2017\/08\/P9020880-630x840.jpg 630w, https:\/\/www.zvoncara.com\/wp-content\/uploads\/2017\/08\/P9020880-960x1280.jpg 960w, https:\/\/www.zvoncara.com\/wp-content\/uploads\/2017\/08\/P9020880.jpg 1780w\" sizes=\"auto, (max-width: 768px) 100vw, 768px\"\/>S Mikijem smo i ujutro prodefilovali jo\u0161 snenim gradom. Ispratio nas je put Proslopa, prema Peckoj, te dalje nastavismo prema Valjevu. <\/span><\/span><\/span><\/p>\n<p><span style=\"color: #282828;\"><span style=\"font-family: 'Times New Roman', serif;\"><span style=\"font-size: medium;\">Sve vreme samo mi je jedna misao bila: Vrati\u0107u se ovde i opet! <\/span><\/span><\/span><\/p>\n<\/p><\/div>\n<p><a href=\"https:\/\/www.zvoncara.com\/ljubovija-jednako-ljubav\/\" target=\"_blank\" rel=\"noopener\">Source link <\/a><br \/>\n\n Ljubovija jednako ljubav! \u2022 Zvoncara<\/p>\n","protected":false},"excerpt":{"rendered":"<p>Idu dani, idu no\u0107i, \u017eivot brzo prolazi\u2026 Pevala je tako Beba Selimovi\u0107, a setih se ove pesme kad sam shvatila&hellip;<\/p>\n","protected":false},"author":1,"featured_media":3469,"comment_status":"open","ping_status":"open","sticky":false,"template":"","format":"standard","meta":{"footnotes":""},"categories":[1],"tags":[],"class_list":["post-3468","post","type-post","status-publish","format-standard","has-post-thumbnail","hentry","category-oglasi-ljubovija"],"_links":{"self":[{"href":"https:\/\/oglasi.infooglasi.rs\/oglasi\/oglasiljubovija\/wp-json\/wp\/v2\/posts\/3468","targetHints":{"allow":["GET"]}}],"collection":[{"href":"https:\/\/oglasi.infooglasi.rs\/oglasi\/oglasiljubovija\/wp-json\/wp\/v2\/posts"}],"about":[{"href":"https:\/\/oglasi.infooglasi.rs\/oglasi\/oglasiljubovija\/wp-json\/wp\/v2\/types\/post"}],"author":[{"embeddable":true,"href":"https:\/\/oglasi.infooglasi.rs\/oglasi\/oglasiljubovija\/wp-json\/wp\/v2\/users\/1"}],"replies":[{"embeddable":true,"href":"https:\/\/oglasi.infooglasi.rs\/oglasi\/oglasiljubovija\/wp-json\/wp\/v2\/comments?post=3468"}],"version-history":[{"count":0,"href":"https:\/\/oglasi.infooglasi.rs\/oglasi\/oglasiljubovija\/wp-json\/wp\/v2\/posts\/3468\/revisions"}],"wp:featuredmedia":[{"embeddable":true,"href":"https:\/\/oglasi.infooglasi.rs\/oglasi\/oglasiljubovija\/wp-json\/wp\/v2\/media\/3469"}],"wp:attachment":[{"href":"https:\/\/oglasi.infooglasi.rs\/oglasi\/oglasiljubovija\/wp-json\/wp\/v2\/media?parent=3468"}],"wp:term":[{"taxonomy":"category","embeddable":true,"href":"https:\/\/oglasi.infooglasi.rs\/oglasi\/oglasiljubovija\/wp-json\/wp\/v2\/categories?post=3468"},{"taxonomy":"post_tag","embeddable":true,"href":"https:\/\/oglasi.infooglasi.rs\/oglasi\/oglasiljubovija\/wp-json\/wp\/v2\/tags?post=3468"}],"curies":[{"name":"wp","href":"https:\/\/api.w.org\/{rel}","templated":true}]}}