{"id":3473,"date":"2023-12-12T06:04:29","date_gmt":"2023-12-12T05:04:29","guid":{"rendered":"https:\/\/oglasi.infooglasi.rs\/oglasi\/oglasiljubovija\/lokalizovan-pozar-u-manastiru-svete-trojice-vatra-nanijela-ogromnu-stetu-oglasi-ljubovija\/"},"modified":"2023-12-12T06:04:29","modified_gmt":"2023-12-12T05:04:29","slug":"lokalizovan-pozar-u-manastiru-svete-trojice-vatra-nanijela-ogromnu-stetu-oglasi-ljubovija","status":"publish","type":"post","link":"https:\/\/oglasi.infooglasi.rs\/oglasi\/oglasiljubovija\/lokalizovan-pozar-u-manastiru-svete-trojice-vatra-nanijela-ogromnu-stetu-oglasi-ljubovija\/","title":{"rendered":"Lokalizovan po\u017ear u Manastiru Svete Trojice, vatra nanijela ogromnu \u0161tetu &#8211; OGLASI LJUBOVIJA"},"content":{"rendered":"<p><\/p>\n<div>\n<h5>Po\u017ear u Manastiru Svete Trojice kod Ljubovije lokalizovan je, ali je vatra nanijela ogromnu \u0161tetu, javile su \u201cVe\u010dernje novosti\u201d.<span id=\"more-362106\"\/><\/h5>\n<p>Plamen i dalje tinja na svetinji, \u010diji po\u017ear ni snijeg ni hladno\u0107a nisu uspjeli bar malo da uspore.<\/p>\n<p>Materijalna \u0161teta je ve\u0107 ogromna, a uzrok po\u017eara za sada nije poznat i to \u0107e biti jasno kada se potpuno lokalizuje.<\/p>\n<p>Otac Serafom i bratstvo su u bolu, jer su mukotrpnim radom podigli konak koji je sada neupotrebljiv.<\/p>\n<p>Vatrogasno-spasila\u010dka jedinica iz LJubovije je oko 18.15 \u010dasova dobila dojavu da gori svetinja i na mjesto po\u017eara je odmah upu\u0107eno 10 vatrogasaca sa \u010detiri vozila.&#13;\n        <\/p>\n<p>U ga\u0161enju su u\u010destvovali i vatrogasci iz Malog Zvornika i Bajine Ba\u0161te, kao i Bratunca iz Republike Srpske.<\/p>\n<p>\u00a0<\/p>\n<p>\u00a0<\/p>\n<p>\n<button class=\"simplesocial-fb-share\" rel=\"nofollow\" target=\"_blank\" aria-label=\"Facebook Share\" data-href=\"https:\/\/www.facebook.com\/sharer\/sharer.php?u=https:\/\/www.bl-portal.com\/region\/lokalizovan-pozar-u-manastiru-svete-trojice-vatra-nanijela-ogromnu-stetu\/\" onclick=\"javascript:window.open(this.dataset.href, '', 'menubar=no,toolbar=no,resizable=yes,scrollbars=yes,height=600,width=600');return false;\"><span class=\"simplesocialtxt\">Facebook <\/span> <\/button><br \/>\n<button class=\"simplesocial-twt-share\" rel=\"nofollow\" target=\"_blank\" aria-label=\"Twitter Share\" data-href=\"https:\/\/twitter.com\/share?text=Lokalizovan+po%C5%BEar+u+Manastiru+Svete+Trojice%2C+vatra+nanijela+ogromnu+%C5%A1tetu&amp;url=https:\/\/www.bl-portal.com\/region\/lokalizovan-pozar-u-manastiru-svete-trojice-vatra-nanijela-ogromnu-stetu\/\" onclick=\"javascript:window.open(this.dataset.href, '', 'menubar=no,toolbar=no,resizable=yes,scrollbars=yes,height=600,width=600');return false;\"><span class=\"simplesocialtxt\">Twitter<\/span> <\/button><br \/>\n<button onclick=\"javascript:window.open(this.dataset.href, '_self' );return false;\" class=\"simplesocial-viber-share\" rel=\"nofollow\" target=\"_blank\" aria-label=\"Viber Share\" data-href=\"viber:\/\/forward?text=https:\/\/www.bl-portal.com\/region\/lokalizovan-pozar-u-manastiru-svete-trojice-vatra-nanijela-ogromnu-stetu\/\"><span class=\"simplesocialtxt\">Viber<\/span><\/button><br \/>\n<button onclick=\"javascript:window.open(this.dataset.href, '_blank' );return false;\" class=\"simplesocial-whatsapp-share\" rel=\"nofollow\" target=\"_blank\" aria-label=\"WhatsApp Share\" data-href=\"https:\/\/api.whatsapp.com\/send?text=https:\/\/www.bl-portal.com\/region\/lokalizovan-pozar-u-manastiru-svete-trojice-vatra-nanijela-ogromnu-stetu\/\"><span class=\"simplesocialtxt\">WhatsApp<\/span><\/button>\n<\/p>\n<\/p><\/div>\n<p><script async src=\"\/\/platform.twitter.com\/widgets.js\" charset=\"utf-8\"><\/script><script type=\"text\/javascript\">!function(e,n,t){var o,c=e.getElementsByTagName(n)[0];e.getElementById(t)||(o=e.createElement(n),o.id=t,o.src=\"https:\/\/connect.facebook.net\/bs_BA\/sdk.js#xfbml=1&version=v17.0\",c.parentNode.insertBefore(o,c))}(document,\"script\",\"facebook-jssdk\");<\/script><br \/>\n<br \/><a href=\"https:\/\/www.bl-portal.com\/region\/lokalizovan-pozar-u-manastiru-svete-trojice-vatra-nanijela-ogromnu-stetu\/\" target=\"_blank\" rel=\"noopener\">Source link <\/a><br \/>\n\n Lokalizovan po\u017ear u Manastiru Svete Trojice, vatra nanijela ogromnu \u0161tetu<\/p>\n","protected":false},"excerpt":{"rendered":"<p>Po\u017ear u Manastiru Svete Trojice kod Ljubovije lokalizovan je, ali je vatra nanijela ogromnu \u0161tetu, javile su \u201cVe\u010dernje novosti\u201d. Plamen&hellip;<\/p>\n","protected":false},"author":1,"featured_media":3474,"comment_status":"open","ping_status":"open","sticky":false,"template":"","format":"standard","meta":{"footnotes":""},"categories":[1],"tags":[],"class_list":["post-3473","post","type-post","status-publish","format-standard","has-post-thumbnail","hentry","category-oglasi-ljubovija"],"_links":{"self":[{"href":"https:\/\/oglasi.infooglasi.rs\/oglasi\/oglasiljubovija\/wp-json\/wp\/v2\/posts\/3473","targetHints":{"allow":["GET"]}}],"collection":[{"href":"https:\/\/oglasi.infooglasi.rs\/oglasi\/oglasiljubovija\/wp-json\/wp\/v2\/posts"}],"about":[{"href":"https:\/\/oglasi.infooglasi.rs\/oglasi\/oglasiljubovija\/wp-json\/wp\/v2\/types\/post"}],"author":[{"embeddable":true,"href":"https:\/\/oglasi.infooglasi.rs\/oglasi\/oglasiljubovija\/wp-json\/wp\/v2\/users\/1"}],"replies":[{"embeddable":true,"href":"https:\/\/oglasi.infooglasi.rs\/oglasi\/oglasiljubovija\/wp-json\/wp\/v2\/comments?post=3473"}],"version-history":[{"count":0,"href":"https:\/\/oglasi.infooglasi.rs\/oglasi\/oglasiljubovija\/wp-json\/wp\/v2\/posts\/3473\/revisions"}],"wp:featuredmedia":[{"embeddable":true,"href":"https:\/\/oglasi.infooglasi.rs\/oglasi\/oglasiljubovija\/wp-json\/wp\/v2\/media\/3474"}],"wp:attachment":[{"href":"https:\/\/oglasi.infooglasi.rs\/oglasi\/oglasiljubovija\/wp-json\/wp\/v2\/media?parent=3473"}],"wp:term":[{"taxonomy":"category","embeddable":true,"href":"https:\/\/oglasi.infooglasi.rs\/oglasi\/oglasiljubovija\/wp-json\/wp\/v2\/categories?post=3473"},{"taxonomy":"post_tag","embeddable":true,"href":"https:\/\/oglasi.infooglasi.rs\/oglasi\/oglasiljubovija\/wp-json\/wp\/v2\/tags?post=3473"}],"curies":[{"name":"wp","href":"https:\/\/api.w.org\/{rel}","templated":true}]}}