{"id":3537,"date":"2024-02-06T21:26:52","date_gmt":"2024-02-06T20:26:52","guid":{"rendered":"https:\/\/oglasi.infooglasi.rs\/oglasi\/oglasiljubovija\/oglasio-se-ktitor-manastira-koji-je-sinoc-goreo-udarna-vest-rs-oglasi-ljubovija\/"},"modified":"2024-02-06T21:26:52","modified_gmt":"2024-02-06T20:26:52","slug":"oglasio-se-ktitor-manastira-koji-je-sinoc-goreo-udarna-vest-rs-oglasi-ljubovija","status":"publish","type":"post","link":"https:\/\/oglasi.infooglasi.rs\/oglasi\/oglasiljubovija\/oglasio-se-ktitor-manastira-koji-je-sinoc-goreo-udarna-vest-rs-oglasi-ljubovija\/","title":{"rendered":"Oglasio se ktitor manastira koji je sino\u0107 goreo \u2013 UDARNA VEST . rs &#8211; OGLASI LJUBOVIJA"},"content":{"rendered":"<p><\/p>\n<div>\n<p>Kara\u0111or\u0111e Ristanovi\u0107, privatni preduzetnik iz Iriga, rodom iz Podnemi\u0107a, koji je sagradio 2003. godine crkvu, oko koje je nastao manastir Svete Trojice u mestu Bjele vode kod Ljubovije koji je sino\u0107 zahvatio po\u017ear rekao je da, iako je prvobitno bio tu\u017ean, ne smemo dozvoliti da padnemo u o\u010dajanje, i da se nada da \u0107e Gospod dati da se svetinja obnovi.<\/p>\n<p>Manastir je podignut na porodi\u010dnom imanju oko grobova njegovih roditelja Koste i Bo\u017eane Ristanovi\u0107 i male sestre Vide. Za\u017eiveo je 2005. godine dolaskom jeromonaha Serafima Petkovi\u0107a za nastojatelja, i od tada se odr\u017eavaju redovna bogoslu\u017eenja.<\/p>\n<p>Od svetinja poseduje pokrov sa mo\u0161tima Svete Petke.<\/p>\n<p>Krstove za crkvu je darovao Milenko Radaljac iz Loznice, a zvono je poklonio Milan Selakovi\u0107 iz Novog Sada.<\/p>\n<p>Vatra je buknula ju\u010de oko 18.15 kada je zahvatila konak svetinje, koji je gotovo u potpunosti izgoreo. Ga\u0161enje po\u017eara, koji je lokalizovan oko 22 \u010dasa, je izuzetno ote\u017eao nepristupa\u010dan teren.<\/p>\n<p>Iako je manastir za\u017eiveo 2005. godine, \u0161to ga \u010dini \u201emladim\u201c manastirom, narod je izuzetno vezan za ovu svetinju, prenosi Blic.<\/p>\n<p>UDARNA VEST.rs<\/p>\n<\/p><\/div>\n<p><a href=\"https:\/\/udarnavest.rs\/2022\/02\/03\/hvala-bogu-da-nema-zrtava-oglasio-se-ktitor-manastira-koji-je-sinoc-goreo\/\" target=\"_blank\" rel=\"noopener\">Source link <\/a><br \/>\n\n Oglasio se ktitor manastira koji je sino\u0107 goreo \u2013 UDARNA VEST . rs<\/p>\n","protected":false},"excerpt":{"rendered":"<p>Kara\u0111or\u0111e Ristanovi\u0107, privatni preduzetnik iz Iriga, rodom iz Podnemi\u0107a, koji je sagradio 2003. godine crkvu, oko koje je nastao manastir&hellip;<\/p>\n","protected":false},"author":1,"featured_media":0,"comment_status":"open","ping_status":"open","sticky":false,"template":"","format":"standard","meta":{"footnotes":""},"categories":[1],"tags":[],"class_list":["post-3537","post","type-post","status-publish","format-standard","hentry","category-oglasi-ljubovija"],"_links":{"self":[{"href":"https:\/\/oglasi.infooglasi.rs\/oglasi\/oglasiljubovija\/wp-json\/wp\/v2\/posts\/3537","targetHints":{"allow":["GET"]}}],"collection":[{"href":"https:\/\/oglasi.infooglasi.rs\/oglasi\/oglasiljubovija\/wp-json\/wp\/v2\/posts"}],"about":[{"href":"https:\/\/oglasi.infooglasi.rs\/oglasi\/oglasiljubovija\/wp-json\/wp\/v2\/types\/post"}],"author":[{"embeddable":true,"href":"https:\/\/oglasi.infooglasi.rs\/oglasi\/oglasiljubovija\/wp-json\/wp\/v2\/users\/1"}],"replies":[{"embeddable":true,"href":"https:\/\/oglasi.infooglasi.rs\/oglasi\/oglasiljubovija\/wp-json\/wp\/v2\/comments?post=3537"}],"version-history":[{"count":0,"href":"https:\/\/oglasi.infooglasi.rs\/oglasi\/oglasiljubovija\/wp-json\/wp\/v2\/posts\/3537\/revisions"}],"wp:attachment":[{"href":"https:\/\/oglasi.infooglasi.rs\/oglasi\/oglasiljubovija\/wp-json\/wp\/v2\/media?parent=3537"}],"wp:term":[{"taxonomy":"category","embeddable":true,"href":"https:\/\/oglasi.infooglasi.rs\/oglasi\/oglasiljubovija\/wp-json\/wp\/v2\/categories?post=3537"},{"taxonomy":"post_tag","embeddable":true,"href":"https:\/\/oglasi.infooglasi.rs\/oglasi\/oglasiljubovija\/wp-json\/wp\/v2\/tags?post=3537"}],"curies":[{"name":"wp","href":"https:\/\/api.w.org\/{rel}","templated":true}]}}