{"id":3538,"date":"2024-02-09T04:58:41","date_gmt":"2024-02-09T03:58:41","guid":{"rendered":"https:\/\/oglasi.infooglasi.rs\/oglasi\/oglasiljubovija\/na-nesrecno-dijete-naletio-automobil-u-teskoj-nesreci-poginuo-djecak-od-15-godina-oglasi-ljubovija\/"},"modified":"2024-02-09T04:58:41","modified_gmt":"2024-02-09T03:58:41","slug":"na-nesrecno-dijete-naletio-automobil-u-teskoj-nesreci-poginuo-djecak-od-15-godina-oglasi-ljubovija","status":"publish","type":"post","link":"https:\/\/oglasi.infooglasi.rs\/oglasi\/oglasiljubovija\/na-nesrecno-dijete-naletio-automobil-u-teskoj-nesreci-poginuo-djecak-od-15-godina-oglasi-ljubovija\/","title":{"rendered":"Na nesre\u0107no dijete naletio automobil: U te\u0161koj nesre\u0107i poginuo dje\u010dak od 15 godina &#8211; OGLASI LJUBOVIJA"},"content":{"rendered":"<p><\/p>\n<div>\n<h5><strong>Sino\u0107 oko 20 \u010dasova u Donjoj Ljuboviji kod Ljubovije, poginuo je dje\u010dak (15).<\/strong><\/h5>\n<h6>Prema trenutno dostupnim informacijama, on se kretao kao pe\u0161ak, a na njega je naleteo automobil, prenosi 192.<\/h6>\n<h6>Vi\u0161e o oklonostima, detaljima i uzrocima ove tragedije zna\u0107e se nakon istrage.<\/h6>\n<p>\n<button class=\"simplesocial-fb-share\" rel=\"nofollow\" target=\"_blank\" aria-label=\"Facebook Share\" data-href=\"https:\/\/www.facebook.com\/sharer\/sharer.php?u=https:\/\/www.bl-portal.com\/region\/na-nesrecno-dijete-naletio-automobil-u-teskoj-nesreci-poginuo-djecak-od-15-godina\/\" onclick=\"javascript:window.open(this.dataset.href, '', 'menubar=no,toolbar=no,resizable=yes,scrollbars=yes,height=600,width=600');return false;\"><span class=\"simplesocialtxt\">Facebook <\/span> <\/button><br \/>\n<button class=\"simplesocial-twt-share\" rel=\"nofollow\" target=\"_blank\" aria-label=\"Twitter Share\" data-href=\"https:\/\/twitter.com\/share?text=Na+nesre%C4%87no+dijete+naletio+automobil%3A+U+te%C5%A1koj+nesre%C4%87i+poginuo+dje%C4%8Dak+od+15+godina&amp;url=https:\/\/www.bl-portal.com\/region\/na-nesrecno-dijete-naletio-automobil-u-teskoj-nesreci-poginuo-djecak-od-15-godina\/\" onclick=\"javascript:window.open(this.dataset.href, '', 'menubar=no,toolbar=no,resizable=yes,scrollbars=yes,height=600,width=600');return false;\"><span class=\"simplesocialtxt\">Twitter<\/span> <\/button><br \/>\n<button onclick=\"javascript:window.open(this.dataset.href, '_self' );return false;\" class=\"simplesocial-viber-share\" rel=\"nofollow\" target=\"_blank\" aria-label=\"Viber Share\" data-href=\"viber:\/\/forward?text=https:\/\/www.bl-portal.com\/region\/na-nesrecno-dijete-naletio-automobil-u-teskoj-nesreci-poginuo-djecak-od-15-godina\/\"><span class=\"simplesocialtxt\">Viber<\/span><\/button><br \/>\n<button onclick=\"javascript:window.open(this.dataset.href, '_blank' );return false;\" class=\"simplesocial-whatsapp-share\" rel=\"nofollow\" target=\"_blank\" aria-label=\"WhatsApp Share\" data-href=\"https:\/\/api.whatsapp.com\/send?text=https:\/\/www.bl-portal.com\/region\/na-nesrecno-dijete-naletio-automobil-u-teskoj-nesreci-poginuo-djecak-od-15-godina\/\"><span class=\"simplesocialtxt\">WhatsApp<\/span><\/button>\n<\/p>\n<\/p><\/div>\n<p><script async src=\"\/\/platform.twitter.com\/widgets.js\" charset=\"utf-8\"><\/script><script type=\"text\/javascript\">!function(e,n,t){var o,c=e.getElementsByTagName(n)[0];e.getElementById(t)||(o=e.createElement(n),o.id=t,o.src=\"https:\/\/connect.facebook.net\/bs_BA\/sdk.js#xfbml=1&version=v17.0\",c.parentNode.insertBefore(o,c))}(document,\"script\",\"facebook-jssdk\");<\/script><br \/>\n<br \/><a href=\"https:\/\/www.bl-portal.com\/region\/na-nesrecno-dijete-naletio-automobil-u-teskoj-nesreci-poginuo-djecak-od-15-godina\/\" target=\"_blank\" rel=\"noopener\">Source link <\/a><br \/>\n\n Na nesre\u0107no dijete naletio automobil: U te\u0161koj nesre\u0107i poginuo dje\u010dak od 15 godina<\/p>\n","protected":false},"excerpt":{"rendered":"<p>Sino\u0107 oko 20 \u010dasova u Donjoj Ljuboviji kod Ljubovije, poginuo je dje\u010dak (15). Prema trenutno dostupnim informacijama, on se kretao&hellip;<\/p>\n","protected":false},"author":1,"featured_media":3539,"comment_status":"open","ping_status":"open","sticky":false,"template":"","format":"standard","meta":{"footnotes":""},"categories":[1],"tags":[],"class_list":["post-3538","post","type-post","status-publish","format-standard","has-post-thumbnail","hentry","category-oglasi-ljubovija"],"_links":{"self":[{"href":"https:\/\/oglasi.infooglasi.rs\/oglasi\/oglasiljubovija\/wp-json\/wp\/v2\/posts\/3538","targetHints":{"allow":["GET"]}}],"collection":[{"href":"https:\/\/oglasi.infooglasi.rs\/oglasi\/oglasiljubovija\/wp-json\/wp\/v2\/posts"}],"about":[{"href":"https:\/\/oglasi.infooglasi.rs\/oglasi\/oglasiljubovija\/wp-json\/wp\/v2\/types\/post"}],"author":[{"embeddable":true,"href":"https:\/\/oglasi.infooglasi.rs\/oglasi\/oglasiljubovija\/wp-json\/wp\/v2\/users\/1"}],"replies":[{"embeddable":true,"href":"https:\/\/oglasi.infooglasi.rs\/oglasi\/oglasiljubovija\/wp-json\/wp\/v2\/comments?post=3538"}],"version-history":[{"count":0,"href":"https:\/\/oglasi.infooglasi.rs\/oglasi\/oglasiljubovija\/wp-json\/wp\/v2\/posts\/3538\/revisions"}],"wp:featuredmedia":[{"embeddable":true,"href":"https:\/\/oglasi.infooglasi.rs\/oglasi\/oglasiljubovija\/wp-json\/wp\/v2\/media\/3539"}],"wp:attachment":[{"href":"https:\/\/oglasi.infooglasi.rs\/oglasi\/oglasiljubovija\/wp-json\/wp\/v2\/media?parent=3538"}],"wp:term":[{"taxonomy":"category","embeddable":true,"href":"https:\/\/oglasi.infooglasi.rs\/oglasi\/oglasiljubovija\/wp-json\/wp\/v2\/categories?post=3538"},{"taxonomy":"post_tag","embeddable":true,"href":"https:\/\/oglasi.infooglasi.rs\/oglasi\/oglasiljubovija\/wp-json\/wp\/v2\/tags?post=3538"}],"curies":[{"name":"wp","href":"https:\/\/api.w.org\/{rel}","templated":true}]}}