{"id":3585,"date":"2024-03-10T10:04:43","date_gmt":"2024-03-10T09:04:43","guid":{"rendered":"https:\/\/oglasi.infooglasi.rs\/oglasi\/oglasiljubovija\/zatekla-ih-hilandarska-sudbina-foto-video-zvornik-danas-oglasi-ljubovija\/"},"modified":"2024-03-10T10:04:43","modified_gmt":"2024-03-10T09:04:43","slug":"zatekla-ih-hilandarska-sudbina-foto-video-zvornik-danas-oglasi-ljubovija","status":"publish","type":"post","link":"https:\/\/oglasi.infooglasi.rs\/oglasi\/oglasiljubovija\/zatekla-ih-hilandarska-sudbina-foto-video-zvornik-danas-oglasi-ljubovija\/","title":{"rendered":"Zatekla ih hilandarska sudbina (foto\/video) \u00bb Zvornik Danas &#8211; OGLASI LJUBOVIJA"},"content":{"rendered":"<p><\/p>\n<div>\n<p>Bratstvo Manastira Svete Trojice u Bijelim Vodama ispod Nemi\u0107a, u op\u0161tini LJubovija, do\u017eivjelo je hilandarsku sudbinu kada je u <a href=\"https:\/\/www.zvornikdanas.com\/2022\/02\/veliki-pozar-u-manastiru-bijele-vode-kod-ljubovije\/\" target=\"_blank\" rel=\"noopener\">po\u017earu sino\u0107 izgorio manastirski konak<\/a>, rekao je Srni iguman ovog manastira Serafim, aludiraju\u0107i na nedavni po\u017ear koji je zahvatio konake manastira na Svetoj Gori.<\/p>\n<p>Iguman ka\u017ee da se sino\u0107 oko 18.00 \u010dasova pojavio veliki oblak dima na krovu konaka i da su odmah pristupili evakuaciji bratstva, stvari, ga\u0161enju po\u017eara te pozvali u pomo\u0107 vatrogasce iz LJubovije.<\/p>\n<figure class=\"wp-block-image size-full\"><img fetchpriority=\"high\" decoding=\"async\" width=\"696\" height=\"392\" data-attachment-id=\"247927\" data-permalink=\"https:\/\/www.zvornikdanas.com\/2022\/02\/veliki-pozar-u-manastiru-bijele-vode-kod-ljubovije\/pozar-u-manastiru-bijele-vode\/\" data-orig-file=\"https:\/\/i0.wp.com\/www.zvornikdanas.com\/wp-content\/uploads\/2022\/02\/po\u017ear-u-manastiru-bijele-vode.jpg?fit=1280%2C720&amp;ssl=1\" data-orig-size=\"1280,720\" data-comments-opened=\"1\" data-image-meta=\"{&quot;aperture&quot;:&quot;0&quot;,&quot;credit&quot;:&quot;&quot;,&quot;camera&quot;:&quot;&quot;,&quot;caption&quot;:&quot;&quot;,&quot;created_timestamp&quot;:&quot;0&quot;,&quot;copyright&quot;:&quot;&quot;,&quot;focal_length&quot;:&quot;0&quot;,&quot;iso&quot;:&quot;0&quot;,&quot;shutter_speed&quot;:&quot;0&quot;,&quot;title&quot;:&quot;&quot;,&quot;orientation&quot;:&quot;0&quot;}\" data-image-title=\"po\u017ear u manastiru bijele vode\" data-image-description=\"\" data-image-caption=\"\" data-medium-file=\"https:\/\/i0.wp.com\/www.zvornikdanas.com\/wp-content\/uploads\/2022\/02\/po\u017ear-u-manastiru-bijele-vode.jpg?fit=300%2C169&amp;ssl=1\" data-large-file=\"https:\/\/i0.wp.com\/www.zvornikdanas.com\/wp-content\/uploads\/2022\/02\/po\u017ear-u-manastiru-bijele-vode.jpg?fit=610%2C343&amp;ssl=1\" src=\"https:\/\/i0.wp.com\/www.zvornikdanas.com\/wp-content\/uploads\/2022\/02\/po\u017ear-u-manastiru-bijele-vode.jpg?resize=696%2C392&amp;ssl=1\" alt=\"po\u017ear u manastiru bijele vode\" class=\"wp-image-247927\" title=\"Manastir Bijele Vode: Zatekla ih hilandarska sudbina (foto\/video) 1\" srcset=\"https:\/\/i0.wp.com\/www.zvornikdanas.com\/wp-content\/uploads\/2022\/02\/po\u017ear-u-manastiru-bijele-vode.jpg?w=1280&amp;ssl=1 1280w, https:\/\/i0.wp.com\/www.zvornikdanas.com\/wp-content\/uploads\/2022\/02\/po\u017ear-u-manastiru-bijele-vode.jpg?resize=300%2C169&amp;ssl=1 300w, https:\/\/i0.wp.com\/www.zvornikdanas.com\/wp-content\/uploads\/2022\/02\/po\u017ear-u-manastiru-bijele-vode.jpg?resize=610%2C343&amp;ssl=1 610w, https:\/\/i0.wp.com\/www.zvornikdanas.com\/wp-content\/uploads\/2022\/02\/po\u017ear-u-manastiru-bijele-vode.jpg?resize=768%2C432&amp;ssl=1 768w, https:\/\/i0.wp.com\/www.zvornikdanas.com\/wp-content\/uploads\/2022\/02\/po\u017ear-u-manastiru-bijele-vode.jpg?resize=390%2C220&amp;ssl=1 390w\" sizes=\"(max-width: 696px) 100vw, 696px\" data-recalc-dims=\"1\"\/><\/figure>\n<p>\u201eJedno vatrogasno vozilo je brzo stiglo i po\u010delo je ga\u0161enje, a dva su se zaglavila, zbog velikog uspona i poledice na putu pa ih je bager \u010dupao da iza\u0111u i da se uklju\u010de u ga\u0161enje\u201c, pri\u010da iguman, izra\u017eavaju\u0107i zahvalnost svima koji su pritekli u pomo\u0107 i gasili vatru.<\/p>\n<p>Prema njegovim rije\u010dima, vatra je zahvatila potkrovlje konaka \u010dija je povr\u0161ina 300 metara kvadratnih.<\/p>\n<figure class=\"wp-block-image size-full\"><img loading=\"lazy\" decoding=\"async\" width=\"696\" height=\"928\" data-attachment-id=\"247926\" data-permalink=\"https:\/\/www.zvornikdanas.com\/2022\/02\/veliki-pozar-u-manastiru-bijele-vode-kod-ljubovije\/pozar-u-manastiru-bijele-vode-2\/\" data-orig-file=\"https:\/\/i0.wp.com\/www.zvornikdanas.com\/wp-content\/uploads\/2022\/02\/po\u017ear-u-manastiru-bijele-vode-2.jpg?fit=960%2C1280&amp;ssl=1\" data-orig-size=\"960,1280\" data-comments-opened=\"1\" data-image-meta=\"{&quot;aperture&quot;:&quot;0&quot;,&quot;credit&quot;:&quot;&quot;,&quot;camera&quot;:&quot;&quot;,&quot;caption&quot;:&quot;&quot;,&quot;created_timestamp&quot;:&quot;0&quot;,&quot;copyright&quot;:&quot;&quot;,&quot;focal_length&quot;:&quot;0&quot;,&quot;iso&quot;:&quot;0&quot;,&quot;shutter_speed&quot;:&quot;0&quot;,&quot;title&quot;:&quot;&quot;,&quot;orientation&quot;:&quot;0&quot;}\" data-image-title=\"po\u017ear u manastiru bijele vode (2)\" data-image-description=\"\" data-image-caption=\"\" data-medium-file=\"https:\/\/i0.wp.com\/www.zvornikdanas.com\/wp-content\/uploads\/2022\/02\/po\u017ear-u-manastiru-bijele-vode-2.jpg?fit=225%2C300&amp;ssl=1\" data-large-file=\"https:\/\/i0.wp.com\/www.zvornikdanas.com\/wp-content\/uploads\/2022\/02\/po\u017ear-u-manastiru-bijele-vode-2.jpg?fit=458%2C610&amp;ssl=1\" src=\"https:\/\/i0.wp.com\/www.zvornikdanas.com\/wp-content\/uploads\/2022\/02\/po\u017ear-u-manastiru-bijele-vode-2.jpg?resize=696%2C928&amp;ssl=1\" alt=\"po\u017ear u manastiru bijele vode 2\" class=\"wp-image-247926\" title=\"Manastir Bijele Vode: Zatekla ih hilandarska sudbina (foto\/video) 2\" srcset=\"https:\/\/i0.wp.com\/www.zvornikdanas.com\/wp-content\/uploads\/2022\/02\/po\u017ear-u-manastiru-bijele-vode-2.jpg?w=960&amp;ssl=1 960w, https:\/\/i0.wp.com\/www.zvornikdanas.com\/wp-content\/uploads\/2022\/02\/po\u017ear-u-manastiru-bijele-vode-2.jpg?resize=225%2C300&amp;ssl=1 225w, https:\/\/i0.wp.com\/www.zvornikdanas.com\/wp-content\/uploads\/2022\/02\/po\u017ear-u-manastiru-bijele-vode-2.jpg?resize=458%2C610&amp;ssl=1 458w, https:\/\/i0.wp.com\/www.zvornikdanas.com\/wp-content\/uploads\/2022\/02\/po\u017ear-u-manastiru-bijele-vode-2.jpg?resize=768%2C1024&amp;ssl=1 768w\" sizes=\"auto, (max-width: 696px) 100vw, 696px\" data-recalc-dims=\"1\"\/><\/figure>\n<p>\u201eIzgleda da je, prema procjeni vatrogasaca, do\u0161lo do pucanja dimnjaka i varni\u010denja koje je zapalilo krovnu konstrukciju, a onda i plafon, podove i grede pa je izgorio i sprat ispod potkrovlja dok je plo\u010da spasila prizemlje koje je tako\u0111e, o\u0161te\u0107eno i puno vode i \u010da\u0111i\u201c, poja\u0161njava iguman Serafim.<\/p>\n<p>Izgorjele su prostorije ukupne povr\u0161ine 600 metara kvadratnih.<\/p>\n<figure class=\"wp-block-image size-full\"><img loading=\"lazy\" decoding=\"async\" width=\"696\" height=\"522\" data-attachment-id=\"247959\" data-permalink=\"https:\/\/www.zvornikdanas.com\/2022\/02\/manastir-bele-vode-zatekla-ih-hilandarska-sudbina-foto-video\/srn2022-2-3_1343709_2\/\" data-orig-file=\"https:\/\/i0.wp.com\/www.zvornikdanas.com\/wp-content\/uploads\/2022\/02\/Srn2022-2-3_1343709_2.jpg?fit=1280%2C960&amp;ssl=1\" data-orig-size=\"1280,960\" data-comments-opened=\"1\" data-image-meta=\"{&quot;aperture&quot;:&quot;3.1&quot;,&quot;credit&quot;:&quot;\\u041c\\u0438\\u0440\\u043e \\u041f\\u0435\\u0458\\u0438\\u045b&quot;,&quot;camera&quot;:&quot;COOLPIX L340&quot;,&quot;caption&quot;:&quot;\\u0409\\u0423\\u0411\\u041e\\u0412\\u0418\\u0408\\u0410, 3. \\u0424\\u0415\\u0411\\u0420\\u0423\\u0410\\u0420\\u0410 \\\/\\u0421\\u0420\\u041d\\u0410\\\/ - \\u0411\\u0440\\u0430\\u0442\\u0441\\u0442\\u0432\\u043e \\u041c\\u0430\\u043d\\u0430\\u0441\\u0442\\u0438\\u0440\\u0430 \\u0421\\u0432\\u0435\\u0442\\u0435 \\u0422\\u0440\\u043e\\u0458\\u0438\\u0446\\u0435 \\u0443 \\u0411\\u0435\\u043b\\u0438\\u043c \\u0412\\u043e\\u0434\\u0430\\u043c\\u0430 \\u0438\\u0441\\u043f\\u043e\\u0434 \\u041d\\u0435\\u043c\\u0438\\u045b\\u0430, \\u0443 \\u043e\\u043f\\u0448\\u0442\\u0438\\u043d\\u0438 \\u0409\\u0443\\u0431\\u043e\\u0432\\u0438\\u0458\\u0430, \\u0434\\u043e\\u0436\\u0438\\u0432\\u0458\\u0435\\u043b\\u043e \\u0458\\u0435 \\u0445\\u0438\\u043b\\u0430\\u043d\\u0434\\u0430\\u0440\\u0441\\u043a\\u0443 \\u0441\\u0443\\u0434\\u0431\\u0438\\u043d\\u0443 \\u043a\\u0430\\u0434\\u0430 \\u0458\\u0435 \\u0443 \\u043f\\u043e\\u0436\\u0430\\u0440\\u0443 \\u0441\\u0438\\u043d\\u043e\\u045b \\u0438\\u0437\\u0433\\u043e\\u0440\\u0438\\u043e \\u043c\\u0430\\u043d\\u0430\\u0441\\u0442\\u0438\\u0440\\u0441\\u043a\\u0438 \\u043a\\u043e\\u043d\\u0430\\u043a.&quot;,&quot;created_timestamp&quot;:&quot;-62169984000&quot;,&quot;copyright&quot;:&quot;&quot;,&quot;focal_length&quot;:&quot;4&quot;,&quot;iso&quot;:&quot;80&quot;,&quot;shutter_speed&quot;:&quot;0.001&quot;,&quot;title&quot;:&quot;&quot;,&quot;orientation&quot;:&quot;1&quot;}\" data-image-title=\"Konak manastira Svete Trojice Bijele vode kod Ljubovioje posle po\u017eara\" data-image-description=\"\" data-image-caption=\"&lt;p&gt;Konak manastira Svete Trojice Bijele vode kod Ljubovioje posle po\u017eara&lt;\/p&gt;&#10;\" data-medium-file=\"https:\/\/i0.wp.com\/www.zvornikdanas.com\/wp-content\/uploads\/2022\/02\/Srn2022-2-3_1343709_2.jpg?fit=300%2C225&amp;ssl=1\" data-large-file=\"https:\/\/i0.wp.com\/www.zvornikdanas.com\/wp-content\/uploads\/2022\/02\/Srn2022-2-3_1343709_2.jpg?fit=610%2C458&amp;ssl=1\" src=\"https:\/\/i0.wp.com\/www.zvornikdanas.com\/wp-content\/uploads\/2022\/02\/Srn2022-2-3_1343709_2.jpg?resize=696%2C522&amp;ssl=1\" alt=\"Srn2022 2 3 1343709 2\" class=\"wp-image-247959\" title=\"Manastir Bijele Vode: Zatekla ih hilandarska sudbina (foto\/video) 3\" srcset=\"https:\/\/i0.wp.com\/www.zvornikdanas.com\/wp-content\/uploads\/2022\/02\/Srn2022-2-3_1343709_2.jpg?w=1280&amp;ssl=1 1280w, https:\/\/i0.wp.com\/www.zvornikdanas.com\/wp-content\/uploads\/2022\/02\/Srn2022-2-3_1343709_2.jpg?resize=300%2C225&amp;ssl=1 300w, https:\/\/i0.wp.com\/www.zvornikdanas.com\/wp-content\/uploads\/2022\/02\/Srn2022-2-3_1343709_2.jpg?resize=610%2C458&amp;ssl=1 610w, https:\/\/i0.wp.com\/www.zvornikdanas.com\/wp-content\/uploads\/2022\/02\/Srn2022-2-3_1343709_2.jpg?resize=768%2C576&amp;ssl=1 768w\" sizes=\"auto, (max-width: 696px) 100vw, 696px\" data-recalc-dims=\"1\"\/><figcaption> Foto: SRNA <\/figcaption><\/figure>\n<p>Iguman ka\u017ee da su zahvalni svima koji su pomogli i da treba pomenuti da su pristigli u pomo\u0107 i vatrogasci iz Malog Zvornika, Bajine Ba\u0161te kao i Bratunca iz Republike Srpske, odakle je stigla i grupa mladi\u0107a i dobrovoljno pristupila ga\u0161enju vatre.<\/p>\n<p>\u201eSre\u0107a je da niko od 20 \u010dlanova manastirskog bratstva nije nastradao. Materijalna \u0161teta je velika, ali je nadoknadiva. Za nekoliko \u010dasova imali smo vi\u0161e od hiljadu poziva iz celog sveta i ljudi su spremni da pru\u017ee pomo\u0107 bratstvu i obnovi manastirskog konaka, \u0161to nas ohrabruje\u201c, isti\u010de iguman Serafim.<\/p>\n<figure class=\"wp-block-image size-full\"><img loading=\"lazy\" decoding=\"async\" width=\"696\" height=\"522\" data-attachment-id=\"247960\" data-permalink=\"https:\/\/www.zvornikdanas.com\/2022\/02\/manastir-bele-vode-zatekla-ih-hilandarska-sudbina-foto-video\/srn2022-2-3_1343709_1\/\" data-orig-file=\"https:\/\/i0.wp.com\/www.zvornikdanas.com\/wp-content\/uploads\/2022\/02\/Srn2022-2-3_1343709_1.jpg?fit=1280%2C960&amp;ssl=1\" data-orig-size=\"1280,960\" data-comments-opened=\"1\" data-image-meta=\"{&quot;aperture&quot;:&quot;3.1&quot;,&quot;credit&quot;:&quot;\\u041c\\u0438\\u0440\\u043e \\u041f\\u0435\\u0458\\u0438\\u045b&quot;,&quot;camera&quot;:&quot;COOLPIX L340&quot;,&quot;caption&quot;:&quot;\\u0409\\u0423\\u0411\\u041e\\u0412\\u0418\\u0408\\u0410, 3. \\u0424\\u0415\\u0411\\u0420\\u0423\\u0410\\u0420\\u0410 \\\/\\u0421\\u0420\\u041d\\u0410\\\/ -  \\u0418\\u0433\\u0443\\u043c\\u0430\\u043d \\u041c\\u0430\\u043d\\u0430\\u0441\\u0442\\u0438\\u0440\\u0430 \\u0421\\u0432\\u0435\\u0442\\u0435 \\u0422\\u0440\\u043e\\u0458\\u0438\\u0446\\u0435 \\u0443 \\u0411\\u0435\\u043b\\u0438\\u043c \\u0412\\u043e\\u0434\\u0430\\u043c\\u0430 \\u0421\\u0435\\u0440\\u0430\\u0444\\u0438\\u043c.&quot;,&quot;created_timestamp&quot;:&quot;-62169984000&quot;,&quot;copyright&quot;:&quot;&quot;,&quot;focal_length&quot;:&quot;4&quot;,&quot;iso&quot;:&quot;80&quot;,&quot;shutter_speed&quot;:&quot;0.001&quot;,&quot;title&quot;:&quot;&quot;,&quot;orientation&quot;:&quot;1&quot;}\" data-image-title=\"Srn2022-2-3_1343709_1\" data-image-description=\"\" data-image-caption=\"&lt;p&gt;Foto: Srna&lt;\/p&gt;&#10;\" data-medium-file=\"https:\/\/i0.wp.com\/www.zvornikdanas.com\/wp-content\/uploads\/2022\/02\/Srn2022-2-3_1343709_1.jpg?fit=300%2C225&amp;ssl=1\" data-large-file=\"https:\/\/i0.wp.com\/www.zvornikdanas.com\/wp-content\/uploads\/2022\/02\/Srn2022-2-3_1343709_1.jpg?fit=610%2C458&amp;ssl=1\" src=\"https:\/\/i0.wp.com\/www.zvornikdanas.com\/wp-content\/uploads\/2022\/02\/Srn2022-2-3_1343709_1.jpg?resize=696%2C522&amp;ssl=1\" alt=\"Srn2022 2 3 1343709 1\" class=\"wp-image-247960\" title=\"Manastir Bijele Vode: Zatekla ih hilandarska sudbina (foto\/video) 4\" srcset=\"https:\/\/i0.wp.com\/www.zvornikdanas.com\/wp-content\/uploads\/2022\/02\/Srn2022-2-3_1343709_1.jpg?w=1280&amp;ssl=1 1280w, https:\/\/i0.wp.com\/www.zvornikdanas.com\/wp-content\/uploads\/2022\/02\/Srn2022-2-3_1343709_1.jpg?resize=300%2C225&amp;ssl=1 300w, https:\/\/i0.wp.com\/www.zvornikdanas.com\/wp-content\/uploads\/2022\/02\/Srn2022-2-3_1343709_1.jpg?resize=610%2C458&amp;ssl=1 610w, https:\/\/i0.wp.com\/www.zvornikdanas.com\/wp-content\/uploads\/2022\/02\/Srn2022-2-3_1343709_1.jpg?resize=768%2C576&amp;ssl=1 768w\" sizes=\"auto, (max-width: 696px) 100vw, 696px\" data-recalc-dims=\"1\"\/><figcaption> Foto: SRNA <\/figcaption><\/figure>\n<p>Zahvaljuju\u0107i dejstvu vatrogasaca, vatra se nije prenijela na crkvu i ostale objekte u manastirskom kompleksu.<\/p>\n<p>Manastirski konak je izgra\u0111en u periodu od 2006. do 2009. godine i kori\u0161ten je osam godina. Ne\u0161to stvari je izneseno prije nego \u0161to je vatra zahvatila cijeli objekat.<\/p>\n<figure class=\"wp-block-image size-full\"><img loading=\"lazy\" decoding=\"async\" width=\"696\" height=\"522\" data-attachment-id=\"247961\" data-permalink=\"https:\/\/www.zvornikdanas.com\/2022\/02\/manastir-bele-vode-zatekla-ih-hilandarska-sudbina-foto-video\/srn2022-2-3_1343709_0\/\" data-orig-file=\"https:\/\/i0.wp.com\/www.zvornikdanas.com\/wp-content\/uploads\/2022\/02\/Srn2022-2-3_1343709_0.jpg?fit=1280%2C960&amp;ssl=1\" data-orig-size=\"1280,960\" data-comments-opened=\"1\" data-image-meta=\"{&quot;aperture&quot;:&quot;5.5&quot;,&quot;credit&quot;:&quot;\\u041c\\u0438\\u0440\\u043e \\u041f\\u0435\\u0458\\u0438\\u045b&quot;,&quot;camera&quot;:&quot;COOLPIX L340&quot;,&quot;caption&quot;:&quot;\\u0409\\u0423\\u0411\\u041e\\u0412\\u0418\\u0408\\u0410, 3. \\u0424\\u0415\\u0411\\u0420\\u0423\\u0410\\u0420\\u0410 \\\/\\u0421\\u0420\\u041d\\u0410\\\/ - \\u0411\\u0440\\u0430\\u0442\\u0441\\u0442\\u0432\\u043e \\u041c\\u0430\\u043d\\u0430\\u0441\\u0442\\u0438\\u0440\\u0430 \\u0421\\u0432\\u0435\\u0442\\u0435 \\u0422\\u0440\\u043e\\u0458\\u0438\\u0446\\u0435 \\u0443 \\u0411\\u0435\\u043b\\u0438\\u043c \\u0412\\u043e\\u0434\\u0430\\u043c\\u0430 \\u0438\\u0441\\u043f\\u043e\\u0434 \\u041d\\u0435\\u043c\\u0438\\u045b\\u0430, \\u0443 \\u043e\\u043f\\u0448\\u0442\\u0438\\u043d\\u0438 \\u0409\\u0443\\u0431\\u043e\\u0432\\u0438\\u0458\\u0430, \\u0434\\u043e\\u0436\\u0438\\u0432\\u0458\\u0435\\u043b\\u043e \\u0458\\u0435 \\u0445\\u0438\\u043b\\u0430\\u043d\\u0434\\u0430\\u0440\\u0441\\u043a\\u0443 \\u0441\\u0443\\u0434\\u0431\\u0438\\u043d\\u0443 \\u043a\\u0430\\u0434\\u0430 \\u0458\\u0435 \\u0443 \\u043f\\u043e\\u0436\\u0430\\u0440\\u0443 \\u0441\\u0438\\u043d\\u043e\\u045b \\u0438\\u0437\\u0433\\u043e\\u0440\\u0438\\u043e \\u043c\\u0430\\u043d\\u0430\\u0441\\u0442\\u0438\\u0440\\u0441\\u043a\\u0438 \\u043a\\u043e\\u043d\\u0430\\u043a.&quot;,&quot;created_timestamp&quot;:&quot;-62169984000&quot;,&quot;copyright&quot;:&quot;&quot;,&quot;focal_length&quot;:&quot;38.6&quot;,&quot;iso&quot;:&quot;80&quot;,&quot;shutter_speed&quot;:&quot;0.008&quot;,&quot;title&quot;:&quot;&quot;,&quot;orientation&quot;:&quot;1&quot;}\" data-image-title=\"Srn2022-2-3_1343709_0\" data-image-description=\"\" data-image-caption=\"&lt;p&gt;\u0409\u0423\u0411\u041e\u0412\u0418\u0408\u0410, 3. \u0424\u0415\u0411\u0420\u0423\u0410\u0420\u0410 \/\u0421\u0420\u041d\u0410\/ \u2013 \u0411\u0440\u0430\u0442\u0441\u0442\u0432\u043e \u041c\u0430\u043d\u0430\u0441\u0442\u0438\u0440\u0430 \u0421\u0432\u0435\u0442\u0435 \u0422\u0440\u043e\u0458\u0438\u0446\u0435 \u0443 \u0411\u0435\u043b\u0438\u043c \u0412\u043e\u0434\u0430\u043c\u0430 \u0438\u0441\u043f\u043e\u0434 \u041d\u0435\u043c\u0438\u045b\u0430, \u0443 \u043e\u043f\u0448\u0442\u0438\u043d\u0438 \u0409\u0443\u0431\u043e\u0432\u0438\u0458\u0430, \u0434\u043e\u0436\u0438\u0432\u0458\u0435\u043b\u043e \u0458\u0435 \u0445\u0438\u043b\u0430\u043d\u0434\u0430\u0440\u0441\u043a\u0443 \u0441\u0443\u0434\u0431\u0438\u043d\u0443 \u043a\u0430\u0434\u0430 \u0458\u0435 \u0443 \u043f\u043e\u0436\u0430\u0440\u0443 \u0441\u0438\u043d\u043e\u045b \u0438\u0437\u0433\u043e\u0440\u0438\u043e \u043c\u0430\u043d\u0430\u0441\u0442\u0438\u0440\u0441\u043a\u0438 \u043a\u043e\u043d\u0430\u043a.&lt;\/p&gt;&#10;\" data-medium-file=\"https:\/\/i0.wp.com\/www.zvornikdanas.com\/wp-content\/uploads\/2022\/02\/Srn2022-2-3_1343709_0.jpg?fit=300%2C225&amp;ssl=1\" data-large-file=\"https:\/\/i0.wp.com\/www.zvornikdanas.com\/wp-content\/uploads\/2022\/02\/Srn2022-2-3_1343709_0.jpg?fit=610%2C458&amp;ssl=1\" src=\"https:\/\/i0.wp.com\/www.zvornikdanas.com\/wp-content\/uploads\/2022\/02\/Srn2022-2-3_1343709_0.jpg?resize=696%2C522&amp;ssl=1\" alt=\"Srn2022 2 3 1343709 0\" class=\"wp-image-247961\" title=\"Manastir Bijele Vode: Zatekla ih hilandarska sudbina (foto\/video) 5\" srcset=\"https:\/\/i0.wp.com\/www.zvornikdanas.com\/wp-content\/uploads\/2022\/02\/Srn2022-2-3_1343709_0.jpg?w=1280&amp;ssl=1 1280w, https:\/\/i0.wp.com\/www.zvornikdanas.com\/wp-content\/uploads\/2022\/02\/Srn2022-2-3_1343709_0.jpg?resize=300%2C225&amp;ssl=1 300w, https:\/\/i0.wp.com\/www.zvornikdanas.com\/wp-content\/uploads\/2022\/02\/Srn2022-2-3_1343709_0.jpg?resize=610%2C458&amp;ssl=1 610w, https:\/\/i0.wp.com\/www.zvornikdanas.com\/wp-content\/uploads\/2022\/02\/Srn2022-2-3_1343709_0.jpg?resize=768%2C576&amp;ssl=1 768w\" sizes=\"auto, (max-width: 696px) 100vw, 696px\" data-recalc-dims=\"1\"\/><figcaption> Foto: SRNA <\/figcaption><\/figure>\n<p>Iguman Serafim vjeruje da \u0107e ovaj objekat, uz Bo\u017eiju i pomo\u0107 dobrih ljudi, biti obnovljen u narednom periodu.<\/p>\n<p>On nagla\u0161ava da su sre\u0107om, nedavno zavr\u0161ili izgradnju i opremili jedan objekat za prijem gostiju i da se manastirsko bratsvo danas preseljava u taj objekat.<\/p>\n<figure class=\"wp-block-image size-full\"><img loading=\"lazy\" decoding=\"async\" width=\"696\" height=\"522\" data-attachment-id=\"247957\" data-permalink=\"https:\/\/www.zvornikdanas.com\/2022\/02\/manastir-bele-vode-zatekla-ih-hilandarska-sudbina-foto-video\/srn2022-2-3_1343709_4\/\" data-orig-file=\"https:\/\/i0.wp.com\/www.zvornikdanas.com\/wp-content\/uploads\/2022\/02\/Srn2022-2-3_1343709_4.jpg?fit=1280%2C960&amp;ssl=1\" data-orig-size=\"1280,960\" data-comments-opened=\"1\" data-image-meta=\"{&quot;aperture&quot;:&quot;9.9&quot;,&quot;credit&quot;:&quot;\\u041c\\u0438\\u0440\\u043e \\u041f\\u0435\\u0458\\u0438\\u045b&quot;,&quot;camera&quot;:&quot;COOLPIX L340&quot;,&quot;caption&quot;:&quot;\\u0409\\u0423\\u0411\\u041e\\u0412\\u0418\\u0408\\u0410, 3. \\u0424\\u0415\\u0411\\u0420\\u0423\\u0410\\u0420\\u0410 \\\/\\u0421\\u0420\\u041d\\u0410\\\/ - \\u0411\\u0440\\u0430\\u0442\\u0441\\u0442\\u0432\\u043e \\u041c\\u0430\\u043d\\u0430\\u0441\\u0442\\u0438\\u0440\\u0430 \\u0421\\u0432\\u0435\\u0442\\u0435 \\u0422\\u0440\\u043e\\u0458\\u0438\\u0446\\u0435 \\u0443 \\u0411\\u0435\\u043b\\u0438\\u043c \\u0412\\u043e\\u0434\\u0430\\u043c\\u0430 \\u0438\\u0441\\u043f\\u043e\\u0434 \\u041d\\u0435\\u043c\\u0438\\u045b\\u0430, \\u0443 \\u043e\\u043f\\u0448\\u0442\\u0438\\u043d\\u0438 \\u0409\\u0443\\u0431\\u043e\\u0432\\u0438\\u0458\\u0430, \\u0434\\u043e\\u0436\\u0438\\u0432\\u0458\\u0435\\u043b\\u043e \\u0458\\u0435 \\u0445\\u0438\\u043b\\u0430\\u043d\\u0434\\u0430\\u0440\\u0441\\u043a\\u0443 \\u0441\\u0443\\u0434\\u0431\\u0438\\u043d\\u0443 \\u043a\\u0430\\u0434\\u0430 \\u0458\\u0435 \\u0443 \\u043f\\u043e\\u0436\\u0430\\u0440\\u0443 \\u0441\\u0438\\u043d\\u043e\\u045b \\u0438\\u0437\\u0433\\u043e\\u0440\\u0438\\u043e \\u043c\\u0430\\u043d\\u0430\\u0441\\u0442\\u0438\\u0440\\u0441\\u043a\\u0438 \\u043a\\u043e\\u043d\\u0430\\u043a.&quot;,&quot;created_timestamp&quot;:&quot;-62169984000&quot;,&quot;copyright&quot;:&quot;&quot;,&quot;focal_length&quot;:&quot;4&quot;,&quot;iso&quot;:&quot;80&quot;,&quot;shutter_speed&quot;:&quot;0.004&quot;,&quot;title&quot;:&quot;&quot;,&quot;orientation&quot;:&quot;1&quot;}\" data-image-title=\"Srn2022-2-3_1343709_4\" data-image-description=\"\" data-image-caption=\"&lt;p&gt;Foto: Srna&lt;\/p&gt;&#10;\" data-medium-file=\"https:\/\/i0.wp.com\/www.zvornikdanas.com\/wp-content\/uploads\/2022\/02\/Srn2022-2-3_1343709_4.jpg?fit=300%2C225&amp;ssl=1\" data-large-file=\"https:\/\/i0.wp.com\/www.zvornikdanas.com\/wp-content\/uploads\/2022\/02\/Srn2022-2-3_1343709_4.jpg?fit=610%2C458&amp;ssl=1\" src=\"https:\/\/i0.wp.com\/www.zvornikdanas.com\/wp-content\/uploads\/2022\/02\/Srn2022-2-3_1343709_4.jpg?resize=696%2C522&amp;ssl=1\" alt=\"Srn2022 2 3 1343709 4\" class=\"wp-image-247957\" title=\"Manastir Bijele Vode: Zatekla ih hilandarska sudbina (foto\/video) 6\" srcset=\"https:\/\/i0.wp.com\/www.zvornikdanas.com\/wp-content\/uploads\/2022\/02\/Srn2022-2-3_1343709_4.jpg?w=1280&amp;ssl=1 1280w, https:\/\/i0.wp.com\/www.zvornikdanas.com\/wp-content\/uploads\/2022\/02\/Srn2022-2-3_1343709_4.jpg?resize=300%2C225&amp;ssl=1 300w, https:\/\/i0.wp.com\/www.zvornikdanas.com\/wp-content\/uploads\/2022\/02\/Srn2022-2-3_1343709_4.jpg?resize=610%2C458&amp;ssl=1 610w, https:\/\/i0.wp.com\/www.zvornikdanas.com\/wp-content\/uploads\/2022\/02\/Srn2022-2-3_1343709_4.jpg?resize=768%2C576&amp;ssl=1 768w\" sizes=\"auto, (max-width: 696px) 100vw, 696px\" data-recalc-dims=\"1\"\/><figcaption>Foto: Srna<\/figcaption><\/figure>\n<p>Monasi i isku\u0161enici su uklju\u010deni u ra\u0161\u010di\u0161\u0107avanje prostora oko po\u017eari\u0161ta dok vatrogasci jo\u0161 de\u017euraju i gase vatru koja tinja iz pojedinih nesagorjelih greda.<\/p>\n<p>\u010clanovi brojnog bratstva ovog manastira posve\u0107eni su molitvi i spremni na \u017ertvovanje da obnove uni\u0161teno. Zahvalni su svima, a posebno bra\u0107i iz Republike Srpske na nesebi\u010dnoj pomo\u0107i.<\/p>\n<p>Neboj\u0161a Ili\u0107 iz Bratunca jedan je iz grupe Bratun\u010dana koji se odazvao na \u201eViber\u201c poruku za pomo\u0107 u ga\u0161enju manastirskog konaka u Belim Vodama.<\/p>\n<p>\u201eUspjeli smo iza\u0107i vozilom do zaglavljenih cisterni i onda smo pje\u0161ice nastavili i uklju\u010dili se u ga\u0161enje i spre\u010davanje \u0161irenja vatrene stihije prema crkvi i ostalim objektima. Nije bilo nikakvih izgleda da se lokalizuje po\u017ear na zahva\u0107enom manastirskom konaku, jer je vatra zahvatila kompletan krov i sprat objekta, gdje je pri\u010dinjena totalna \u0161teta\u201c, rekao je Ili\u0107 Srni.<\/p>\n<p>Vatrogasci iz LJubovije i danas de\u017euraju kod po\u017eari\u0161ta i povremeno gase grede iz kojih se pojavi dim i plamen, jer jo\u0161 nisu sagorjele.<\/p>\n<figure class=\"wp-block-image size-full\"><img loading=\"lazy\" decoding=\"async\" width=\"696\" height=\"389\" data-attachment-id=\"247958\" data-permalink=\"https:\/\/www.zvornikdanas.com\/2022\/02\/manastir-bele-vode-zatekla-ih-hilandarska-sudbina-foto-video\/srn2022-2-3_1343709_5\/\" data-orig-file=\"https:\/\/i0.wp.com\/www.zvornikdanas.com\/wp-content\/uploads\/2022\/02\/Srn2022-2-3_1343709_5.jpg?fit=1280%2C715&amp;ssl=1\" data-orig-size=\"1280,715\" data-comments-opened=\"1\" data-image-meta=\"{&quot;aperture&quot;:&quot;9.9&quot;,&quot;credit&quot;:&quot;\\u041c\\u0438\\u0440\\u043e \\u041f\\u0435\\u0458\\u0438\\u045b&quot;,&quot;camera&quot;:&quot;COOLPIX L340&quot;,&quot;caption&quot;:&quot;\\u0409\\u0423\\u0411\\u041e\\u0412\\u0418\\u0408\\u0410, 3. \\u0424\\u0415\\u0411\\u0420\\u0423\\u0410\\u0420\\u0410 \\\/\\u0421\\u0420\\u041d\\u0410\\\/ - \\u0411\\u0440\\u0430\\u0442\\u0441\\u0442\\u0432\\u043e \\u041c\\u0430\\u043d\\u0430\\u0441\\u0442\\u0438\\u0440\\u0430 \\u0421\\u0432\\u0435\\u0442\\u0435 \\u0422\\u0440\\u043e\\u0458\\u0438\\u0446\\u0435 \\u0443 \\u0411\\u0435\\u043b\\u0438\\u043c \\u0412\\u043e\\u0434\\u0430\\u043c\\u0430 \\u0438\\u0441\\u043f\\u043e\\u0434 \\u041d\\u0435\\u043c\\u0438\\u045b\\u0430, \\u0443 \\u043e\\u043f\\u0448\\u0442\\u0438\\u043d\\u0438 \\u0409\\u0443\\u0431\\u043e\\u0432\\u0438\\u0458\\u0430, \\u0434\\u043e\\u0436\\u0438\\u0432\\u0458\\u0435\\u043b\\u043e \\u0458\\u0435 \\u0445\\u0438\\u043b\\u0430\\u043d\\u0434\\u0430\\u0440\\u0441\\u043a\\u0443 \\u0441\\u0443\\u0434\\u0431\\u0438\\u043d\\u0443 \\u043a\\u0430\\u0434\\u0430 \\u0458\\u0435 \\u0443 \\u043f\\u043e\\u0436\\u0430\\u0440\\u0443 \\u0441\\u0438\\u043d\\u043e\\u045b \\u0438\\u0437\\u0433\\u043e\\u0440\\u0438\\u043e \\u043c\\u0430\\u043d\\u0430\\u0441\\u0442\\u0438\\u0440\\u0441\\u043a\\u0438 \\u043a\\u043e\\u043d\\u0430\\u043a.&quot;,&quot;created_timestamp&quot;:&quot;-62169984000&quot;,&quot;copyright&quot;:&quot;&quot;,&quot;focal_length&quot;:&quot;4&quot;,&quot;iso&quot;:&quot;80&quot;,&quot;shutter_speed&quot;:&quot;0.003125&quot;,&quot;title&quot;:&quot;&quot;,&quot;orientation&quot;:&quot;1&quot;}\" data-image-title=\"Srn2022-2-3_1343709_5\" data-image-description=\"\" data-image-caption=\"&lt;p&gt;Foto: Srna&lt;\/p&gt;&#10;\" data-medium-file=\"https:\/\/i0.wp.com\/www.zvornikdanas.com\/wp-content\/uploads\/2022\/02\/Srn2022-2-3_1343709_5.jpg?fit=300%2C168&amp;ssl=1\" data-large-file=\"https:\/\/i0.wp.com\/www.zvornikdanas.com\/wp-content\/uploads\/2022\/02\/Srn2022-2-3_1343709_5.jpg?fit=610%2C341&amp;ssl=1\" src=\"https:\/\/i0.wp.com\/www.zvornikdanas.com\/wp-content\/uploads\/2022\/02\/Srn2022-2-3_1343709_5.jpg?resize=696%2C389&amp;ssl=1\" alt=\"Srn2022 2 3 1343709 5\" class=\"wp-image-247958\" title=\"Manastir Bijele Vode: Zatekla ih hilandarska sudbina (foto\/video) 7\" srcset=\"https:\/\/i0.wp.com\/www.zvornikdanas.com\/wp-content\/uploads\/2022\/02\/Srn2022-2-3_1343709_5.jpg?w=1280&amp;ssl=1 1280w, https:\/\/i0.wp.com\/www.zvornikdanas.com\/wp-content\/uploads\/2022\/02\/Srn2022-2-3_1343709_5.jpg?resize=300%2C168&amp;ssl=1 300w, https:\/\/i0.wp.com\/www.zvornikdanas.com\/wp-content\/uploads\/2022\/02\/Srn2022-2-3_1343709_5.jpg?resize=610%2C341&amp;ssl=1 610w, https:\/\/i0.wp.com\/www.zvornikdanas.com\/wp-content\/uploads\/2022\/02\/Srn2022-2-3_1343709_5.jpg?resize=768%2C429&amp;ssl=1 768w\" sizes=\"auto, (max-width: 696px) 100vw, 696px\" data-recalc-dims=\"1\"\/><figcaption>Foto: Srna<\/figcaption><\/figure>\n<p>Prema rije\u010dima vatrogasaca, vatra se brzo pro\u0161irila i nije bilo nikakvog izgleda da se spasi drvena konstrukcija, koja je bila premazana lakom i kojom se vatra munjevito pro\u0161irila na cijelo potkrovlje, a zatim i sprat ispod greda.<\/p>\n<p>Na pitanje kako \u0107e se nastaviti manastirski \u017eivot u Belim Vodama, \u010dlanovi mona\u0161kog bratstva pokaza\u0161e na natpis na ulazu u objekat za prijem gostiju gdje se citira poruka NJegove svetosti bla\u017eenopo\u010div\u0161eg patrijarha srpskog Pavla: \u201ePro\u0107i \u0107e sve! Samo du\u0161a, obraz i ono \u0161to je dobro ostaju zauvek\u201c.<\/p>\n<figure class=\"wp-block-embed-youtube wp-block-embed is-type-video is-provider-youtube wp-embed-aspect-16-9 wp-has-aspect-ratio\">\n<p>\n<iframe loading=\"lazy\" title=\"Po\u017ear u manastiru Bijele vode\" width=\"640\" height=\"360\" src=\"https:\/\/www.youtube.com\/embed\/aVFmOXfGN6I?feature=oembed\" frameborder=\"0\" allow=\"accelerometer; autoplay; clipboard-write; encrypted-media; gyroscope; picture-in-picture; web-share\" referrerpolicy=\"strict-origin-when-cross-origin\" allowfullscreen><\/iframe>\n<\/p>\n<\/figure>\n<\/div>\n<p><a href=\"https:\/\/www.zvornikdanas.com\/2022\/02\/manastir-bele-vode-zatekla-ih-hilandarska-sudbina-foto-video\/\" target=\"_blank\" rel=\"noopener\">Source link <\/a><br \/>\n\n Zatekla ih hilandarska sudbina (foto\/video) \u00bb Zvornik Danas<\/p>\n","protected":false},"excerpt":{"rendered":"<p>Bratstvo Manastira Svete Trojice u Bijelim Vodama ispod Nemi\u0107a, u op\u0161tini LJubovija, do\u017eivjelo je hilandarsku sudbinu kada je u po\u017earu&hellip;<\/p>\n","protected":false},"author":1,"featured_media":3587,"comment_status":"open","ping_status":"open","sticky":false,"template":"","format":"standard","meta":{"footnotes":""},"categories":[1],"tags":[],"class_list":["post-3585","post","type-post","status-publish","format-standard","has-post-thumbnail","hentry","category-oglasi-ljubovija"],"_links":{"self":[{"href":"https:\/\/oglasi.infooglasi.rs\/oglasi\/oglasiljubovija\/wp-json\/wp\/v2\/posts\/3585","targetHints":{"allow":["GET"]}}],"collection":[{"href":"https:\/\/oglasi.infooglasi.rs\/oglasi\/oglasiljubovija\/wp-json\/wp\/v2\/posts"}],"about":[{"href":"https:\/\/oglasi.infooglasi.rs\/oglasi\/oglasiljubovija\/wp-json\/wp\/v2\/types\/post"}],"author":[{"embeddable":true,"href":"https:\/\/oglasi.infooglasi.rs\/oglasi\/oglasiljubovija\/wp-json\/wp\/v2\/users\/1"}],"replies":[{"embeddable":true,"href":"https:\/\/oglasi.infooglasi.rs\/oglasi\/oglasiljubovija\/wp-json\/wp\/v2\/comments?post=3585"}],"version-history":[{"count":0,"href":"https:\/\/oglasi.infooglasi.rs\/oglasi\/oglasiljubovija\/wp-json\/wp\/v2\/posts\/3585\/revisions"}],"wp:featuredmedia":[{"embeddable":true,"href":"https:\/\/oglasi.infooglasi.rs\/oglasi\/oglasiljubovija\/wp-json\/wp\/v2\/media\/3587"}],"wp:attachment":[{"href":"https:\/\/oglasi.infooglasi.rs\/oglasi\/oglasiljubovija\/wp-json\/wp\/v2\/media?parent=3585"}],"wp:term":[{"taxonomy":"category","embeddable":true,"href":"https:\/\/oglasi.infooglasi.rs\/oglasi\/oglasiljubovija\/wp-json\/wp\/v2\/categories?post=3585"},{"taxonomy":"post_tag","embeddable":true,"href":"https:\/\/oglasi.infooglasi.rs\/oglasi\/oglasiljubovija\/wp-json\/wp\/v2\/tags?post=3585"}],"curies":[{"name":"wp","href":"https:\/\/api.w.org\/{rel}","templated":true}]}}