{"id":3617,"date":"2024-04-23T22:58:47","date_gmt":"2024-04-23T20:58:47","guid":{"rendered":"https:\/\/oglasi.infooglasi.rs\/oglasi\/oglasiljubovija\/zbog-poplava-vanredno-stanje-u-ivanjici-u-14-opstina-vanredna-situacija-foto-video-drustvo-oglasi-ljubovija\/"},"modified":"2024-04-23T22:58:47","modified_gmt":"2024-04-23T20:58:47","slug":"zbog-poplava-vanredno-stanje-u-ivanjici-u-14-opstina-vanredna-situacija-foto-video-drustvo-oglasi-ljubovija","status":"publish","type":"post","link":"https:\/\/oglasi.infooglasi.rs\/oglasi\/oglasiljubovija\/zbog-poplava-vanredno-stanje-u-ivanjici-u-14-opstina-vanredna-situacija-foto-video-drustvo-oglasi-ljubovija\/","title":{"rendered":"Zbog poplava vanredno stanje u Ivanjici, u 14 op\u0161tina vanredna situacija (FOTO, VIDEO) &#8211; Dru\u0161tvo &#8211; OGLASI LJUBOVIJA"},"content":{"rendered":"<p><\/p>\n<div>\n<div class=\"font-medium post-intro-content content\">\n<p>Zbog rasta vodostaja i poplava vanredno stanje progla\u0161eno je u Ivanjici, a vanredna situacija je na snazi u jo\u0161 14 op\u0161tina \u2013 Ose\u010dini, Krupnju, Loznici, Ljuboviji, Malom Zvorniku, Arilju, Kosjeri\u0107u, Lu\u010danima, Kraljevu, Ljigu, Mionici, Vladimircima, Koceljevi i Trsteniku.<\/p>\n<\/div>\n<p>Poplavljeno je vi\u0161e od 700 doma\u0107instava, a pripadnici Sektora za vanredne situacije MUP-a Srbije evakuisali su danas i u ponedeljak 71 osobu sa ovih teritorija.<\/p>\n<p>Ministar unutra\u0161njih poslova Srbije Neboj\u0161a Stefanovi\u0107 izjavio je danas popodne da je ve\u0107ina vodotoka u Srbiji u opadanju i da je stanje povoljnije nego nekoliko sati ranije, prenosi Beta.<\/p>\n<p>Po\u0161to se po prognozi Republi\u010dkog hidrometeorolo\u0161kog zavoda Srbije o\u010dekuje postepeni prestanak ki\u0161e, u naredna 24 sata trebalo bi da stanje bude \u201edaleko bolje\u201c, da \u0107e \u201eopasnost biti iza nas\u201c, rekao je ministar u Ose\u010dini, saop\u0161tio je MUP.<\/p>\n<p><a href=\"https:\/\/www.danas.rs\/drustvo\/brnabic-najteza-situacija-na-putu-arilje-ivanjica\/\" target=\"_blank\" rel=\"noopener noreferrer\" data-wpel-link=\"internal\">U Srbiji je u 12 lokalnih samouprava progla\u0161ena vanredna situacija zbog poplava, a premijerka Srbije Ana Brnabi\u0107 rekla je danas da je do poplava do\u0161lo zbog ekstremnih padavina u poslednjih 48 sati.<\/a><\/p>\n<p>Prema re\u010dima nadle\u017enih, Ivanjica je ostala bez pija\u0107e vode jer je poplavljen vodozahvat.<\/p>\n<p>Na teritorji Ivanjice poplavljeno je nekoliko stotina ku\u0107a, jedno doma\u0107instvo je evakuisano, a poplavljen je i veliki broj firmi, puteva i mostova.<\/p>\n<p>U selu Kamenja\u010da kod Ivanjice voda je odnela celu \u0161talu sa \u017eivotinjama.<\/p>\n<p>Odse\u010den je regionalni put Ivanjica-Arilje, kao i putni pravaci prema Osonici, Pridvorici, Grabovici i \u0160umama.<\/p>\n<p>U Klisuri kod Ivanjice nabujala reka odnela je deo magistralnog puta.<\/p>\n<div data-carousel-extra=\"{&quot;blog_id&quot;:1,&quot;permalink&quot;:&quot;https:\\\/\\\/www.danas.rs\\\/vesti\\\/drustvo\\\/zbog-poplava-vanredno-stanje-u-ivanjici-u-14-opstina-vanredna-situacija\\\/&quot;}\" class=\"tiled-gallery type-rectangular\" data-original-width=\"500\">\n<div class=\"gallery-row\" style=\"width: 495px; height: 137px;\">\n<div class=\"gallery-group images-1\" style=\"width: 247px; height: 141px;\">\n<div class=\"tiled-gallery-item tiled-gallery-item-small\"><a href=\"https:\/\/www.danas.rs\/pripadnici-mup-a-evakuisu-stanovnistvo-zbog-poplava-8\/\" data-wpel-link=\"internal\" target=\"_blank\" rel=\"noopener\"><img loading=\"lazy\" decoding=\"async\" data-attachment-id=\"1135675\" data-orig-file=\"https:\/\/www.danas.rs\/wp-content\/uploads\/2020\/06\/Beta-zsq2d86vru-e1592906157164.jpg\" data-orig-size=\"900,506\" data-comments-opened=\"1\" data-image-meta=\"{&quot;aperture&quot;:&quot;0&quot;,&quot;credit&quot;:&quot;&quot;,&quot;camera&quot;:&quot;&quot;,&quot;caption&quot;:&quot;&quot;,&quot;created_timestamp&quot;:&quot;0&quot;,&quot;copyright&quot;:&quot;&quot;,&quot;focal_length&quot;:&quot;0&quot;,&quot;iso&quot;:&quot;0&quot;,&quot;shutter_speed&quot;:&quot;0&quot;,&quot;title&quot;:&quot;&quot;,&quot;orientation&quot;:&quot;0&quot;}\" data-image-title=\"Pripadnici Sektor za vanredne situacije, poplava, evakuacija, poplave, Loznica, Mali Zvornik, Krupanj, Ose\u010dina, Mionica, Lu\u010dani, Ljubovija, Kosjeri\u0107, Arilje\" data-image-description=\"&lt;p&gt;Ljubovija, 26.06.2020. \u2013 Pripadnici Sektora za vanredne situacije Ministarstva unutrasnjih poslova, usled obilnih padavina, 24 casa dnevno su u pripravnosti i nadziru sve vodotokove, pruzaju pomoc stanovnistvu i evakuisu gradjane Srbije u svim ugrozenim opstinama. Tokom danasnjeg dana, proglasena je vanredna situacija u gradu Loznica, opstinama Mali Zvornik, Krupanj, Osesina, Mionica, Lucani i na delu opstina Ljubovija, Kosjeric i Arilje. (BETAPHOTO\/MUP SRBIJE\/MO)&lt;\/p&gt;&#10;\" data-medium-file=\"https:\/\/www.danas.rs\/wp-content\/uploads\/2020\/06\/Beta-zsq2d86vru-e1592906157164-300x169.jpg\" data-large-file=\"https:\/\/www.danas.rs\/wp-content\/uploads\/2020\/06\/Beta-zsq2d86vru-e1592906157164.jpg\" src=\"https:\/\/www.danas.rs\/wp-content\/uploads\/2020\/06\/Beta-zsq2d86vru-e1592906157164-243x137.jpg\" width=\"243\" height=\"137\" align=\"left\" title=\"Pripadnici Sektor za vanredne situacije, poplava, evakuacija, poplave, Loznica, Mali Zvornik, Krupanj, Ose\u010dina, Mionica, Lu\u010dani, Ljubovija, Kosjeri\u0107, Arilje\" alt=\"Zbog poplava vanredno stanje u Ivanjici, u 14 op\u0161tina vanredna situacija (FOTO, VIDEO) 2\"\/><\/a><\/p>\n<p>Foto: Beta\/MUP Srbije<\/p>\n<\/div>\n<\/div>\n<div class=\"gallery-group images-1\" style=\"width: 248px; height: 141px;\">\n<div class=\"tiled-gallery-item tiled-gallery-item-small\"><a href=\"https:\/\/www.danas.rs\/pripadnici-mup-a-evakuisu-stanovnistvo-zbog-poplava-6\/\" data-wpel-link=\"internal\" target=\"_blank\" rel=\"noopener\"><img loading=\"lazy\" decoding=\"async\" data-attachment-id=\"1135673\" data-orig-file=\"https:\/\/www.danas.rs\/wp-content\/uploads\/2020\/06\/Beta-usl3fx6jpg-e1592906131322.jpg\" data-orig-size=\"1000,562\" data-comments-opened=\"1\" data-image-meta=\"{&quot;aperture&quot;:&quot;0&quot;,&quot;credit&quot;:&quot;&quot;,&quot;camera&quot;:&quot;&quot;,&quot;caption&quot;:&quot;&quot;,&quot;created_timestamp&quot;:&quot;0&quot;,&quot;copyright&quot;:&quot;&quot;,&quot;focal_length&quot;:&quot;0&quot;,&quot;iso&quot;:&quot;0&quot;,&quot;shutter_speed&quot;:&quot;0&quot;,&quot;title&quot;:&quot;&quot;,&quot;orientation&quot;:&quot;0&quot;}\" data-image-title=\"Pripadnici Sektor za vanredne situacije, poplava, evakuacija, poplave, Loznica, Mali Zvornik, Krupanj, Ose\u010dina, Mionica, Lu\u010dani, Ljubovija, Kosjeri\u0107, Arilje\" data-image-description=\"&lt;p&gt;Osecina, 26.06.2020. \u2013 Pripadnici Sektora za vanredne situacije Ministarstva unutrasnjih poslova, usled obilnih padavina, 24 casa dnevno su u pripravnosti i nadziru sve vodotokove, pruzaju pomoc stanovnistvu i evakuisu gradjane Srbije u svim ugrozenim opstinama. Tokom danasnjeg dana, proglasena je vanredna situacija u gradu Loznica, opstinama Mali Zvornik, Krupanj, Osesina, Mionica, Lucani i na delu opstina Ljubovija, Kosjeric i Arilje. (BETAPHOTO\/MUP SRBIJE\/MO)&lt;\/p&gt;&#10;\" data-medium-file=\"https:\/\/www.danas.rs\/wp-content\/uploads\/2020\/06\/Beta-usl3fx6jpg-e1592906131322-300x169.jpg\" data-large-file=\"https:\/\/www.danas.rs\/wp-content\/uploads\/2020\/06\/Beta-usl3fx6jpg-e1592906131322.jpg\" src=\"https:\/\/www.danas.rs\/wp-content\/uploads\/2020\/06\/Beta-usl3fx6jpg-e1592906131322-244x137.jpg\" width=\"244\" height=\"137\" align=\"left\" title=\"Pripadnici Sektor za vanredne situacije, poplava, evakuacija, poplave, Loznica, Mali Zvornik, Krupanj, Ose\u010dina, Mionica, Lu\u010dani, Ljubovija, Kosjeri\u0107, Arilje\" alt=\"Zbog poplava vanredno stanje u Ivanjici, u 14 op\u0161tina vanredna situacija (FOTO, VIDEO) 3\"\/><\/a><\/p>\n<p>Foto: Beta\/MUP Srbije<\/p>\n<\/div>\n<\/div>\n<\/div>\n<div class=\"gallery-row\" style=\"width: 495px; height: 137px;\">\n<div class=\"gallery-group images-1\" style=\"width: 248px; height: 141px;\">\n<div class=\"tiled-gallery-item tiled-gallery-item-small\"><a href=\"https:\/\/www.danas.rs\/pripadnici-mup-a-evakuisu-stanovnistvo-zbog-poplava-5\/\" data-wpel-link=\"internal\" target=\"_blank\" rel=\"noopener\"><img loading=\"lazy\" decoding=\"async\" data-attachment-id=\"1135672\" data-orig-file=\"https:\/\/www.danas.rs\/wp-content\/uploads\/2020\/06\/Beta-l0bd79kh84-e1592906115896.jpg\" data-orig-size=\"1000,562\" data-comments-opened=\"1\" data-image-meta=\"{&quot;aperture&quot;:&quot;0&quot;,&quot;credit&quot;:&quot;&quot;,&quot;camera&quot;:&quot;&quot;,&quot;caption&quot;:&quot;&quot;,&quot;created_timestamp&quot;:&quot;0&quot;,&quot;copyright&quot;:&quot;&quot;,&quot;focal_length&quot;:&quot;0&quot;,&quot;iso&quot;:&quot;0&quot;,&quot;shutter_speed&quot;:&quot;0&quot;,&quot;title&quot;:&quot;&quot;,&quot;orientation&quot;:&quot;0&quot;}\" data-image-title=\"Pripadnici Sektor za vanredne situacije, poplava, evakuacija, poplave, Loznica, Mali Zvornik, Krupanj, Ose\u010dina, Mionica, Lu\u010dani, Ljubovija, Kosjeri\u0107, Arilje\" data-image-description=\"&lt;p&gt;Kosjeric, 26.06.2020. \u2013 Pripadnici Sektora za vanredne situacije Ministarstva unutrasnjih poslova, usled obilnih padavina, 24 casa dnevno su u pripravnosti i nadziru sve vodotokove, pruzaju pomoc stanovnistvu i evakuisu gradjane Srbije u svim ugrozenim opstinama. Tokom danasnjeg dana, proglasena je vanredna situacija u gradu Loznica, opstinama Mali Zvornik, Krupanj, Osesina, Mionica, Lucani i na delu opstina Ljubovija, Kosjeric i Arilje. (BETAPHOTO\/MUP SRBIJE\/MO)&lt;\/p&gt;&#10;\" data-medium-file=\"https:\/\/www.danas.rs\/wp-content\/uploads\/2020\/06\/Beta-l0bd79kh84-e1592906115896-300x169.jpg\" data-large-file=\"https:\/\/www.danas.rs\/wp-content\/uploads\/2020\/06\/Beta-l0bd79kh84-e1592906115896.jpg\" src=\"https:\/\/www.danas.rs\/wp-content\/uploads\/2020\/06\/Beta-l0bd79kh84-e1592906115896-244x137.jpg\" width=\"244\" height=\"137\" align=\"left\" title=\"Pripadnici Sektor za vanredne situacije, poplava, evakuacija, poplave, Loznica, Mali Zvornik, Krupanj, Ose\u010dina, Mionica, Lu\u010dani, Ljubovija, Kosjeri\u0107, Arilje\" alt=\"Zbog poplava vanredno stanje u Ivanjici, u 14 op\u0161tina vanredna situacija (FOTO, VIDEO) 4\"\/><\/a><\/p>\n<p>Foto: Beta\/MUP Srbije<\/p>\n<\/div>\n<\/div>\n<div class=\"gallery-group images-1\" style=\"width: 247px; height: 141px;\">\n<div class=\"tiled-gallery-item tiled-gallery-item-small\"><a href=\"https:\/\/www.danas.rs\/pripadnici-mup-a-evakuisu-stanovnistvo-zbog-poplava-4\/\" data-wpel-link=\"internal\" target=\"_blank\" rel=\"noopener\"><img loading=\"lazy\" decoding=\"async\" data-attachment-id=\"1135671\" data-orig-file=\"https:\/\/www.danas.rs\/wp-content\/uploads\/2020\/06\/Beta-gdn2jxnzla-e1592906099182.jpg\" data-orig-size=\"999,562\" data-comments-opened=\"1\" data-image-meta=\"{&quot;aperture&quot;:&quot;0&quot;,&quot;credit&quot;:&quot;&quot;,&quot;camera&quot;:&quot;&quot;,&quot;caption&quot;:&quot;&quot;,&quot;created_timestamp&quot;:&quot;0&quot;,&quot;copyright&quot;:&quot;&quot;,&quot;focal_length&quot;:&quot;0&quot;,&quot;iso&quot;:&quot;0&quot;,&quot;shutter_speed&quot;:&quot;0&quot;,&quot;title&quot;:&quot;&quot;,&quot;orientation&quot;:&quot;0&quot;}\" data-image-title=\"Pripadnici Sektor za vanredne situacije, poplava, evakuacija, poplave, Loznica, Mali Zvornik, Krupanj, Ose\u010dina, Mionica, Lu\u010dani, Ljubovija, Kosjeri\u0107, Arilje\" data-image-description=\"&lt;p&gt;Osecina, 26.06.2020. \u2013 Pripadnici Sektora za vanredne situacije Ministarstva unutrasnjih poslova, usled obilnih padavina, 24 casa dnevno su u pripravnosti i nadziru sve vodotokove, pruzaju pomoc stanovnistvu i evakuisu gradjane Srbije u svim ugrozenim opstinama. Tokom danasnjeg dana, proglasena je vanredna situacija u gradu Loznica, opstinama Mali Zvornik, Krupanj, Osesina, Mionica, Lucani i na delu opstina Ljubovija, Kosjeric i Arilje. (BETAPHOTO\/MUP SRBIJE\/MO)&lt;\/p&gt;&#10;\" data-medium-file=\"https:\/\/www.danas.rs\/wp-content\/uploads\/2020\/06\/Beta-gdn2jxnzla-e1592906099182-300x169.jpg\" data-large-file=\"https:\/\/www.danas.rs\/wp-content\/uploads\/2020\/06\/Beta-gdn2jxnzla-e1592906099182.jpg\" src=\"https:\/\/www.danas.rs\/wp-content\/uploads\/2020\/06\/Beta-gdn2jxnzla-e1592906099182-243x137.jpg\" width=\"243\" height=\"137\" align=\"left\" title=\"Pripadnici Sektor za vanredne situacije, poplava, evakuacija, poplave, Loznica, Mali Zvornik, Krupanj, Ose\u010dina, Mionica, Lu\u010dani, Ljubovija, Kosjeri\u0107, Arilje\" alt=\"Zbog poplava vanredno stanje u Ivanjici, u 14 op\u0161tina vanredna situacija (FOTO, VIDEO) 5\"\/><\/a><\/p>\n<p>Ilustracija Foto: Beta\/MUP Srbije<\/p>\n<\/div>\n<\/div>\n<\/div>\n<div class=\"gallery-row\" style=\"width: 495px; height: 137px;\">\n<div class=\"gallery-group images-1\" style=\"width: 248px; height: 141px;\">\n<div class=\"tiled-gallery-item tiled-gallery-item-small\"><a href=\"https:\/\/www.danas.rs\/pripadnici-mup-a-evakuisu-stanovnistvo-zbog-poplava-3\/\" data-wpel-link=\"internal\" target=\"_blank\" rel=\"noopener\"><img loading=\"lazy\" decoding=\"async\" data-attachment-id=\"1135670\" data-orig-file=\"https:\/\/www.danas.rs\/wp-content\/uploads\/2020\/06\/Beta-eya26bm51q-e1592906082197.jpg\" data-orig-size=\"1000,562\" data-comments-opened=\"1\" data-image-meta=\"{&quot;aperture&quot;:&quot;0&quot;,&quot;credit&quot;:&quot;&quot;,&quot;camera&quot;:&quot;&quot;,&quot;caption&quot;:&quot;&quot;,&quot;created_timestamp&quot;:&quot;0&quot;,&quot;copyright&quot;:&quot;&quot;,&quot;focal_length&quot;:&quot;0&quot;,&quot;iso&quot;:&quot;0&quot;,&quot;shutter_speed&quot;:&quot;0&quot;,&quot;title&quot;:&quot;&quot;,&quot;orientation&quot;:&quot;0&quot;}\" data-image-title=\"Pripadnici Sektor za vanredne situacije, poplava, evakuacija, poplave, Loznica, Mali Zvornik, Krupanj, Ose\u010dina, Mionica, Lu\u010dani, Ljubovija, Kosjeri\u0107, Arilje\" data-image-description=\"&lt;p&gt;Kosjeric, 26.06.2020. \u2013 Pripadnici Sektora za vanredne situacije Ministarstva unutrasnjih poslova, usled obilnih padavina, 24 casa dnevno su u pripravnosti i nadziru sve vodotokove, pruzaju pomoc stanovnistvu i evakuisu gradjane Srbije u svim ugrozenim opstinama. Tokom danasnjeg dana, proglasena je vanredna situacija u gradu Loznica, opstinama Mali Zvornik, Krupanj, Osesina, Mionica, Lucani i na delu opstina Ljubovija, Kosjeric i Arilje. (BETAPHOTO\/MUP SRBIJE\/MO)&lt;\/p&gt;&#10;\" data-medium-file=\"https:\/\/www.danas.rs\/wp-content\/uploads\/2020\/06\/Beta-eya26bm51q-e1592906082197-300x169.jpg\" data-large-file=\"https:\/\/www.danas.rs\/wp-content\/uploads\/2020\/06\/Beta-eya26bm51q-e1592906082197.jpg\" src=\"https:\/\/www.danas.rs\/wp-content\/uploads\/2020\/06\/Beta-eya26bm51q-e1592906082197-244x137.jpg\" width=\"244\" height=\"137\" align=\"left\" title=\"Pripadnici Sektor za vanredne situacije, poplava, evakuacija, poplave, Loznica, Mali Zvornik, Krupanj, Ose\u010dina, Mionica, Lu\u010dani, Ljubovija, Kosjeri\u0107, Arilje\" alt=\"Zbog poplava vanredno stanje u Ivanjici, u 14 op\u0161tina vanredna situacija (FOTO, VIDEO) 6\"\/><\/a><\/p>\n<p>Foto: Beta\/MUP Srbije<\/p>\n<\/div>\n<\/div>\n<div class=\"gallery-group images-1\" style=\"width: 247px; height: 141px;\">\n<div class=\"tiled-gallery-item tiled-gallery-item-small\"><a href=\"https:\/\/www.danas.rs\/vesti\/drustvo\/u-srbiji-od-2000-preko-75-milijardi-evra-stete-od-ekstremnih-vremenskih-dogadjaja\/attachment\/pripadnici-mup-a-evakuisu-stanovnistvo-zbog-poplava-2\/\" data-wpel-link=\"internal\" target=\"_blank\" rel=\"noopener\"><img loading=\"lazy\" decoding=\"async\" data-attachment-id=\"1135669\" data-orig-file=\"https:\/\/www.danas.rs\/wp-content\/uploads\/2020\/06\/Beta-eon610dq49-e1592906068427.jpg\" data-orig-size=\"1000,562\" data-comments-opened=\"1\" data-image-meta=\"{&quot;aperture&quot;:&quot;0&quot;,&quot;credit&quot;:&quot;&quot;,&quot;camera&quot;:&quot;&quot;,&quot;caption&quot;:&quot;&quot;,&quot;created_timestamp&quot;:&quot;0&quot;,&quot;copyright&quot;:&quot;&quot;,&quot;focal_length&quot;:&quot;0&quot;,&quot;iso&quot;:&quot;0&quot;,&quot;shutter_speed&quot;:&quot;0&quot;,&quot;title&quot;:&quot;&quot;,&quot;orientation&quot;:&quot;0&quot;}\" data-image-title=\"Pripadnici Sektor za vanredne situacije, poplava, evakuacija, poplave, Loznica, Mali Zvornik, Krupanj, Ose\u010dina, Mionica, Lu\u010dani, Ljubovija, Kosjeri\u0107, Arilje\" data-image-description=\"&lt;p&gt;Vica, 26.06.2020. \u2013 Pripadnici Sektora za vanredne situacije Ministarstva unutrasnjih poslova, usled obilnih padavina, 24 casa dnevno su u pripravnosti i nadziru sve vodotokove, pruzaju pomoc stanovnistvu i evakuisu gradjane Srbije u svim ugrozenim opstinama. Tokom danasnjeg dana, proglasena je vanredna situacija u gradu Loznica, opstinama Mali Zvornik, Krupanj, Osesina, Mionica, Lucani i na delu opstina Ljubovija, Kosjeric i Arilje. (BETAPHOTO\/MUP SRBIJE\/MO)&lt;\/p&gt;&#10;\" data-medium-file=\"https:\/\/www.danas.rs\/wp-content\/uploads\/2020\/06\/Beta-eon610dq49-e1592906068427-300x169.jpg\" data-large-file=\"https:\/\/www.danas.rs\/wp-content\/uploads\/2020\/06\/Beta-eon610dq49-e1592906068427.jpg\" src=\"https:\/\/www.danas.rs\/wp-content\/uploads\/2020\/06\/Beta-eon610dq49-e1592906068427-243x137.jpg\" width=\"243\" height=\"137\" align=\"left\" title=\"Pripadnici Sektor za vanredne situacije, poplava, evakuacija, poplave, Loznica, Mali Zvornik, Krupanj, Ose\u010dina, Mionica, Lu\u010dani, Ljubovija, Kosjeri\u0107, Arilje\" alt=\"Zbog poplava vanredno stanje u Ivanjici, u 14 op\u0161tina vanredna situacija (FOTO, VIDEO) 7\"\/><\/a><\/p>\n<p>Ilustracija Foto: Beta\/MUP Srbije<\/p>\n<\/div>\n<\/div>\n<\/div>\n<div class=\"gallery-row\" style=\"width: 495px; height: 277px;\">\n<div class=\"gallery-group images-1\" style=\"width: 495px; height: 281px;\">\n<div class=\"tiled-gallery-item tiled-gallery-item-large\"><a href=\"https:\/\/www.danas.rs\/pripadnici-mup-a-evakuisu-stanovnistvo-zbog-poplava\/\" data-wpel-link=\"internal\" target=\"_blank\" rel=\"noopener\"><img loading=\"lazy\" decoding=\"async\" data-attachment-id=\"1135668\" data-orig-file=\"https:\/\/www.danas.rs\/wp-content\/uploads\/2020\/06\/Beta-3cwu320lat-e1592906040584.jpg\" data-orig-size=\"900,508\" data-comments-opened=\"1\" data-image-meta=\"{&quot;aperture&quot;:&quot;0&quot;,&quot;credit&quot;:&quot;&quot;,&quot;camera&quot;:&quot;&quot;,&quot;caption&quot;:&quot;&quot;,&quot;created_timestamp&quot;:&quot;0&quot;,&quot;copyright&quot;:&quot;&quot;,&quot;focal_length&quot;:&quot;0&quot;,&quot;iso&quot;:&quot;0&quot;,&quot;shutter_speed&quot;:&quot;0&quot;,&quot;title&quot;:&quot;&quot;,&quot;orientation&quot;:&quot;0&quot;}\" data-image-title=\"Pripadnici Sektor za vanredne situacije, poplava, evakuacija, poplave, Loznica, Mali Zvornik, Krupanj, Ose\u010dina, Mionica, Lu\u010dani, Ljubovija, Kosjeri\u0107, Arilje\" data-image-description=\"&lt;p&gt;Ljubovija, 26.06.2020. \u2013 Pripadnici Sektora za vanredne situacije Ministarstva unutrasnjih poslova, usled obilnih padavina, 24 casa dnevno su u pripravnosti i nadziru sve vodotokove, pruzaju pomoc stanovnistvu i evakuisu gradjane Srbije u svim ugrozenim opstinama. Tokom danasnjeg dana, proglasena je vanredna situacija u gradu Loznica, opstinama Mali Zvornik, Krupanj, Osesina, Mionica, Lucani i na delu opstina Ljubovija, Kosjeric i Arilje. (BETAPHOTO\/MUP SRBIJE\/MO)&lt;\/p&gt;&#10;\" data-medium-file=\"https:\/\/www.danas.rs\/wp-content\/uploads\/2020\/06\/Beta-3cwu320lat-e1592906040584-300x169.jpg\" data-large-file=\"https:\/\/www.danas.rs\/wp-content\/uploads\/2020\/06\/Beta-3cwu320lat-e1592906040584.jpg\" src=\"https:\/\/www.danas.rs\/wp-content\/uploads\/2020\/06\/Beta-3cwu320lat-e1592906040584-491x277.jpg\" width=\"491\" height=\"277\" align=\"left\" title=\"Pripadnici Sektor za vanredne situacije, poplava, evakuacija, poplave, Loznica, Mali Zvornik, Krupanj, Ose\u010dina, Mionica, Lu\u010dani, Ljubovija, Kosjeri\u0107, Arilje\" alt=\"Zbog poplava vanredno stanje u Ivanjici, u 14 op\u0161tina vanredna situacija (FOTO, VIDEO) 8\"\/><\/a><\/p>\n<p>Foto: Beta\/MUP Srbije<\/p>\n<\/div>\n<\/div>\n<\/div>\n<\/div>\n<p>\u0160est klizi\u0161ta proradilo je na teritoriji Ivanjice, pored dr\u017eavnog puta, a voda je odnela i \u010detiri mosta.<\/p>\n<p>Op\u0161tinska uprava u Ivanjici izdala je saop\u0161tenje da se zabranjuje saobra\u0107aj za sva motorna vozila preko mosta u naselju Radaljevo i preko mostova na Bukovici i Derovcu.<\/p>\n<p>Vozila se preusmeravaju na alternativne pravce.<\/p>\n<p><a href=\"https:\/\/twitter.com\/desio_se_ja\/status\/1275367099796467713\" target=\"_blank\" data-wpel-link=\"external\" rel=\"external noopener noreferrer\">https:\/\/twitter.com\/desio_se_ja\/status\/1275367099796467713<\/a><\/p>\n<p>Sva raspolo\u017eiva mehanizacija javnih komunalnih i saobra\u0107ajnih preduze\u0107a op\u0161tine Ivanjica je na terenu i rade na saniranju \u0161tete.<\/p>\n<h3>Kriti\u010dno u Ljuboviji, reka odnela nekoliko mostova<\/h3>\n<p>Nabujala reka Ljubovi\u0111a sa svojim pritokama je <a href=\"https:\/\/www.danas.rs\/drustvo\/rts-u-ljuboviji-nabujala-reka-srusila-i-treci-most\/\" target=\"_blank\" rel=\"noopener noreferrer\" data-wpel-link=\"internal\">poplavila oko 700 doma\u0107instava<\/a>, a evakuisano je 70 porodica, rekao je agenciji Beta predsednik op\u0161tine Ljubovija Milovan Kova\u010devi\u0107.<\/p>\n<p>On je dodao da je vodostaj Ljubovi\u0111e za 50-60 santimetara ve\u0107i nego 2014. godine kada su ovu varo\u0161, na zapadu Srbije, zadesile velike poplave.<\/p>\n<p><a href=\"https:\/\/twitter.com\/desio_se_ja\/status\/1275367512876683265\" target=\"_blank\" data-wpel-link=\"external\" rel=\"external noopener noreferrer\">https:\/\/twitter.com\/desio_se_ja\/status\/1275367512876683265<\/a><\/p>\n<p>\u201eSituacija je katastrofalna. U Ljuboviji nema vode za pi\u0107e, a 100 doma\u0107instava je ostalo i bez struje. Bujica je uru\u0161ila most na putu Ljubovija \u2013 Bajina Ba\u0161ta, tako da se sada u Ljuboviju mo\u017ee u\u0107i samo iz pravca Zvornika. Taj put je prohodan samo za laki saobra\u0107aj\u201c, rekao je Kova\u010devi\u0107.<\/p>\n<p>Sve porodice koje su morale da napuste svoje poplavljene domove sme\u0161tene su kod prijatelja i ro\u0111aka.<\/p>\n<p>\u201eDo sada nije bilo povre\u0111ivanja, mada je veliki broj ljudi, uglavnom starijih osoba, zatra\u017eio lekarsku pomo\u0107 zbog straha od ovog \u0161to nas je zadesilo\u201c, naveo je Kova\u010devi\u0107.<\/p>\n<p>U Ljuboviji o\u010dekuju da \u0107e u toku dana iz Obrenovca sti\u0107i cisterna sa pija\u0107om vodom, i da \u0107e iz \u201ePuteva Srbije\u201c do\u0107i ekipa in\u017eenjera koja \u0107e raditi na postavljanju monta\u017eno-demonta\u017enog mosta na ulazu u grad. Najavljeno je i da \u0107e iz Robnih rezervi sti\u0107i pomo\u0107 u nafti za rad gra\u0111evinskih ma\u0161ina.<\/p>\n<p>\u201eBorba je te\u0161ka jer je priroda ja\u010da od onog \u0161to mi mo\u017eemo da uradimo. Od sino\u0107 je na terenu oko 300 volontera koji neprestano pune d\u017eakove peskom, ali bujica je od jutros ve\u0107 probila nasipe na nekoliko mesta\u201c, ispri\u010dao je predsednik op\u0161tine.<\/p>\n<p>Kova\u010devi\u0107 ka\u017ee da je u gradu zatvoreno 30-40 odsto lokala, ali za sada rade tri pekare i snadbevanje hlebom je redovno.<\/p>\n<p>U Ljuboviji se nalazi jedinica \u017dandarmerije i specijalna ekipa MUP-a iz Sektora za vanredne situacije, koji su anga\u017eovani na odbrani od poplava.<\/p>\n<h3>Svi putni pravci u Lu\u010danima prekinuti<\/h3>\n<p><a href=\"https:\/\/www.danas.rs\/drustvo\/bujica-odnela-most-u-kraljevu-vanredna-situacija-u-lucanima\/\" target=\"_blank\" rel=\"noopener noreferrer\" data-wpel-link=\"internal\">Najkriti\u010dnije je u Lu\u010danima<\/a> gde je progla\u0161eno vanredno stanje jer su reke \u017divi\u010dka, Tijanjska i Goru\u0161ica polavile vi\u0161e desetina ku\u0107a i hektara poljoprivrednog zemlji\u0161ta.<\/p>\n<p>Kako je re\u010deno agenciji Beta, selu Vi\u010di kod Lu\u010dana poplavljena je 31 ku\u0107a, dok je u lu\u010danskoj varo\u0161ici Gu\u010di je poplavljena jesrednja \u0161kola, Sportski centar, zgrada Elektordsitribucije i oko 70 doma\u0107instava.<\/p>\n<p>Prema re\u010dima nadle\u017enih u Op\u0161tini Lu\u010dani niko od me\u0161tana iz poplavljenog podru\u010dja nije \u017eivotno ugro\u017een.<\/p>\n<p>Skoro svi putni pravci na teritoriji op\u0161tine Lu\u010dani su prekinuti.<\/p>\n<p>U Gornjem Milanovcu izlila se reka Despotovica u selu Mlakovac, a izlile su se i lokalne reke u selima Gornji Braneti\u0107i i Loznja.<\/p>\n<p>U Gornjem Milanovcu za sada nema ugro\u017eenih doma\u0107instava.<\/p>\n<p>U \u010ca\u010dku je zbog obilnih padavina pove\u0107an vodostaj reke \u010cemernice zbog \u010dega je gradska uprava upozorila me\u0161tane Ljubi\u0107ke Baluge da budu u pripravnosti zbog mogu\u0107eg izlivanja te reke .<\/p>\n<p>Gradska uprava \u010ca\u010dka pozvala je gra\u0111ane Ljubi\u0107ke Baluge da uklone stvari i da budu spremni za evakuaciju.<\/p>\n<h3 class=\"title\">Vodostaj na Tami\u0161u u opadanju, na snazi vanredna odbrana od poplava<\/h3>\n<p>Na 61,64 kilometra reke Tami\u0161 na snazi je i dalje vanredna odbrana od poplava, ali je vodostaj u opadanju, saop\u0161tilo je Javno vodoprivredno preduze\u0107e \u201eVode Vojvodine\u201c.<\/p>\n<p>Kako se navodi, dana\u0161nji nivo vode na delu Tami\u0161a kod mesta Ja\u0161a Tomi\u0107 iznosi 675 cm, dok je kod Se\u010dnja 670 cm.<\/p>\n<p>Prema prognozama Republi\u010dkog hidrometeorolo\u0161kog zavoda i narednih dana \u0107e ovi vodostaji biti u opadanju.<\/p>\n<p>Kod brane sa retenzijom \u201eVeliko Sredi\u0161te\u201c na Markova\u010dkom potoku ju\u010de je progla\u0161ena vanredna odbrana od poplava, dok je kod brane \u201eMesi\u0107\u201c, na potoku Mesi\u0107, uvedena redovna odbrana.<\/p>\n<p>Na ovim lokalitetima je sve pod kontrolom i nisu registrovane negativne pojave, pi\u0161e u saop\u0161tenju.<\/p>\n<p>Ustave \u201eToma\u0161evac\u201c i \u201eBoto\u0161\u201c su i dalje u vanrednoj odbrani od poplava, ali sa tendencijom opadanja vodostaja.<\/p>\n<h3 class=\"title\">Kosjeri\u0107: Poplavljeno 40 ku\u0107a, dve porodice evakuisane<\/h3>\n<p>Reka Skrape\u017e poplavila je u centru Kosjeri\u0107a 40 ku\u0107a, tri stambene zgrade i de\u010dji vrti\u0107, rekao je agenciji Beta predsednik te op\u0161tine \u017darko \u0110oki\u0107.<\/p>\n<p>\u201eProglasili smo vanrednu situaciju odbrane od poplava. Jutros u 4.00 izlila se reka Skrape\u017e u centru grada, poplavljeno je 40 ku\u0107a i tri stambene zgrade i de\u010dji vrti\u0107. Vatrogasci i radnici komunalnih preduze\u0107a od rane zore ispumpavaju vodu iz doma\u0107instava\u201c, rekao je \u0110oki\u0107.<\/p>\n<p>On je istakao da su dve porodice, sa ukupno \u010detiri \u010dlana, morale da budu evakuisane iz svojih domova, i sme\u0161tene su u sportsku halu.<\/p>\n<p>\u201eOni \u0107e krajem dana, kada se zavr\u0161i ispumpavanje vode, biti vra\u0107eni svojim ku\u0107ama\u201c, dodao je \u0110oki\u0107.<\/p>\n<p>Prema njegovim re\u010dima \u0161teta od nabujalog Skrape\u017ea je velika, ali \u0107e procena biti obavljena narednih dana, kada prestanu padavine.<\/p>\n<p>\u201eIako ki\u0161a i dalje pada vodostaj Skrape\u017ea je trenutno u opadanju\u201c, naveo je on.<\/p>\n<h3>Progla\u0161ena vanredna situacija u Kraljevu<\/h3>\n<p>Obilne padavine koje sa povremenim prekidima, traju ve\u0107 dva dana prouzrokovale su velike \u0161tete na teritoriji grada Kraljeva pa je danas zasedao Gradski \u0161tab za vanredne sitaucije i doneo odluku o progla\u0161enju vanredne situacije na \u010ditavoj teritoriji grada Kraljeva koja obuhvata 1.530 kvadratrnih kilometara i spada u red najve\u0107ih teritorjija jedne lokalne samouprave u Srbiji.<\/p>\n<div data-carousel-extra=\"{&quot;blog_id&quot;:1,&quot;permalink&quot;:&quot;https:\\\/\\\/www.danas.rs\\\/vesti\\\/drustvo\\\/zbog-poplava-vanredno-stanje-u-ivanjici-u-14-opstina-vanredna-situacija\\\/&quot;}\" class=\"tiled-gallery type-rectangular\" data-original-width=\"500\">\n<div class=\"gallery-row\" style=\"width: 495px; height: 137px;\">\n<div class=\"gallery-group images-1\" style=\"width: 248px; height: 141px;\">\n<div class=\"tiled-gallery-item tiled-gallery-item-small\"><a href=\"https:\/\/www.danas.rs\/vesti\/drustvo\/zbog-poplava-vanredno-stanje-u-ivanjici-u-14-opstina-vanredna-situacija\/attachment\/bujica\/\" data-wpel-link=\"internal\" target=\"_blank\" rel=\"noopener\"><img loading=\"lazy\" decoding=\"async\" data-attachment-id=\"1135850\" data-orig-file=\"https:\/\/www.danas.rs\/wp-content\/uploads\/2020\/06\/Bujica-e1592920754714.jpg\" data-orig-size=\"1024,576\" data-comments-opened=\"1\" data-image-meta=\"{&quot;aperture&quot;:&quot;0&quot;,&quot;credit&quot;:&quot;&quot;,&quot;camera&quot;:&quot;&quot;,&quot;caption&quot;:&quot;&quot;,&quot;created_timestamp&quot;:&quot;0&quot;,&quot;copyright&quot;:&quot;&quot;,&quot;focal_length&quot;:&quot;0&quot;,&quot;iso&quot;:&quot;0&quot;,&quot;shutter_speed&quot;:&quot;0&quot;,&quot;title&quot;:&quot;&quot;,&quot;orientation&quot;:&quot;0&quot;}\" data-image-title=\"Bujica Kraljevo\" data-image-description=\"\" data-medium-file=\"https:\/\/www.danas.rs\/wp-content\/uploads\/2020\/06\/Bujica-e1592920754714-300x169.jpg\" data-large-file=\"https:\/\/www.danas.rs\/wp-content\/uploads\/2020\/06\/Bujica-e1592920754714.jpg\" src=\"https:\/\/www.danas.rs\/wp-content\/uploads\/2020\/06\/Bujica-e1592920754714-244x137.jpg\" width=\"244\" height=\"137\" align=\"left\" title=\"Bujica Kraljevo\" alt=\"Zbog poplava vanredno stanje u Ivanjici, u 14 op\u0161tina vanredna situacija (FOTO, VIDEO) 9\"\/><\/a><\/p>\n<p>Bujica Kraljevo Foto: Z. Nikoli\u0107<\/p>\n<\/div>\n<\/div>\n<div class=\"gallery-group images-1\" style=\"width: 247px; height: 141px;\">\n<div class=\"tiled-gallery-item tiled-gallery-item-small\"><a href=\"https:\/\/www.danas.rs\/vesti\/drustvo\/zbog-poplava-vanredno-stanje-u-ivanjici-u-14-opstina-vanredna-situacija\/attachment\/gradski-stab\/\" data-wpel-link=\"internal\" target=\"_blank\" rel=\"noopener\"><img loading=\"lazy\" decoding=\"async\" data-attachment-id=\"1135849\" data-orig-file=\"https:\/\/www.danas.rs\/wp-content\/uploads\/2020\/06\/Gradski-\u0161tab-e1592920765874.jpg\" data-orig-size=\"1024,576\" data-comments-opened=\"1\" data-image-meta=\"{&quot;aperture&quot;:&quot;0&quot;,&quot;credit&quot;:&quot;&quot;,&quot;camera&quot;:&quot;&quot;,&quot;caption&quot;:&quot;&quot;,&quot;created_timestamp&quot;:&quot;0&quot;,&quot;copyright&quot;:&quot;&quot;,&quot;focal_length&quot;:&quot;0&quot;,&quot;iso&quot;:&quot;0&quot;,&quot;shutter_speed&quot;:&quot;0&quot;,&quot;title&quot;:&quot;&quot;,&quot;orientation&quot;:&quot;0&quot;}\" data-image-title=\"Gradski \u0161tab Kraljevo\" data-image-description=\"\" data-medium-file=\"https:\/\/www.danas.rs\/wp-content\/uploads\/2020\/06\/Gradski-\u0161tab-e1592920765874-300x169.jpg\" data-large-file=\"https:\/\/www.danas.rs\/wp-content\/uploads\/2020\/06\/Gradski-\u0161tab-e1592920765874.jpg\" src=\"https:\/\/www.danas.rs\/wp-content\/uploads\/2020\/06\/Gradski-\u0161tab-e1592920765874-243x137.jpg\" width=\"243\" height=\"137\" align=\"left\" title=\"Gradski \u0161tab Kraljevo\" alt=\"Zbog poplava vanredno stanje u Ivanjici, u 14 op\u0161tina vanredna situacija (FOTO, VIDEO) 10\"\/><\/a><\/p>\n<p>Gradski \u0161tab Kraljevo Foto: Z. Nikoli\u0107<\/p>\n<\/div>\n<\/div>\n<\/div>\n<div class=\"gallery-row\" style=\"width: 495px; height: 137px;\">\n<div class=\"gallery-group images-1\" style=\"width: 248px; height: 141px;\">\n<div class=\"tiled-gallery-item tiled-gallery-item-small\"><a href=\"https:\/\/www.danas.rs\/vesti\/drustvo\/zbog-poplava-vanredno-stanje-u-ivanjici-u-14-opstina-vanredna-situacija\/attachment\/posmatraci-2\/\" data-wpel-link=\"internal\" target=\"_blank\" rel=\"noopener\"><img loading=\"lazy\" decoding=\"async\" data-attachment-id=\"1135848\" data-orig-file=\"https:\/\/www.danas.rs\/wp-content\/uploads\/2020\/06\/Posmatra\u010di-e1592920776775.jpg\" data-orig-size=\"1024,576\" data-comments-opened=\"1\" data-image-meta=\"{&quot;aperture&quot;:&quot;0&quot;,&quot;credit&quot;:&quot;&quot;,&quot;camera&quot;:&quot;&quot;,&quot;caption&quot;:&quot;&quot;,&quot;created_timestamp&quot;:&quot;0&quot;,&quot;copyright&quot;:&quot;&quot;,&quot;focal_length&quot;:&quot;0&quot;,&quot;iso&quot;:&quot;0&quot;,&quot;shutter_speed&quot;:&quot;0&quot;,&quot;title&quot;:&quot;&quot;,&quot;orientation&quot;:&quot;0&quot;}\" data-image-title=\"Poplava Kraljevo\" data-image-description=\"\" data-medium-file=\"https:\/\/www.danas.rs\/wp-content\/uploads\/2020\/06\/Posmatra\u010di-e1592920776775-300x169.jpg\" data-large-file=\"https:\/\/www.danas.rs\/wp-content\/uploads\/2020\/06\/Posmatra\u010di-e1592920776775.jpg\" src=\"https:\/\/www.danas.rs\/wp-content\/uploads\/2020\/06\/Posmatra\u010di-e1592920776775-244x137.jpg\" width=\"244\" height=\"137\" align=\"left\" title=\"Poplava Kraljevo\" alt=\"Zbog poplava vanredno stanje u Ivanjici, u 14 op\u0161tina vanredna situacija (FOTO, VIDEO) 11\"\/><\/a><\/p>\n<p>Poplava Kraljevo Foto: Z. Nikoli\u0107<\/p>\n<\/div>\n<\/div>\n<div class=\"gallery-group images-1\" style=\"width: 247px; height: 141px;\">\n<div class=\"tiled-gallery-item tiled-gallery-item-small\"><a href=\"https:\/\/www.danas.rs\/vesti\/drustvo\/zbog-poplava-vanredno-stanje-u-ivanjici-u-14-opstina-vanredna-situacija\/attachment\/restoran-pod-vodom\/\" data-wpel-link=\"internal\" target=\"_blank\" rel=\"noopener\"><img loading=\"lazy\" decoding=\"async\" data-attachment-id=\"1135847\" data-orig-file=\"https:\/\/www.danas.rs\/wp-content\/uploads\/2020\/06\/Restoran-pod-vodom-e1592920787335.jpg\" data-orig-size=\"1024,576\" data-comments-opened=\"1\" data-image-meta=\"{&quot;aperture&quot;:&quot;0&quot;,&quot;credit&quot;:&quot;&quot;,&quot;camera&quot;:&quot;&quot;,&quot;caption&quot;:&quot;&quot;,&quot;created_timestamp&quot;:&quot;0&quot;,&quot;copyright&quot;:&quot;&quot;,&quot;focal_length&quot;:&quot;0&quot;,&quot;iso&quot;:&quot;0&quot;,&quot;shutter_speed&quot;:&quot;0&quot;,&quot;title&quot;:&quot;&quot;,&quot;orientation&quot;:&quot;0&quot;}\" data-image-title=\"Poplava Kraljevo\" data-image-description=\"\" data-medium-file=\"https:\/\/www.danas.rs\/wp-content\/uploads\/2020\/06\/Restoran-pod-vodom-e1592920787335-300x169.jpg\" data-large-file=\"https:\/\/www.danas.rs\/wp-content\/uploads\/2020\/06\/Restoran-pod-vodom-e1592920787335.jpg\" src=\"https:\/\/www.danas.rs\/wp-content\/uploads\/2020\/06\/Restoran-pod-vodom-e1592920787335-243x137.jpg\" width=\"243\" height=\"137\" align=\"left\" title=\"Poplava Kraljevo\" alt=\"Zbog poplava vanredno stanje u Ivanjici, u 14 op\u0161tina vanredna situacija (FOTO, VIDEO) 12\"\/><\/a><\/p>\n<p>Poplava Kraljevo Foto: Z. Nikoli\u0107<\/p>\n<\/div>\n<\/div>\n<\/div>\n<div class=\"gallery-row\" style=\"width: 495px; height: 137px;\">\n<div class=\"gallery-group images-1\" style=\"width: 247px; height: 141px;\">\n<div class=\"tiled-gallery-item tiled-gallery-item-small\"><a href=\"https:\/\/www.danas.rs\/vesti\/drustvo\/zbog-poplava-vanredno-stanje-u-ivanjici-u-14-opstina-vanredna-situacija\/attachment\/dr-predrag-terzic\/\" data-wpel-link=\"internal\" target=\"_blank\" rel=\"noopener\"><img loading=\"lazy\" decoding=\"async\" data-attachment-id=\"1135846\" data-orig-file=\"https:\/\/www.danas.rs\/wp-content\/uploads\/2020\/06\/dr.Predrag-Terzi\u0107-e1592920797595.jpg\" data-orig-size=\"1024,576\" data-comments-opened=\"1\" data-image-meta=\"{&quot;aperture&quot;:&quot;0&quot;,&quot;credit&quot;:&quot;&quot;,&quot;camera&quot;:&quot;&quot;,&quot;caption&quot;:&quot;&quot;,&quot;created_timestamp&quot;:&quot;0&quot;,&quot;copyright&quot;:&quot;&quot;,&quot;focal_length&quot;:&quot;0&quot;,&quot;iso&quot;:&quot;0&quot;,&quot;shutter_speed&quot;:&quot;0&quot;,&quot;title&quot;:&quot;&quot;,&quot;orientation&quot;:&quot;0&quot;}\" data-image-title=\"dr Predrag Terzi\u0107\" data-image-description=\"\" data-medium-file=\"https:\/\/www.danas.rs\/wp-content\/uploads\/2020\/06\/dr.Predrag-Terzi\u0107-e1592920797595-300x169.jpg\" data-large-file=\"https:\/\/www.danas.rs\/wp-content\/uploads\/2020\/06\/dr.Predrag-Terzi\u0107-e1592920797595.jpg\" src=\"https:\/\/www.danas.rs\/wp-content\/uploads\/2020\/06\/dr.Predrag-Terzi\u0107-e1592920797595-243x137.jpg\" width=\"243\" height=\"137\" align=\"left\" title=\"dr Predrag Terzi\u0107\" alt=\"Zbog poplava vanredno stanje u Ivanjici, u 14 op\u0161tina vanredna situacija (FOTO, VIDEO) 13\"\/><\/a><\/p>\n<p>Dr Predrag Terzi\u0107 Foto: Z. Nikoli\u0107<\/p>\n<\/div>\n<\/div>\n<div class=\"gallery-group images-1\" style=\"width: 248px; height: 141px;\">\n<div class=\"tiled-gallery-item tiled-gallery-item-small\"><a href=\"https:\/\/www.danas.rs\/vesti\/drustvo\/zbog-poplava-vanredno-stanje-u-ivanjici-u-14-opstina-vanredna-situacija\/attachment\/most-u-lesevu\/\" data-wpel-link=\"internal\" target=\"_blank\" rel=\"noopener\"><img loading=\"lazy\" decoding=\"async\" data-attachment-id=\"1135845\" data-orig-file=\"https:\/\/www.danas.rs\/wp-content\/uploads\/2020\/06\/Most-u-Le\u0161evu-e1592920820897.jpg\" data-orig-size=\"1000,562\" data-comments-opened=\"1\" data-image-meta=\"{&quot;aperture&quot;:&quot;0&quot;,&quot;credit&quot;:&quot;&quot;,&quot;camera&quot;:&quot;&quot;,&quot;caption&quot;:&quot;&quot;,&quot;created_timestamp&quot;:&quot;0&quot;,&quot;copyright&quot;:&quot;&quot;,&quot;focal_length&quot;:&quot;0&quot;,&quot;iso&quot;:&quot;0&quot;,&quot;shutter_speed&quot;:&quot;0&quot;,&quot;title&quot;:&quot;&quot;,&quot;orientation&quot;:&quot;0&quot;}\" data-image-title=\"Most u Le\u0161evu, poplava Kraljevo\" data-image-description=\"\" data-medium-file=\"https:\/\/www.danas.rs\/wp-content\/uploads\/2020\/06\/Most-u-Le\u0161evu-e1592920820897-300x169.jpg\" data-large-file=\"https:\/\/www.danas.rs\/wp-content\/uploads\/2020\/06\/Most-u-Le\u0161evu-e1592920820897.jpg\" src=\"https:\/\/www.danas.rs\/wp-content\/uploads\/2020\/06\/Most-u-Le\u0161evu-e1592920820897-244x137.jpg\" width=\"244\" height=\"137\" align=\"left\" title=\"Most u Le\u0161evu, poplava Kraljevo\" alt=\"Zbog poplava vanredno stanje u Ivanjici, u 14 op\u0161tina vanredna situacija (FOTO, VIDEO) 14\"\/><\/a><\/p>\n<p>Most u Le\u0161evu Foto: Z. Nikoli\u0107<\/p>\n<\/div>\n<\/div>\n<\/div>\n<div class=\"gallery-row\" style=\"width: 495px; height: 137px;\">\n<div class=\"gallery-group images-1\" style=\"width: 248px; height: 141px;\">\n<div class=\"tiled-gallery-item tiled-gallery-item-small\"><a href=\"https:\/\/www.danas.rs\/vesti\/drustvo\/zbog-poplava-vanredno-stanje-u-ivanjici-u-14-opstina-vanredna-situacija\/attachment\/lesevo\/\" data-wpel-link=\"internal\" target=\"_blank\" rel=\"noopener\"><img loading=\"lazy\" decoding=\"async\" data-attachment-id=\"1135844\" data-orig-file=\"https:\/\/www.danas.rs\/wp-content\/uploads\/2020\/06\/Le\u0161evo-e1592920854906.jpg\" data-orig-size=\"1000,562\" data-comments-opened=\"1\" data-image-meta=\"{&quot;aperture&quot;:&quot;0&quot;,&quot;credit&quot;:&quot;&quot;,&quot;camera&quot;:&quot;&quot;,&quot;caption&quot;:&quot;&quot;,&quot;created_timestamp&quot;:&quot;0&quot;,&quot;copyright&quot;:&quot;&quot;,&quot;focal_length&quot;:&quot;0&quot;,&quot;iso&quot;:&quot;0&quot;,&quot;shutter_speed&quot;:&quot;0&quot;,&quot;title&quot;:&quot;&quot;,&quot;orientation&quot;:&quot;0&quot;}\" data-image-title=\"Le\u0161evo, poplava Kraljevo\" data-image-description=\"\" data-medium-file=\"https:\/\/www.danas.rs\/wp-content\/uploads\/2020\/06\/Le\u0161evo-e1592920854906-300x169.jpg\" data-large-file=\"https:\/\/www.danas.rs\/wp-content\/uploads\/2020\/06\/Le\u0161evo-e1592920854906.jpg\" src=\"https:\/\/www.danas.rs\/wp-content\/uploads\/2020\/06\/Le\u0161evo-e1592920854906-244x137.jpg\" width=\"244\" height=\"137\" align=\"left\" title=\"Le\u0161evo, poplava Kraljevo\" alt=\"Zbog poplava vanredno stanje u Ivanjici, u 14 op\u0161tina vanredna situacija (FOTO, VIDEO) 15\"\/><\/a><\/p>\n<p>Le\u0161evo Foto: Z. Nikoli\u0107<\/p>\n<\/div>\n<\/div>\n<div class=\"gallery-group images-1\" style=\"width: 247px; height: 141px;\">\n<div class=\"tiled-gallery-item tiled-gallery-item-small\"><a href=\"https:\/\/www.danas.rs\/vesti\/drustvo\/zbog-poplava-vanredno-stanje-u-ivanjici-u-14-opstina-vanredna-situacija\/attachment\/godacica-2\/\" data-wpel-link=\"internal\" target=\"_blank\" rel=\"noopener\"><img loading=\"lazy\" decoding=\"async\" data-attachment-id=\"1135843\" data-orig-file=\"https:\/\/www.danas.rs\/wp-content\/uploads\/2020\/06\/Goda\u010dica-e1592920930381.jpg\" data-orig-size=\"1000,562\" data-comments-opened=\"1\" data-image-meta=\"{&quot;aperture&quot;:&quot;0&quot;,&quot;credit&quot;:&quot;&quot;,&quot;camera&quot;:&quot;&quot;,&quot;caption&quot;:&quot;&quot;,&quot;created_timestamp&quot;:&quot;0&quot;,&quot;copyright&quot;:&quot;&quot;,&quot;focal_length&quot;:&quot;0&quot;,&quot;iso&quot;:&quot;0&quot;,&quot;shutter_speed&quot;:&quot;0&quot;,&quot;title&quot;:&quot;&quot;,&quot;orientation&quot;:&quot;0&quot;}\" data-image-title=\"Goda\u010dica, poplava Kraljevo\" data-image-description=\"\" data-medium-file=\"https:\/\/www.danas.rs\/wp-content\/uploads\/2020\/06\/Goda\u010dica-e1592920930381-300x169.jpg\" data-large-file=\"https:\/\/www.danas.rs\/wp-content\/uploads\/2020\/06\/Goda\u010dica-e1592920930381.jpg\" src=\"https:\/\/www.danas.rs\/wp-content\/uploads\/2020\/06\/Goda\u010dica-e1592920930381-243x137.jpg\" width=\"243\" height=\"137\" align=\"left\" title=\"Goda\u010dica, poplava Kraljevo\" alt=\"Zbog poplava vanredno stanje u Ivanjici, u 14 op\u0161tina vanredna situacija (FOTO, VIDEO) 16\"\/><\/a><\/p>\n<p>Goda\u010dica Foto: Z. Nikoli\u0107<\/p>\n<\/div>\n<\/div>\n<\/div>\n<div class=\"gallery-row\" style=\"width: 495px; height: 137px;\">\n<div class=\"gallery-group images-1\" style=\"width: 248px; height: 141px;\">\n<div class=\"tiled-gallery-item tiled-gallery-item-small\"><a href=\"https:\/\/www.danas.rs\/vesti\/drustvo\/zbog-poplava-vanredno-stanje-u-ivanjici-u-14-opstina-vanredna-situacija\/attachment\/posmatraci-1\/\" data-wpel-link=\"internal\" target=\"_blank\" rel=\"noopener\"><img loading=\"lazy\" decoding=\"async\" data-attachment-id=\"1135839\" data-orig-file=\"https:\/\/www.danas.rs\/wp-content\/uploads\/2020\/06\/Posmatra\u010di-1-e1592920943117.jpg\" data-orig-size=\"1024,576\" data-comments-opened=\"1\" data-image-meta=\"{&quot;aperture&quot;:&quot;0&quot;,&quot;credit&quot;:&quot;&quot;,&quot;camera&quot;:&quot;&quot;,&quot;caption&quot;:&quot;&quot;,&quot;created_timestamp&quot;:&quot;0&quot;,&quot;copyright&quot;:&quot;&quot;,&quot;focal_length&quot;:&quot;0&quot;,&quot;iso&quot;:&quot;0&quot;,&quot;shutter_speed&quot;:&quot;0&quot;,&quot;title&quot;:&quot;&quot;,&quot;orientation&quot;:&quot;0&quot;}\" data-image-title=\"Poplava Kraljevo\" data-image-description=\"\" data-medium-file=\"https:\/\/www.danas.rs\/wp-content\/uploads\/2020\/06\/Posmatra\u010di-1-e1592920943117-300x169.jpg\" data-large-file=\"https:\/\/www.danas.rs\/wp-content\/uploads\/2020\/06\/Posmatra\u010di-1-e1592920943117.jpg\" src=\"https:\/\/www.danas.rs\/wp-content\/uploads\/2020\/06\/Posmatra\u010di-1-e1592920943117-244x137.jpg\" width=\"244\" height=\"137\" align=\"left\" title=\"Poplava Kraljevo\" alt=\"Zbog poplava vanredno stanje u Ivanjici, u 14 op\u0161tina vanredna situacija (FOTO, VIDEO) 17\"\/><\/a><\/p>\n<p>Poplava Kraljevo Foto: Z. Nikoli\u0107<\/p>\n<\/div>\n<\/div>\n<div class=\"gallery-group images-1\" style=\"width: 247px; height: 141px;\">\n<div class=\"tiled-gallery-item tiled-gallery-item-small\"><a href=\"https:\/\/www.danas.rs\/vesti\/drustvo\/zbog-poplava-vanredno-stanje-u-ivanjici-u-14-opstina-vanredna-situacija\/attachment\/naslovna-73\/\" data-wpel-link=\"internal\" target=\"_blank\" rel=\"noopener\"><img loading=\"lazy\" decoding=\"async\" data-attachment-id=\"1135868\" data-orig-file=\"https:\/\/www.danas.rs\/wp-content\/uploads\/2020\/06\/Naslovna-e1592921152899.jpg\" data-orig-size=\"1024,576\" data-comments-opened=\"1\" data-image-meta=\"{&quot;aperture&quot;:&quot;0&quot;,&quot;credit&quot;:&quot;&quot;,&quot;camera&quot;:&quot;&quot;,&quot;caption&quot;:&quot;&quot;,&quot;created_timestamp&quot;:&quot;0&quot;,&quot;copyright&quot;:&quot;&quot;,&quot;focal_length&quot;:&quot;0&quot;,&quot;iso&quot;:&quot;0&quot;,&quot;shutter_speed&quot;:&quot;0&quot;,&quot;title&quot;:&quot;&quot;,&quot;orientation&quot;:&quot;0&quot;}\" data-image-title=\"Poplava poplave Kraljevo\" data-image-description=\"\" data-medium-file=\"https:\/\/www.danas.rs\/wp-content\/uploads\/2020\/06\/Naslovna-e1592921152899-300x169.jpg\" data-large-file=\"https:\/\/www.danas.rs\/wp-content\/uploads\/2020\/06\/Naslovna-e1592921152899.jpg\" src=\"https:\/\/www.danas.rs\/wp-content\/uploads\/2020\/06\/Naslovna-e1592921152899-243x137.jpg\" width=\"243\" height=\"137\" align=\"left\" title=\"Poplava poplave Kraljevo\" alt=\"Zbog poplava vanredno stanje u Ivanjici, u 14 op\u0161tina vanredna situacija (FOTO, VIDEO) 18\"\/><\/a><\/p>\n<p>Foto: Z. Nikoli\u0107<\/p>\n<\/div>\n<\/div>\n<\/div>\n<\/div>\n<p>\u201eSve reke I i II reda na teritoriji grada Kraljeva bele\u017ee uve\u0107ani vodostaj i te\u0161ko primaju obilne koli\u010dine voda koje se u njih slivaju iz brojnih manjih reka i potoka na \u010ditavoj teritorij grada, posebno brdsko-planinskim krajevima koji \u010dine ve\u0107i deo povr\u0161ine grada. Najkriti\u010dnija sitauacija je na teritoriji Mlan\u010de, Studenice, U\u0161\u0107a, Kamenice, Jovca, Le\u0161eva, Goda\u010dice, Gledi\u0107a\u2026 Prioritet u na\u0161em delovanju je spasavanje ljudi i ,gde je to mogu\u0107e, njihove imovine. Za sada smo evakuisali \u010detvoro me\u0161tana zaseoka Slatima u mesnoj zajednici Mlan\u010da, a budno pratimo stanje i na dugim kriti\u010dnim, ve\u0107 ugro\u017eenim lokalitetima\u201c, rekao je posle sednice Gradskog \u0161taba za vanredne situacije, komadant \u0161taba dr Predrag Terzi\u0107, gradona\u010delnik Kraljeva.<\/p>\n<p>Trudimo se, u ovoj fazi, da odr\u017eavamo klju\u010dne putne pravca, a kasnije \u0107emo se pozabaviti o\u0161te\u0107enom infrastrukturom u mnogim selima na kraljeva\u010dkoj teritoriji, dodao je Terzi\u0107.<\/p>\n<p>\u201eLjudstvo i mehanizacija kojim raspola\u017eu pojedina javna preduze\u0107a su ve\u0107 na terenu a obzirom da smo proglasili vanrednu situaciju anga\u017eova\u0107emo,po potrebi ma\u0161ine i mehanizaciju drugih privrednih subjekata koji takvom opremom raspola\u017eu. Ve\u0107 sada,na osnovu kazivanja lokalnog stanovni\u0161tva, znamo da \u0107e \u0161teta biti velikih razmera jer,ka\u017eu me\u0161tani u pojedinim krajevima,ovako obilne padavine ne pamte du\u017ee od \u010detri decenije\u201c, ka\u017ee Terzi\u0107.<\/p>\n<p>Reka Studenica koja se u mestu U\u0161\u0107e uliva u Ibar potopila je staru pijacu, deo keja i \u010desmu Odmenjske vode.<\/p>\n<p>I selo Cerje je, zbog odrona, maltene odse\u010deno, do njega se ne mo\u017ee ni pe\u0161ice, a u Donjem Cerju Ibar se izlio pored \u017eelezni\u010dke stanice i formirao jezero pored pruge.<\/p>\n<p>Sli\u010dna situacija je i na drugom kraju grada gde je u selima na obroncima Gledi\u0107kih planina o\u0161te\u0107ena putna infrastruktura pa se do pojedinih zaseoka ne mo\u017ee do\u0107i.<\/p>\n<p>Nabujali Ibar je, u centru Kraljeva, pokidao splavove i njihove pontonske ba\u0161te, a snimci sa dru\u0161tvenih mre\u017ea na kojima su zabele\u017eeni trenuci kada ovi objekti zavr\u0161avaju pod naletima bujice udaranjem u most na Ibru, koji je udaljen oko pola kilometra, privukli su nekoliko stotina znati\u017eeljnika na Gradski kej gde znati\u017eeljno posmatraju borbu vlasnika ovih ugostiteljskih objekata da, pred bujicom spasu \u0161ta se jo\u0161 mo\u017ee spasiti.<\/p>\n<p>Splav \u201eMre\u017ea\u201c je otkinut i uni\u0161ten udarcem u most a tako je nestala i ba\u0161ta slava \u201eAkov\u201c i brod-ba\u0161ta splava \u201eKraljica Ibra\u201c.<\/p>\n<h3>Ibar odneo most u Magli\u010du<\/h3>\n<p>Nabujali Ibar odneo je danas ve\u0107 o\u0161te\u0107eni i godinu dana zatvoreni vise\u0107i most koji je decenijama unazad bio jedina veza za retke znati\u017eeljnike koji su hteli da se popnu do srednjovekovne tvr\u0111ave \u201eMagli\u010d\u201c.<\/p>\n<div data-carousel-extra=\"{&quot;blog_id&quot;:1,&quot;permalink&quot;:&quot;https:\\\/\\\/www.danas.rs\\\/vesti\\\/drustvo\\\/zbog-poplava-vanredno-stanje-u-ivanjici-u-14-opstina-vanredna-situacija\\\/&quot;}\" class=\"tiled-gallery type-rectangular\" data-original-width=\"500\">\n<div class=\"gallery-row\" style=\"width: 495px; height: 137px;\">\n<div class=\"gallery-group images-1\" style=\"width: 248px; height: 141px;\">\n<div class=\"tiled-gallery-item tiled-gallery-item-small\"><a href=\"https:\/\/www.danas.rs\/vesti\/drustvo\/zbog-poplava-vanredno-stanje-u-ivanjici-u-14-opstina-vanredna-situacija\/attachment\/4-35\/\" data-wpel-link=\"internal\" target=\"_blank\" rel=\"noopener\"><img loading=\"lazy\" decoding=\"async\" data-attachment-id=\"1135825\" data-orig-file=\"https:\/\/www.danas.rs\/wp-content\/uploads\/2020\/06\/4-e1592919116843.jpg\" data-orig-size=\"1024,576\" data-comments-opened=\"1\" data-image-meta=\"{&quot;aperture&quot;:&quot;0&quot;,&quot;credit&quot;:&quot;&quot;,&quot;camera&quot;:&quot;&quot;,&quot;caption&quot;:&quot;&quot;,&quot;created_timestamp&quot;:&quot;0&quot;,&quot;copyright&quot;:&quot;&quot;,&quot;focal_length&quot;:&quot;0&quot;,&quot;iso&quot;:&quot;0&quot;,&quot;shutter_speed&quot;:&quot;0&quot;,&quot;title&quot;:&quot;&quot;,&quot;orientation&quot;:&quot;0&quot;}\" data-image-title=\"Most u Magli\u010du, Ibar, Magli\u010d\" data-image-description=\"\" data-medium-file=\"https:\/\/www.danas.rs\/wp-content\/uploads\/2020\/06\/4-e1592919116843-300x169.jpg\" data-large-file=\"https:\/\/www.danas.rs\/wp-content\/uploads\/2020\/06\/4-e1592919116843.jpg\" src=\"https:\/\/www.danas.rs\/wp-content\/uploads\/2020\/06\/4-e1592919116843-244x137.jpg\" width=\"244\" height=\"137\" align=\"left\" title=\"Most u Magli\u010du, Ibar, Magli\u010d\" alt=\"Zbog poplava vanredno stanje u Ivanjici, u 14 op\u0161tina vanredna situacija (FOTO, VIDEO) 19\"\/><\/a><\/p>\n<p>Foto: Z. Nikoli\u0107<\/p>\n<\/div>\n<\/div>\n<div class=\"gallery-group images-1\" style=\"width: 247px; height: 141px;\">\n<div class=\"tiled-gallery-item tiled-gallery-item-small\"><a href=\"https:\/\/www.danas.rs\/vesti\/drustvo\/zbog-poplava-vanredno-stanje-u-ivanjici-u-14-opstina-vanredna-situacija\/attachment\/3-50\/\" data-wpel-link=\"internal\" target=\"_blank\" rel=\"noopener\"><img loading=\"lazy\" decoding=\"async\" data-attachment-id=\"1135826\" data-orig-file=\"https:\/\/www.danas.rs\/wp-content\/uploads\/2020\/06\/3-e1592919103275.jpg\" data-orig-size=\"1024,576\" data-comments-opened=\"1\" data-image-meta=\"{&quot;aperture&quot;:&quot;0&quot;,&quot;credit&quot;:&quot;&quot;,&quot;camera&quot;:&quot;&quot;,&quot;caption&quot;:&quot;&quot;,&quot;created_timestamp&quot;:&quot;0&quot;,&quot;copyright&quot;:&quot;&quot;,&quot;focal_length&quot;:&quot;0&quot;,&quot;iso&quot;:&quot;0&quot;,&quot;shutter_speed&quot;:&quot;0&quot;,&quot;title&quot;:&quot;&quot;,&quot;orientation&quot;:&quot;0&quot;}\" data-image-title=\"Most u Magli\u010du, Ibar, Magli\u010d\" data-image-description=\"\" data-medium-file=\"https:\/\/www.danas.rs\/wp-content\/uploads\/2020\/06\/3-e1592919103275-300x169.jpg\" data-large-file=\"https:\/\/www.danas.rs\/wp-content\/uploads\/2020\/06\/3-e1592919103275.jpg\" src=\"https:\/\/www.danas.rs\/wp-content\/uploads\/2020\/06\/3-e1592919103275-243x137.jpg\" width=\"243\" height=\"137\" align=\"left\" title=\"Most u Magli\u010du, Ibar, Magli\u010d\" alt=\"Zbog poplava vanredno stanje u Ivanjici, u 14 op\u0161tina vanredna situacija (FOTO, VIDEO) 20\"\/><\/a><\/p>\n<p>Foto: Z. Nikoli\u0107<\/p>\n<\/div>\n<\/div>\n<\/div>\n<div class=\"gallery-row\" style=\"width: 495px; height: 137px;\">\n<div class=\"gallery-group images-1\" style=\"width: 248px; height: 141px;\">\n<div class=\"tiled-gallery-item tiled-gallery-item-small\"><a href=\"https:\/\/www.danas.rs\/vesti\/drustvo\/zbog-poplava-vanredno-stanje-u-ivanjici-u-14-opstina-vanredna-situacija\/attachment\/1-97\/\" data-wpel-link=\"internal\" target=\"_blank\" rel=\"noopener\"><img loading=\"lazy\" decoding=\"async\" data-attachment-id=\"1135827\" data-orig-file=\"https:\/\/www.danas.rs\/wp-content\/uploads\/2020\/06\/1-1-e1592919091593.jpg\" data-orig-size=\"1024,576\" data-comments-opened=\"1\" data-image-meta=\"{&quot;aperture&quot;:&quot;0&quot;,&quot;credit&quot;:&quot;&quot;,&quot;camera&quot;:&quot;&quot;,&quot;caption&quot;:&quot;&quot;,&quot;created_timestamp&quot;:&quot;0&quot;,&quot;copyright&quot;:&quot;&quot;,&quot;focal_length&quot;:&quot;0&quot;,&quot;iso&quot;:&quot;0&quot;,&quot;shutter_speed&quot;:&quot;0&quot;,&quot;title&quot;:&quot;&quot;,&quot;orientation&quot;:&quot;0&quot;}\" data-image-title=\"Most u Magli\u010du, Ibar, Magli\u010d\" data-image-description=\"\" data-medium-file=\"https:\/\/www.danas.rs\/wp-content\/uploads\/2020\/06\/1-1-e1592919091593-300x169.jpg\" data-large-file=\"https:\/\/www.danas.rs\/wp-content\/uploads\/2020\/06\/1-1-e1592919091593.jpg\" src=\"https:\/\/www.danas.rs\/wp-content\/uploads\/2020\/06\/1-1-e1592919091593-244x137.jpg\" width=\"244\" height=\"137\" align=\"left\" title=\"Most u Magli\u010du, Ibar, Magli\u010d\" alt=\"Zbog poplava vanredno stanje u Ivanjici, u 14 op\u0161tina vanredna situacija (FOTO, VIDEO) 21\"\/><\/a><\/p>\n<p>Foto: Z. Nikoli\u0107<\/p>\n<\/div>\n<\/div>\n<div class=\"gallery-group images-1\" style=\"width: 247px; height: 141px;\">\n<div class=\"tiled-gallery-item tiled-gallery-item-small\"><a href=\"https:\/\/www.danas.rs\/vesti\/drustvo\/zbog-poplava-vanredno-stanje-u-ivanjici-u-14-opstina-vanredna-situacija\/attachment\/2-79\/\" data-wpel-link=\"internal\" target=\"_blank\" rel=\"noopener\"><img loading=\"lazy\" decoding=\"async\" data-attachment-id=\"1135828\" data-orig-file=\"https:\/\/www.danas.rs\/wp-content\/uploads\/2020\/06\/2-1-e1592919076534.jpg\" data-orig-size=\"1024,576\" data-comments-opened=\"1\" data-image-meta=\"{&quot;aperture&quot;:&quot;0&quot;,&quot;credit&quot;:&quot;&quot;,&quot;camera&quot;:&quot;&quot;,&quot;caption&quot;:&quot;&quot;,&quot;created_timestamp&quot;:&quot;0&quot;,&quot;copyright&quot;:&quot;&quot;,&quot;focal_length&quot;:&quot;0&quot;,&quot;iso&quot;:&quot;0&quot;,&quot;shutter_speed&quot;:&quot;0&quot;,&quot;title&quot;:&quot;&quot;,&quot;orientation&quot;:&quot;0&quot;}\" data-image-title=\"Most u Magli\u010du, Ibar, Magli\u010d\" data-image-description=\"\" data-medium-file=\"https:\/\/www.danas.rs\/wp-content\/uploads\/2020\/06\/2-1-e1592919076534-300x169.jpg\" data-large-file=\"https:\/\/www.danas.rs\/wp-content\/uploads\/2020\/06\/2-1-e1592919076534.jpg\" src=\"https:\/\/www.danas.rs\/wp-content\/uploads\/2020\/06\/2-1-e1592919076534-243x137.jpg\" width=\"243\" height=\"137\" align=\"left\" title=\"Most u Magli\u010du, Ibar, Magli\u010d\" alt=\"Zbog poplava vanredno stanje u Ivanjici, u 14 op\u0161tina vanredna situacija (FOTO, VIDEO) 22\"\/><\/a><\/p>\n<p>Foto: Z. Nikoli\u0107<\/p>\n<\/div>\n<\/div>\n<\/div>\n<\/div>\n<p>Tvr\u0111ava \u201eMagli\u010d\u201c, sagra\u0111ena jo\u0161 u XIII veku sa namenom za\u0161tite manastira \u017di\u010de i Studenice, bila je sedi\u0161te srpskog arhiepiskopa Danila II.<\/p>\n<p>Sme\u0161tena je na brdu koje dominira dolinom nazivanom i \u201eDolinom jorgovana\u201c kojih je tu bilo u velikom broju, a koje je, prema predanju, zasadio kralj Uro\u0161, sin Stefana Prvoven\u010danog, kako bi do\u010dekao svoju budu\u0107u suprugu, Francuskinju Jelenu An\u017eujsku.<\/p>\n<p>Most koga vi\u0161e nema zatvorila je, posle pro\u0161logodi\u0161njih junskih poplava, nadle\u017ena inspekcija, a nadle\u017eni u gradu Kraljevu su tada pri\u010dali kako, navodno, postoje dva projekta i kako im je \u201esugerisano\u201c da se opredeljuju za jeftiniju varijantu mosta koja podrzumeva samo prelazak pe\u0161aka.<\/p>\n<p>U takvom stanju, dok je trajalo preganjanje nadle\u017enih, most je do\u010dekao svoju dana\u0161nju sudbinu.<\/p>\n<p>Buji\u010dni Ibar je \u201epresudio\u201c, a nama ostaje da se nadamo da \u0107e oni koji su se \u201esporili\u201c o tome kakav most treba da vodi ka jednoj, bez sumnje, izuzetnoj turisti\u010dkoj destinaciji i svojevrsnoj graditeljskoj atrakciji, sada u iznudici, br\u017ee reagovati.<\/p>\n<p>Do tada, do novog mosta, hiljade putnika namernika i turista koji su s namerom krenuli u obilazak znamenitosti srednjovekovne \u201eDoline kraljeva\u201c mo\u0107i \u0107e samo sa druge strane Ibra da se dive najo\u010duvanijoj srednjovekovnoj tvr\u0111avi u Srbiji.<\/p>\n<h3>Vesi\u0107: Obrenovac bezbedan zahvaljuju\u0107i dobro ura\u0111enom poslu nakon poplava 2014. godine<\/h3>\n<p>Zamenik gradona\u010delnika i zamenik komandanta Gradskog \u0161taba za vanredne situacije Goran Vesi\u0107 obi\u0161ao je danas jedan od nasipa u Obrenovcu na lokaciji Belo polje na reci Kolubari i tom prilikom istakao da su preduzete sve mere na za\u0161titi od mogu\u0107ih poplava.<\/p>\n<p>Nasip, koji se nalazi na ukr\u0161tanju reke Kolubare sa Auto-putem \u201eMilo\u0161 Veliki\u201d, obi\u0161li su pomo\u0107nik gradona\u010delnika Andreja Mladenovi\u0107, dr\u017eavna sekretarka Ministarstva unutra\u0161njih poslova Biljana Popovi\u0107 Ivkovi\u0107, gradski sekretar za poslove odbrane, vanrednih situacija, komunikacije i koordinaciju odnosa sa gra\u0111anima Darko Glava\u0161, na\u010delnik Uprave za vanredne situacije u Beogradu Rade Milo\u0161evi\u0107, izvr\u0161ni direktor JVP \u201eBeogradvode\u201d Vladimir Batalovi\u0107 i predsednik op\u0161tine Obrenovac Miroslav \u010cu\u010dkovi\u0107.<\/p>\n<p>Vesi\u0107 je istakao da je, nakon poplava 2014. godine, Vlada Republike Srbije u Obrenovcu uradila veliki posao, kao i da zahvaljuju\u0107i tome danas u toj op\u0161tini nije uvedena ni redovna odbrana od poplava.<\/p>\n<figure id=\"attachment_1135894\" aria-describedby=\"caption-attachment-1135894\" style=\"width: 1000px\" class=\"wp-caption aligncenter\"><img loading=\"lazy\" decoding=\"async\" class=\"size-full wp-image-1135894\" src=\"https:\/\/www.danas.rs\/wp-content\/uploads\/2020\/06\/Obrenovac-1-e1592922746619.jpg\" alt=\"Zbog poplava vanredno stanje u Ivanjici, u 14 op\u0161tina vanredna situacija (FOTO, VIDEO) 23\" width=\"1000\" height=\"562\" title=\"Zbog poplava vanredno stanje u Ivanjici, u 14 op\u0161tina vanredna situacija (FOTO, VIDEO) 2\" srcset=\"https:\/\/www.danas.rs\/wp-content\/uploads\/2020\/06\/Obrenovac-1-e1592922746619.jpg 1000w, https:\/\/www.danas.rs\/wp-content\/uploads\/2020\/06\/Obrenovac-1-e1592922746619-300x169.jpg 300w, https:\/\/www.danas.rs\/wp-content\/uploads\/2020\/06\/Obrenovac-1-e1592922746619-768x432.jpg 768w\" sizes=\"auto, (max-width: 1000px) 100vw, 1000px\"\/><figcaption id=\"caption-attachment-1135894\" class=\"wp-caption-text\">Foto: Beoinfo<\/figcaption><\/figure>\n<p>\u2013 Trstenica, Tamnava i Kolubara su potpuno pro\u010di\u0161\u0107ene, a uz podr\u0161ku Evropske unije o\u010distili smo oko 67 kilometara kanalske mre\u017ee, korita reka, kao i sve prostore do redovne odbrane od poplava. Rekonstruisali smo sve crpne stanice i potpuno je rekonstruisano sedam mesta na kojima su bili probijeni nasipi 2014. godine. Pokazalo se koliko je dobro kada se uradi preventiva i koliko to zna\u010di za spasavanje ljudskih \u017eivota i imovine \u2013 istakao je Vesi\u0107.<\/p>\n<p>Prema njegovim re\u010dima, danas su Sava i Dunav na metar i po do redovne odbrane od poplava.<\/p>\n<p>\u2013 Nemamo ni jedan problem na teritoriji Obrenovca, a \u010dak ni tamo gde se voda uvek izliva, u Poljanama i Konaticama, to se nije dogodilo. Danas se na teritoriji Obrenovca pokazalo \u0161ta zna\u010di kada dr\u017eava stane iza lokalne samouprave, kada dr\u017eava uradi posao, jer da nije Vlade Republike Srbije mi ovaj posao sami ne bismo mogli da uradimo \u2013 naveo je Vesi\u0107.<\/p>\n<p>\u0160to se situacije u Obrenovcu ti\u010de, dodao je Vesi\u0107, o\u010dekujemo da pro\u0111e talas, jer padavine prestaju, a za 24 sata palo je 40 litara vode u centru grada i oko 70 litara vode u prigradskim naseljima, dok je u Valjevu palo oko 80 litara.<\/p>\n<p>\u2013 U kontaktu smo sa ljudima koji vode op\u0161tine u celom slivu Kolubare. Na\u0161 posao je da vodimo ra\u010duna o svemu ovome i da budemo tamo gde je to neophodno. Obrenovac je ovaj put potpuno za\u0161ti\u0107en, nivo vode je manji u odnosu na onaj iz 2014. godine, ali ljudi, naro\u010dito iz Obrenovca, znaju gde se sve izlivala voda i gde su bili problemi, a danas te probleme nemamo \u2013 pojasnio je Vesi\u0107.<\/p>\n<p>Bi\u0107emo budni sve dok ova situacija ne pro\u0111e, naveo je on i dodao da ne\u0107e biti progla\u0161ena ni redovna ni vanredna odbrana od poplava, jer za tim nema potrebe.<\/p>\n<p>Biljana Popovi\u0107 Ivkovi\u0107 je istakla kako se, kada padne ovako velika koli\u010dina ki\u0161e, do 70 litara po metru kvadratnom, pojave strahovi da \u0107e se ponoviti poplave iz 2014. godine.<\/p>\n<p>\u2013 Dr\u017eava je pokazala odgovornost, veliki rad i trud su ulo\u017eeni prethodnih godina, te za rezultat imamo da Obrenov\u010dani danas nemaju potrebu za bilo kakvim strahovima. U ime MUP-a zahvaljujem Gradu Beogradu i lokalnoj samoupravi za ono \u0161to su uradili za gra\u0111ane Obrenovaca, koji mogu mirno da spavaju. Pripadnici policije su tu da pomognu svojim sugra\u0111anima ukoliko za tim bude bilo potrebe, \u0161to po svemu sude\u0107i ne\u0107e biti slu\u010daj \u2013 navela je ona.<\/p>\n<p>Miroslav \u010cu\u010dkovi\u0107 je rekao da su klimatske promene bile najve\u0107a opasnost koja se pominjala 2014. godine.<\/p>\n<p>\u2013 No\u0107as smo bili na vezi sa kolegama iz \u0161tabova u Koceljevi, Ubu i Valjevu i sve ono \u0161to se de\u0161avalo kod njih govori da koli\u010dina vode koja dolazi iz tih rejona ne mo\u017ee da ugrozi Obrenovac. Moramo \u010distiti vodotokove, obezbediti proto\u010dnost i nastaviti sa vr\u0161enjem redovnog odr\u017eavanja. Samo iz u\u0161\u0107a Kolubare u Savu smo izneli 85 hiljada kubika segmenta koji se tu talo\u017eio decenijama \u2013 rekao je \u010cu\u010dkovi\u0107 i zahvalio Gradu Beogradu i svima koji su doprineli u odre\u0111ivanju prevetivnih mera ukoliko padavine ne budu stale.<\/p>\n<p>Prema njegovim re\u010dima, u toku cele no\u0107i 75 pripadnika civilne za\u0161tite bilo je na terenu, kontrolisali su vodotokove reka Trstenice, Tamnave i Kolubare ka Obrenovcu.<\/p>\n<h3>\u017dagubica: Poplavljena \u010duvena turisti\u010dka destinacija \u2013 Krupajsko vrelo<\/h3>\n<p>Jedna od najlep\u0161ih turisti\u010dkih destinacija u op\u0161tini \u017dagubica \u2013 \u201eKrupajsko vrelo\u201c, poplavljeno je danas nakon obilnih ki\u0161a koje su zadesile to podru\u010dje u kome je, zbog poplava u obli\u017enjem selu Krepoljin, lokalna samouprava uvela vanredno stanje.<\/p>\n<p>Voda koja se izlila iz Krupajske reke, a koja se puni slivovima sa planine Beljanice, poplavila je dvori\u0161te i terasu sme\u0161taja \u201eKrupajsko vrelo\u201c porodice Petrovi\u0107, a poplavni talas stigao je do samog ulaska u objekat.<\/p>\n<p>Zbog toga su pripadnici Sektora za vanredne situacije, ali i doma\u0107ini, postavili za\u0161titne d\u017eakove kako voda ne bi prodrla u motel.<\/p>\n<p>Voda je pretila da ugrozi i porodi\u010dno uzgajali\u0161te pastrmki, ali sre\u0107om nije na\u010dinjena ve\u0107a \u0161teta.<\/p>\n<p>Vlasnik Krupajskog vrela Ljubi\u0161a Petrovi\u0107, ka\u017ee da se nada da \u0107e uspeti da sanira posledice poplave kako bi spreman do\u010dekao turiste.<\/p>\n<p>Predsednik op\u0161tine \u017dagubica Safet Pavlovi\u0107, rekao je Beti da je mehanizacija bila nemo\u0107na u ovom slu\u010daju, i da se ovoliki vodostaj Krupajske reke ne pamti.<\/p>\n<blockquote>\n<p class=\"title\"><strong>Na jugu Srbije minimalan porast vodostaja ve\u0107ih reka<\/strong><\/p>\n<p>Vodostaj velikih reka na podru\u010dju juga Srbije ne dosti\u017ee nivo redovnih odbrana od poplava i problem eventualno, u zavisnosti od padavina, mogu da naprave mali buji\u010dni potoci i reke, re\u010deno je u Javnom vodoprivrednom preduze\u0107u \u201eSrbijavode\u201c.<\/p>\n<p>Prema informacijama koje je agencija Beta dobila iz \u201eSrbijavoda\u201c, na jugu Srbije postoji <a href=\"https:\/\/www.danas.rs\/drustvo\/na-jugu-srbije-minimalan-porast-vodostaja-vecih-reka\/\" target=\"_blank\" rel=\"noopener noreferrer\" data-wpel-link=\"internal\">minimalni porast vodostaja koji je za ovo doba godine o\u010dekivan<\/a>.<\/p>\n<p>\u201eU tom delu zemlje ne o\u010dekujemo zna\u010dajniji porast nivoa reka. Prema prognozama Republi\u010dkog hidrometerolo\u0161kog zavoda (RHMZ) front padavina preme\u0161ta se ka jugozapadu zemlje\u201c, kazali su u \u201eSrbijavodama\u201c.<\/p>\n<p>Prema re\u010dima nadle\u017enih, danas se o\u010dekuje porast vodostaja Ibra, zbog \u010dega je od jutros progla\u0161ena vanredna odbrana od poplava i na podru\u010dju te reke, od Novog Pazara do Kraljeva.<\/p>\n<p>U \u201eSrbijavodama\u201c su kazali da je za samo tri sata ju\u010de u Loznici palo 50 litara ki\u0161e, a za poslednje dve nedelje 150 litara, \u0161to je ogromna koli\u010dina padavina koju korita reka u tom delu zemlje nisu mogla da prihvate zbog \u010dega je do\u0161lo do izlivanja i poplava.<\/p>\n<p><strong>Rastu Vrbas, Sava i Drina<\/strong><\/p>\n<p>Vodostaj Vrbasa u Banjaluci raste, jer je HE Bo\u010dac kontrolisano ispustila vodu iz akumulacije, a na ostalim glavnim vodotocima, kao \u0161to su Una, Ukrina, Bosna, Drina, Sava, nisu zabele\u017eeni vodostaji koji su blizu progla\u0161enja redovne odbrane od poplava, saop\u0161teno je za RTRS iz preduze\u0107a Vode Srpske.<\/p>\n<p>\u0160ef odseka Civilne za\u0161tite Republike Srpske Mladen \u0106u\u0107un rekao je za RTRS da gra\u0111ani Banjaluke koji \u017eive uz sliv reke Vrbas nemaju razloga za zabrinutost jer je vodostaj jutros ispod dva metra, a vodostaj Vrbanje ispod 1,8 metara.<\/p>\n<p>Vodostaji manjih reka u Semberiji \u2013 Janja, Gnjica i Lukavac su u stagnaciji i opadanju, a u porastu su vodostaji velikih reka Save i Drine koji su bili izuzetno niski, saop\u0161teno je iz gradskog Odeljenja za bora\u010dko-invalidsku i civilnu za\u0161titu.<\/p>\n<p>Ki\u0161a koja ve\u0107 40 \u010dasova neprekidno pada na podru\u010dju Srebrenice izazvala je pojavu bujica i porast vodotokova, a Zeleni Jadar poplavio je nekoliko desetina hektara poljoprivrednih povr\u0161ina, farmu za tov pili\u0107a, kao i nekoliko \u0161tala i pomo\u0107nih objekata.<\/p>\n<p class=\"icons\"><strong>Zbog poplava te\u0161ka situacija u Tuzlanskom i Zeni\u010dko-dobojskom kantonu<\/strong><\/p>\n<p>Situacija u poplavljenim podru\u010djima Tuzlanskog kantona i dalje je te\u0161ka, izjavio je danas direktor Kantonalne uprave civilne za\u0161tite Zoran Jovanovi\u0107.<\/p>\n<p>Jovanovi\u0107 je za regionalnu N1 televiziju izjavio da se nivo reka ne smanjuje i dodao da je sino\u0107 reka Gostelja odnela monta\u017enu ku\u0107icu na podru\u010dju \u0110ur\u0111evika u op\u0161tini \u017divinice.<\/p>\n<p>\u201eKi\u0161a je padala celu no\u0107, a sada bismo trebali doneti odluku o progla\u0161enju stanja prirodne nesre\u0107e u \u010ditavom Tuzlanskom kantonu\u201c, naglasio je on.<\/p>\n<p>Stanje prirodne nesre\u0107e ve\u0107 je doneto u nekim op\u0161tinama Tuzlanskog kantona.<\/p>\n<p>Saobra\u0107aj je danas zbog velikog odrona potpuno blokiran na magistralnom putu Kladanj \u2013 \u017divinice.<\/p>\n<p>U poslednja 24 \u010dasa pogor\u0161ana je situacija i na podru\u010dju Zeni\u010dko-dobojskog kantona, gde je poplavljeno nekoliko ku\u0107a.<\/p>\n<figure id=\"attachment_1135947\" aria-describedby=\"caption-attachment-1135947\" style=\"width: 225px\" class=\"wp-caption alignright\"><img loading=\"lazy\" decoding=\"async\" class=\"size-medium wp-image-1135947\" src=\"https:\/\/www.danas.rs\/wp-content\/uploads\/2020\/06\/bujicne-vode-ju-naselju-radin-do-u-pirotu-225x300.jpg\" alt=\"Zbog poplava vanredno stanje u Ivanjici, u 14 op\u0161tina vanredna situacija (FOTO, VIDEO) 24\" width=\"225\" height=\"300\" title=\"Zbog poplava vanredno stanje u Ivanjici, u 14 op\u0161tina vanredna situacija (FOTO, VIDEO) 3\" srcset=\"https:\/\/www.danas.rs\/wp-content\/uploads\/2020\/06\/bujicne-vode-ju-naselju-radin-do-u-pirotu-225x300.jpg 225w, https:\/\/www.danas.rs\/wp-content\/uploads\/2020\/06\/bujicne-vode-ju-naselju-radin-do-u-pirotu-768x1024.jpg 768w, https:\/\/www.danas.rs\/wp-content\/uploads\/2020\/06\/bujicne-vode-ju-naselju-radin-do-u-pirotu-1152x1536.jpg 1152w, https:\/\/www.danas.rs\/wp-content\/uploads\/2020\/06\/bujicne-vode-ju-naselju-radin-do-u-pirotu.jpg 1200w\" sizes=\"auto, (max-width: 225px) 100vw, 225px\"\/><figcaption id=\"caption-attachment-1135947\" class=\"wp-caption-text\">Foto: Gradski \u0161tab za vanredne sitacije<\/figcaption><\/figure>\n<\/blockquote>\n<p><strong>Buji\u010dne vode iz sela Ni\u0161or sru\u010dile se u naselje Radin\u00a0 do<\/strong><\/p>\n<p>Zbog ki\u0161e koja je padala \u010ditav dan na podru\u010dju Pirota, buji\u010dne vode\u00a0 iz pravca sela Ni\u0161or, udaljenog od grada \u0161est kilometara, sru\u010dile su se na pirotsko naselje Radin do koje je od sela udaljeno oko 5 kilometara.<\/p>\n<p>Koordinator Gradskog \u0161taba za vanredne situacije u Pirotu Sreten Savov rekao je za Danas\u00a0 da je nado\u0161la buji\u010dna voda prodrla u\u00a0 podrume nekoliko doma\u0107instava u naselju Radin do.<\/p>\n<p>\u201c Brzom intervencijom mehanizacije Javnog predze\u0107a Komunalac voda je usmerena u kanal koji je o\u010di\u0161\u0107cen I sada voda te\u010de nesmetano\u201d, rekao je Savov, dodaju\u0107i da ve\u0107ih \u0161teta nema i da su ekipe \u0160taba stalno na terenu.<\/p>\n<h3>Op\u0161tina Trstenik proglasila je vanrednu situaciju na teritoriji cele op\u0161tine.<\/h3>\n<p>Iz \u0160taba za vanredne situacije Op\u0161tine Trstenik za Centar Press ka\u017eu da se u ovom trenutku radi na odbrani izvori\u0161ta koje je tokom poplava 2014. godine pretrpelo ogromne \u0161tete. Nakon poplava trsteni\u010dko izvori\u0161te je sredstvima EU obnovljeno, prenosi Centarpress.rs.<\/p>\n<p>Ugro\u017eavanje izvori\u0161ta zna\u010dilo bi ugro\u017eavanje vodosnabdevanja za ceo grad.<\/p>\n<p>\u201eNala\u017ee se slu\u017ebama lokalne samouprave, javnim i drugim preduze\u0107ima, subjektima od posebnog zna\u010daja za za\u0161titu i spasavanje i drugim institucijama, da u skladu sa svojim obavezama i mogu\u0107nostima preduzmu neophodne mere na spasavanju ljudi i materijalnih dobara, kao i saniranju posledica posledica poplava i uspostave uslovi za normalno funkcionisanje i komunikaciju u naseljenim mestima.<\/p>\n<p>https:\/\/www.facebook.com\/CentarPressRS\/videos\/1493184357535204\/<\/p>\n<p>\u00a0<\/p>\n<p>\u0160tab za vanredne situacije \u0107e anga\u017eovati svu neophodnu mehanizaciju radi spasavanja ljudi i materijalnih dobara, spre\u010davanja \u0161tete od poplava i otklanjanja posledica poplava na celoj teritoriji op\u0161tine Trstenik\u201c, navodi se u saop\u0161tenju \u0160taba.<\/p>\n<p>Da podsetimo, tokom no\u0107i izme\u0111u 15. i 16. juna delovi Trstenika ve\u0107 su bili pod vodom usled obilnih padavina. Najve\u0107e \u0161tete pretrpelo je naselje Trstenik 2 gde stanovni\u0161tvo jo\u0161 uvek sanira posledice na stambenim objektima.<\/p>\n<div class=\"post-disclaimer\">\n<p><strong><em>Pratite nas na na\u0161oj <a href=\"https:\/\/www.facebook.com\/www.danas.rs\" target=\"_blank\" rel=\"noopener external noreferrer\" data-wpel-link=\"external\">Facebook<\/a> i <a href=\"https:\/\/www.instagram.com\/danas.rs\/?hl=en\" target=\"_blank\" rel=\"noopener external noreferrer\" data-wpel-link=\"external\">Instagram<\/a> stranici, ali i na <a href=\"https:\/\/twitter.com\/OnlineDanas\" target=\"_blank\" rel=\"noopener external noreferrer\" data-wpel-link=\"external\">Twitter<\/a> nalogu. Pretplatite se na <a href=\"https:\/\/klub.danas.rs\/\" target=\"_blank\" rel=\"noopener external noreferrer\" data-wpel-link=\"external\">PDF izdanje lista Danas<\/a>.<\/em><\/strong><\/p>\n<\/div>\n<\/div>\n<p><script async src=\"\/\/platform.twitter.com\/widgets.js\" charset=\"utf-8\"><\/script><script async defer src=\"https:\/\/platform.instagram.com\/en_US\/embeds.js\"><\/script><br \/>\n<br \/><a href=\"https:\/\/www.danas.rs\/vesti\/drustvo\/zbog-poplava-vanredno-stanje-u-ivanjici-u-14-opstina-vanredna-situacija\/\" target=\"_blank\" rel=\"noopener\">Source link <\/a><br \/>\n\n Zbog poplava vanredno stanje u Ivanjici, u 14 op\u0161tina vanredna situacija (FOTO, VIDEO) &#8211; Dru\u0161tvo<\/p>\n","protected":false},"excerpt":{"rendered":"<p>Zbog rasta vodostaja i poplava vanredno stanje progla\u0161eno je u Ivanjici, a vanredna situacija je na snazi u jo\u0161 14&hellip;<\/p>\n","protected":false},"author":1,"featured_media":3619,"comment_status":"open","ping_status":"open","sticky":false,"template":"","format":"standard","meta":{"footnotes":""},"categories":[1],"tags":[],"class_list":["post-3617","post","type-post","status-publish","format-standard","has-post-thumbnail","hentry","category-oglasi-ljubovija"],"_links":{"self":[{"href":"https:\/\/oglasi.infooglasi.rs\/oglasi\/oglasiljubovija\/wp-json\/wp\/v2\/posts\/3617","targetHints":{"allow":["GET"]}}],"collection":[{"href":"https:\/\/oglasi.infooglasi.rs\/oglasi\/oglasiljubovija\/wp-json\/wp\/v2\/posts"}],"about":[{"href":"https:\/\/oglasi.infooglasi.rs\/oglasi\/oglasiljubovija\/wp-json\/wp\/v2\/types\/post"}],"author":[{"embeddable":true,"href":"https:\/\/oglasi.infooglasi.rs\/oglasi\/oglasiljubovija\/wp-json\/wp\/v2\/users\/1"}],"replies":[{"embeddable":true,"href":"https:\/\/oglasi.infooglasi.rs\/oglasi\/oglasiljubovija\/wp-json\/wp\/v2\/comments?post=3617"}],"version-history":[{"count":0,"href":"https:\/\/oglasi.infooglasi.rs\/oglasi\/oglasiljubovija\/wp-json\/wp\/v2\/posts\/3617\/revisions"}],"wp:featuredmedia":[{"embeddable":true,"href":"https:\/\/oglasi.infooglasi.rs\/oglasi\/oglasiljubovija\/wp-json\/wp\/v2\/media\/3619"}],"wp:attachment":[{"href":"https:\/\/oglasi.infooglasi.rs\/oglasi\/oglasiljubovija\/wp-json\/wp\/v2\/media?parent=3617"}],"wp:term":[{"taxonomy":"category","embeddable":true,"href":"https:\/\/oglasi.infooglasi.rs\/oglasi\/oglasiljubovija\/wp-json\/wp\/v2\/categories?post=3617"},{"taxonomy":"post_tag","embeddable":true,"href":"https:\/\/oglasi.infooglasi.rs\/oglasi\/oglasiljubovija\/wp-json\/wp\/v2\/tags?post=3617"}],"curies":[{"name":"wp","href":"https:\/\/api.w.org\/{rel}","templated":true}]}}